{"id":227748,"date":"2025-07-05T09:02:13","date_gmt":"2025-07-05T09:02:13","guid":{"rendered":"https:\/\/www.europesays.com\/fr\/227748\/"},"modified":"2025-07-05T09:02:13","modified_gmt":"2025-07-05T09:02:13","slug":"11e-edition-du-cinema-pour-tous-au-parc-de-la-guirlande","status":"publish","type":"post","link":"https:\/\/www.europesays.com\/fr\/227748\/","title":{"rendered":"11e \u00e9dition du \u00ab\u00a0Cin\u00e9ma pour Tous\u00a0\u00bb au parc de la Guirlande"},"content":{"rendered":"<p>\n\t\t\t\t\tLe \u00ab\u202fCin\u00e9ma pour Tous\u202f\u00bb revient du 5 juillet au 13 juillet au parc de la Guirlande \u00e0 Montpellier avec quatre projections gratuites sous les \u00e9toiles.\t\t\t\t<\/p>\n<p>\n\t\t\t\t\t\t\t\t\t\u00a9 Photo illustration. Les soir\u00e9es Cin\u00e9ma pour Tous reviennent..\t\t\t\t\t\t\t\t<\/p>\n<p>Jusqu\u2019au 13 juillet, le parc de la <a href=\"https:\/\/infoccitanie.fr\/tag\/montpellier\/\" rel=\"nofollow noopener\" target=\"_blank\">Guirlande<\/a>, au quartier Figuerolles \u00e0 Montpellier, se transforme en salle de cin\u00e9ma \u00e0 ciel ouvert avec quatre projections gratuites propos\u00e9es par l\u2019association Brand \u00e0 part, en partenariat avec la vile et la M\u00e9tropole. Chaque soir\u00e9e d\u00e9bute \u00e0 22h, pr\u00e9c\u00e9d\u00e9e d\u2019animations pour les jeunes d\u00e8s 19h et d\u2019un espace buvette et restauration d\u00e8s 20h.<\/p>\n<p>Une programmation autour de \u00ab\u00a0L\u2019\u00e9cole des possibles\u00a0\u00bb<\/p>\n<p>Le fil rouge de cette \u00e9dition, \u00ab\u00a0L\u2019\u00e9cole des possibles\u00a0\u00bb, invite \u00e0 d\u00e9couvrir des films qui questionnent l\u2019apprentissage, la transmission et les chemins de vie. La s\u00e9lection m\u00eale films d\u2019animation avec \u00ab\u00a0Panique au village\u00a0\u00bb, documentaires avec \u00ab\u00a0Soul Kids\u00a0\u00bb, et fictions engag\u00e9es avec \u00ab\u00a0Captain Fantastic\u00a0\u00bb, avec une ambition claire : rendre le cin\u00e9ma accessible \u00e0 tous, dans une ambiance conviviale et familiale. Pour en savoir plus <a href=\"https:\/\/agenda.montpellier.fr\/event\/10916\/le-cinma-pour-tous-au-parc-de-#\/search@43.6071510,3.8605993,16.00\" target=\"_blank\" rel=\"nofollow noopener\">cliquez ici.<\/a><\/p>\n<p><a data-no-instant=\"1\" href=\"https:\/\/www.vinci-autoroutes.com\/fr\/actualites\/services-et-aires\/programme-animations-gratuites-sur-aires-2025\/\" rel=\"noopener nofollow\" class=\"a2t-link\" aria-label=\"427-image\" target=\"_blank\"><img decoding=\"async\" loading=\"lazy\" src=\"https:\/\/www.europesays.com\/fr\/wp-content\/uploads\/2025\/07\/427-image.jpeg\" alt=\"\"   width=\"1150\" height=\"300\"\/><\/a>\t\t\t\t<\/p>\n","protected":false},"excerpt":{"rendered":"Le \u00ab\u202fCin\u00e9ma pour Tous\u202f\u00bb revient du 5 juillet au 13 juillet au parc de la Guirlande \u00e0 Montpellier&hellip;\n","protected":false},"author":2,"featured_media":227749,"comment_status":"","ping_status":"","sticky":false,"template":"","format":"standard","meta":{"footnotes":""},"categories":[9599],"tags":[1111,11,650,1777,674,1011,27,2208,12,2680,25],"class_list":{"0":"post-227748","1":"post","2":"type-post","3":"status-publish","4":"format-standard","5":"has-post-thumbnail","7":"category-montpellier","8":"tag-actu","9":"tag-actualites","10":"tag-cinema","11":"tag-eu","12":"tag-europe","13":"tag-fr","14":"tag-france","15":"tag-montpellier","16":"tag-news","17":"tag-occitanie","18":"tag-republique-francaise"},"share_on_mastodon":{"url":"https:\/\/pubeurope.com\/@fr\/114799820469657348","error":""},"_links":{"self":[{"href":"https:\/\/www.europesays.com\/fr\/wp-json\/wp\/v2\/posts\/227748","targetHints":{"allow":["GET"]}}],"collection":[{"href":"https:\/\/www.europesays.com\/fr\/wp-json\/wp\/v2\/posts"}],"about":[{"href":"https:\/\/www.europesays.com\/fr\/wp-json\/wp\/v2\/types\/post"}],"author":[{"embeddable":true,"href":"https:\/\/www.europesays.com\/fr\/wp-json\/wp\/v2\/users\/2"}],"replies":[{"embeddable":true,"href":"https:\/\/www.europesays.com\/fr\/wp-json\/wp\/v2\/comments?post=227748"}],"version-history":[{"count":0,"href":"https:\/\/www.europesays.com\/fr\/wp-json\/wp\/v2\/posts\/227748\/revisions"}],"wp:featuredmedia":[{"embeddable":true,"href":"https:\/\/www.europesays.com\/fr\/wp-json\/wp\/v2\/media\/227749"}],"wp:attachment":[{"href":"https:\/\/www.europesays.com\/fr\/wp-json\/wp\/v2\/media?parent=227748"}],"wp:term":[{"taxonomy":"category","embeddable":true,"href":"https:\/\/www.europesays.com\/fr\/wp-json\/wp\/v2\/categories?post=227748"},{"taxonomy":"post_tag","embeddable":true,"href":"https:\/\/www.europesays.com\/fr\/wp-json\/wp\/v2\/tags?post=227748"}],"curies":[{"name":"wp","href":"https:\/\/api.w.org\/{rel}","templated":true}]}}