{"id":227750,"date":"2025-07-05T09:03:15","date_gmt":"2025-07-05T09:03:15","guid":{"rendered":"https:\/\/www.europesays.com\/fr\/227750\/"},"modified":"2025-07-05T09:03:15","modified_gmt":"2025-07-05T09:03:15","slug":"la-ghilde-des-photographes-expose-au-chu-de-rouen","status":"publish","type":"post","link":"https:\/\/www.europesays.com\/fr\/227750\/","title":{"rendered":"la Ghilde des photographes expose au CHU de Rouen"},"content":{"rendered":"<p>            Par<br \/>\n        <strong><br \/>\n            <a href=\"https:\/\/actu.fr\/auteur\/laredaction\" title=\"Consulter tous les articles de R\u00e9daction Normandie\" target=\"_blank\" rel=\"noopener\">R\u00e9daction Normandie<\/a><br \/>\n        <\/strong><\/p>\n<p>        Publi\u00e9 le<\/p>\n<p>            5 juil. 2025 \u00e0 10h39        <\/p>\n<p>Fond\u00e9e il y a quarante-cinq ans, apr\u00e8s un accord avec <strong>la Ghilde des photographes<\/strong> de la Ville d\u2019Uelzen, en Allemagne, celle d\u2019Europe \u00c9changes \u00e0 Bois-Guillaume pr\u00e8s de <a href=\"https:\/\/actu.fr\/normandie\/rouen_76540\" target=\"_blank\" rel=\"noopener\">Rouen<\/a> compte une vingtaine d\u2019adh\u00e9rents, dont treize photographes.<\/p>\n<p>R\u00e9unions tous les jeudis<\/p>\n<p class=\" wall-content\">\u00ab\u2009Nous nous r\u00e9unissons tous les jeudis matin pour partager nos connaissances et travailler sur les projets que nous menons avec les pays jumel\u00e9s (Angleterre, Allemagne, Espagne, Italie, Pologne et Burkina Faso) et aussi aux demandes des sept communes adh\u00e9rentes (Darn\u00e9tal, Fontaine-le-Bourg, Bois-Guillaume, Bihorel, Isneauville, Ry, Bosc-Gu\u00e9rard-Saint-Adrien). Au total, ce sont pr\u00e8s d\u2019une demi-douzaine d\u2019expositions que nous organisons par an gr\u00e2ce \u00e0 notre grosse banque d\u2019images\u2009\u00bb, d\u00e9taille Brigitte Le Moign, pr\u00e9sidente d\u2019honneur d\u2019Europe \u00c9changes.<\/p>\n<p class=\" wall-content\">Malgr\u00e9 cette anciennet\u00e9 et toutes ces activit\u00e9s, le club continue d\u2019innover\u2009: ainsi, jusqu\u2019\u00e0 la fin 2026, pour faire conna\u00eetre la Ghilde des photographes, <strong>une dizaine de clich\u00e9s seront expos\u00e9s<\/strong> dans le nouveau service de pneumologie de l\u2019h\u00f4pital de jour au CHU de Rouen. \u00ab\u2009Cette op\u00e9ration caritative a \u00e9t\u00e9 mont\u00e9e en collaboration avec le personnel de sant\u00e9 qui a choisi <strong>le th\u00e8me sur les paysages normands.<\/strong> C\u2019est interne au service, donc pas en acc\u00e8s au grand public. On peut dire que la Ghilde participe \u00e0 la d\u00e9coration du <a href=\"https:\/\/actu.fr\/tag\/chu-rouen\" target=\"_blank\" rel=\"noopener\">CHU de Rouen<\/a>, afin d\u2019apporter du confort aux patients, aux familles et au personnel de sant\u00e9\u2009\u00bb, souligne Jean-Pierre Le Moign, responsable de la commission.<\/p>\n<p>Suivez l\u2019actualit\u00e9 de Rouen sur notre <a href=\"https:\/\/www.whatsapp.com\/channel\/0029VaKfnf99hXF2ddApFB1D\" target=\"_blank\" rel=\"noopener\">cha\u00eene WhatsApp<\/a> et sur notre <a href=\"https:\/\/www.tiktok.com\/@76actu.fr?lang=fr\" target=\"_blank\" rel=\"noopener\">compte TikTok<\/a><\/p>\n<p class=\" wall-content\">Suivez toute l\u2019actualit\u00e9 de vos villes et m\u00e9dias favoris en vous inscrivant \u00e0 <a href=\"https:\/\/moncompte.actu.fr\" title=\"D\u00e9couvez Mon Actu\" rel=\"nofollow noopener\" data-trk=\"{&quot;cta&quot;:{&quot;action&quot;:&quot;https:\\\/\\\/moncompte.actu.fr&quot;,&quot;category&quot;:&quot;mon compte&quot;,&quot;from&quot;:&quot;article footer&quot;,&quot;name&quot;:&quot;Mon actu&quot;,&quot;type&quot;:&quot;cta&quot;}}\" target=\"_blank\">Mon Actu<\/a>.<\/p>\n<p>                    <script async src=\"\/\/www.tiktok.com\/embed.js\"><\/script><\/p>\n","protected":false},"excerpt":{"rendered":"Par R\u00e9daction Normandie Publi\u00e9 le 5 juil. 2025 \u00e0 10h39 Fond\u00e9e il y a quarante-cinq ans, apr\u00e8s un&hellip;\n","protected":false},"author":2,"featured_media":227751,"comment_status":"","ping_status":"","sticky":false,"template":"","format":"standard","meta":{"footnotes":""},"categories":[9587],"tags":[1111,11,9682,1777,674,1011,27,1652,12,5161,1756,25,9590],"class_list":{"0":"post-227750","1":"post","2":"type-post","3":"status-publish","4":"format-standard","5":"has-post-thumbnail","7":"category-rouen","8":"tag-actu","9":"tag-actualites","10":"tag-chu-rouen","11":"tag-eu","12":"tag-europe","13":"tag-fr","14":"tag-france","15":"tag-loisirs-culture","16":"tag-news","17":"tag-normandie","18":"tag-photographie","19":"tag-republique-francaise","20":"tag-rouen"},"share_on_mastodon":{"url":"https:\/\/pubeurope.com\/@fr\/114799824321553076","error":""},"_links":{"self":[{"href":"https:\/\/www.europesays.com\/fr\/wp-json\/wp\/v2\/posts\/227750","targetHints":{"allow":["GET"]}}],"collection":[{"href":"https:\/\/www.europesays.com\/fr\/wp-json\/wp\/v2\/posts"}],"about":[{"href":"https:\/\/www.europesays.com\/fr\/wp-json\/wp\/v2\/types\/post"}],"author":[{"embeddable":true,"href":"https:\/\/www.europesays.com\/fr\/wp-json\/wp\/v2\/users\/2"}],"replies":[{"embeddable":true,"href":"https:\/\/www.europesays.com\/fr\/wp-json\/wp\/v2\/comments?post=227750"}],"version-history":[{"count":0,"href":"https:\/\/www.europesays.com\/fr\/wp-json\/wp\/v2\/posts\/227750\/revisions"}],"wp:featuredmedia":[{"embeddable":true,"href":"https:\/\/www.europesays.com\/fr\/wp-json\/wp\/v2\/media\/227751"}],"wp:attachment":[{"href":"https:\/\/www.europesays.com\/fr\/wp-json\/wp\/v2\/media?parent=227750"}],"wp:term":[{"taxonomy":"category","embeddable":true,"href":"https:\/\/www.europesays.com\/fr\/wp-json\/wp\/v2\/categories?post=227750"},{"taxonomy":"post_tag","embeddable":true,"href":"https:\/\/www.europesays.com\/fr\/wp-json\/wp\/v2\/tags?post=227750"}],"curies":[{"name":"wp","href":"https:\/\/api.w.org\/{rel}","templated":true}]}}