{"id":227752,"date":"2025-07-05T09:04:20","date_gmt":"2025-07-05T09:04:20","guid":{"rendered":"https:\/\/www.europesays.com\/fr\/227752\/"},"modified":"2025-07-05T09:04:20","modified_gmt":"2025-07-05T09:04:20","slug":"les-demembreuses-de-rouen-unies-par-un-crime-sordide-et-un-passe-violent","status":"publish","type":"post","link":"https:\/\/www.europesays.com\/fr\/227752\/","title":{"rendered":"Les \u00ab\u00a0d\u00e9membreuses de Rouen\u00a0\u00bb unies par un crime sordide et un pass\u00e9 violent"},"content":{"rendered":"<p class=\"articleContent-meta\">\n        Aujourd&rsquo;hui \u00e0 10:00 &#8211; par             <a class=\"articleContent-metaAuthorsLink\" href=\"https:\/\/www.cesoirtv.com\/auteur\/thomas-fourcroy\/\" target=\"_blank\" rel=\"noopener\">Thomas Fourcroy<\/a><\/p>\n<p>                    Tweeter<\/p>\n<p>                    Partager sur Facebook<\/p>\n<p>                        <img decoding=\"async\" src=\"https:\/\/www.europesays.com\/fr\/wp-content\/uploads\/2025\/07\/tlq-chroniques-criminelles-karine-ferri-s-implique-t-elle-dans-le-choix-des-sujets.jpg\" alt=\"Player Video\" class=\"player-applyRatio poster exclude-seedtag\"\/><\/p>\n<p>Le samedi 5 juillet \u00e0 21h10, TFX diffuse son \u00e9mission Chroniques criminelles. Un num\u00e9ro qui reviendra sur une affaire ayant d\u00e9fray\u00e9 la chronique en Normandie, celle des \u00ab\u00a0les d\u00e9coupeuses de Seine-Maritime\u00a0\u00bb, C\u00e9line Vasselin et Jessica Adam.<\/p>\n<p>C&rsquo;est un duo qui aura \u00e9t\u00e9 affubl\u00e9 de nombreux surnoms dans la presse. \u00ab\u00a0Les d\u00e9membreuses de Rouen\u00a0\u00bb, \u00ab\u00a0les d\u00e9peceuses de Normandie\u00a0\u00bb, \u00ab\u00a0les d\u00e9coupeuses de Seine-Maritime\u00a0\u00bb&#8230; Voici les sordides sobriquets qui collent \u00e0 la peau de C\u00e9line Vasselin et Jessica Adam. Deux femmes qui ont assassin\u00e9 et d\u00e9coup\u00e9 Sliman Amara en 2018, le compagnon de la premi\u00e8re. L&rsquo;affaire, ayant abouti \u00e0 une lourde condamnation, sera trait\u00e9e ce samedi dans l&rsquo;\u00e9mission Chroniques criminelles sur TFX.<\/p>\n<p>Sliman Amara assassin\u00e9 et d\u00e9membr\u00e9, un crime m\u00fbrement r\u00e9fl\u00e9chi par sa compagne ?<\/p>\n<p>C&rsquo;est au printemps 2018 que C\u00e9line Vasselin, esth\u00e9ticienne de 31 ans, imagine r\u00e9ellement en finir avec son conjoint et p\u00e8re de son enfant, Sliman Amara. Le d\u00e9crivant comme alcoolique et violent, elle voit en sa mort un moyen de se sortir de son emprise, comme elle le d\u00e9clarera face \u00e0 la justice. Apr\u00e8s avoir essay\u00e9 de le supprimer en lui injectant des bulles d&rsquo;oxyg\u00e8ne dans le sang ou en l&rsquo;\u00e9touffant dans son sommeil, elle va passer \u00e0 la vitesse sup\u00e9rieure. Mais cela, C\u00e9line ne va pas le faire seule. En effet, elle va se confier \u00e0 Jessica Adam, 35 ans, l&rsquo;une de ses clientes, qui sera r\u00e9ceptive. C&rsquo;est cette derni\u00e8re qui, ayant connu une enfance marqu\u00e9e par les abus et la violence, va se procurer de quoi mettre leur projet \u00e0 ex\u00e9cution. Hache, hachoir \u00e0 viande, masse et scie, voil\u00e0 ce qui servira \u00e0 assassiner Sliman Amara.<\/p>\n<p>                                C\u00e9line Vasselin et Jessica Adam, alli\u00e9es dans l&rsquo;horreur<\/p>\n<p>Le 3 novembre 2018, Sliman Amara sera empoisonn\u00e9 au Seresta, anxiolytique agissant comme s\u00e9datif, puis poignard\u00e9 au couteau de cuisine par les deux femmes. Son cadavre sera d\u00e9coup\u00e9 en plusieurs morceaux, qui seront plac\u00e9s dans des sacs-poubelle. Transport\u00e9s en voiture, ses restes seront jet\u00e9s dans la Seine. Incapables de savoir pourquoi elles sont all\u00e9es aussi loin, C\u00e9line Vasselin et Jessica Adam ont \u00e9t\u00e9 jug\u00e9es par deux fois pour assassinat et atteinte \u00e0 l&rsquo;int\u00e9grit\u00e9 d&rsquo;un cadavre. En novembre 2023, la cour d\u2019assises d\u2019appel de Seine-Maritime les a respectivement condamn\u00e9es \u00e0 22 et 20 ans de r\u00e9clusion criminelle.<\/p>\n","protected":false},"excerpt":{"rendered":"Aujourd&rsquo;hui \u00e0 10:00 &#8211; par Thomas Fourcroy Tweeter Partager sur Facebook Le samedi 5 juillet \u00e0 21h10, TFX&hellip;\n","protected":false},"author":2,"featured_media":227753,"comment_status":"","ping_status":"","sticky":false,"template":"","format":"standard","meta":{"footnotes":""},"categories":[9587],"tags":[1111,11,36610,36613,36614,36611,1777,674,118,1011,27,36612,12,5161,25,9590,199,30052],"class_list":{"0":"post-227752","1":"post","2":"type-post","3":"status-publish","4":"format-standard","5":"has-post-thumbnail","7":"category-rouen","8":"tag-actu","9":"tag-actualites","10":"tag-chroniques-criminelles","11":"tag-chroniques-criminelles-02042022-210500-tfx","12":"tag-chroniques-criminelles-02042022-230000-tfx","13":"tag-chroniques-criminelles-11868555","14":"tag-eu","15":"tag-europe","16":"tag-faits-divers","17":"tag-fr","18":"tag-france","19":"tag-karine-ferri","20":"tag-news","21":"tag-normandie","22":"tag-republique-francaise","23":"tag-rouen","24":"tag-tf1","25":"tag-tfx"},"share_on_mastodon":{"url":"https:\/\/pubeurope.com\/@fr\/114799828280280722","error":""},"_links":{"self":[{"href":"https:\/\/www.europesays.com\/fr\/wp-json\/wp\/v2\/posts\/227752","targetHints":{"allow":["GET"]}}],"collection":[{"href":"https:\/\/www.europesays.com\/fr\/wp-json\/wp\/v2\/posts"}],"about":[{"href":"https:\/\/www.europesays.com\/fr\/wp-json\/wp\/v2\/types\/post"}],"author":[{"embeddable":true,"href":"https:\/\/www.europesays.com\/fr\/wp-json\/wp\/v2\/users\/2"}],"replies":[{"embeddable":true,"href":"https:\/\/www.europesays.com\/fr\/wp-json\/wp\/v2\/comments?post=227752"}],"version-history":[{"count":0,"href":"https:\/\/www.europesays.com\/fr\/wp-json\/wp\/v2\/posts\/227752\/revisions"}],"wp:featuredmedia":[{"embeddable":true,"href":"https:\/\/www.europesays.com\/fr\/wp-json\/wp\/v2\/media\/227753"}],"wp:attachment":[{"href":"https:\/\/www.europesays.com\/fr\/wp-json\/wp\/v2\/media?parent=227752"}],"wp:term":[{"taxonomy":"category","embeddable":true,"href":"https:\/\/www.europesays.com\/fr\/wp-json\/wp\/v2\/categories?post=227752"},{"taxonomy":"post_tag","embeddable":true,"href":"https:\/\/www.europesays.com\/fr\/wp-json\/wp\/v2\/tags?post=227752"}],"curies":[{"name":"wp","href":"https:\/\/api.w.org\/{rel}","templated":true}]}}