{"id":227760,"date":"2025-07-05T09:09:34","date_gmt":"2025-07-05T09:09:34","guid":{"rendered":"https:\/\/www.europesays.com\/fr\/227760\/"},"modified":"2025-07-05T09:09:34","modified_gmt":"2025-07-05T09:09:34","slug":"a-schiltigheim-spartaki-zurasdzma-52-ans-est-decede-dans-sa-tente","status":"publish","type":"post","link":"https:\/\/www.europesays.com\/fr\/227760\/","title":{"rendered":"\u00c0 Schiltigheim, Spartaki Zurasdzma, 52 ans, est d\u00e9c\u00e9d\u00e9 dans sa tente"},"content":{"rendered":"<p>Soutenez un m\u00e9dia qui donne une voix aux sans-abris<\/p>\n<p>La r\u00e9daction a besoin de votre soutien pour enqu\u00eater sur ce sujet<\/p>\n<p>Des visages et des t\u00e9moignages d\u2019habitants et d\u2019habitantes du camp Eug\u00e8ne Imbs. Un chiffre pour donner la r\u00e9alit\u00e9 au-del\u00e0 de la communication pr\u00e9fectorale sur le plan Grand froid. Un reportage dans le centre d\u2019aide pour le retour, passage oblig\u00e9 de nombreuses personnes sans-abri et en situation irr\u00e9guli\u00e8re\u2026 L\u2019engagement de Rue89 Strasbourg sur le sans-abrisme, c\u2019est de vous donner acc\u00e8s \u00e0 toutes ces informations qui font rarement la Une des m\u00e9dias traditionnels.<\/p>\n<p>Ces enqu\u00eates et ces reportages ont un prix. C\u2019est le temps de travail de Thibault Vetter et de Camille Balzinger, qui suivent de pr\u00e8s, depuis plusieurs ann\u00e9es, la probl\u00e9matique du manque d\u2019h\u00e9bergements d\u2019urgence \u00e0 Strasbourg et la pr\u00e9carit\u00e9 des personnes sans papier.<\/p>\n<p>D\u2019avance, merci pour votre soutien. <\/p>\n","protected":false},"excerpt":{"rendered":"Soutenez un m\u00e9dia qui donne une voix aux sans-abris La r\u00e9daction a besoin de votre soutien pour enqu\u00eater&hellip;\n","protected":false},"author":2,"featured_media":227761,"comment_status":"","ping_status":"","sticky":false,"template":"","format":"standard","meta":{"footnotes":""},"categories":[2820],"tags":[1111,11,1777,674,1011,27,775,3909,12,25,3910,104,640],"class_list":{"0":"post-227760","1":"post","2":"type-post","3":"status-publish","4":"format-standard","5":"has-post-thumbnail","7":"category-strasbourg","8":"tag-actu","9":"tag-actualites","10":"tag-eu","11":"tag-europe","12":"tag-fr","13":"tag-france","14":"tag-grand-est","15":"tag-hebergement-durgence","16":"tag-news","17":"tag-republique-francaise","18":"tag-sdf","19":"tag-societe","20":"tag-strasbourg"},"share_on_mastodon":{"url":"https:\/\/pubeurope.com\/@fr\/114799847988562602","error":""},"_links":{"self":[{"href":"https:\/\/www.europesays.com\/fr\/wp-json\/wp\/v2\/posts\/227760","targetHints":{"allow":["GET"]}}],"collection":[{"href":"https:\/\/www.europesays.com\/fr\/wp-json\/wp\/v2\/posts"}],"about":[{"href":"https:\/\/www.europesays.com\/fr\/wp-json\/wp\/v2\/types\/post"}],"author":[{"embeddable":true,"href":"https:\/\/www.europesays.com\/fr\/wp-json\/wp\/v2\/users\/2"}],"replies":[{"embeddable":true,"href":"https:\/\/www.europesays.com\/fr\/wp-json\/wp\/v2\/comments?post=227760"}],"version-history":[{"count":0,"href":"https:\/\/www.europesays.com\/fr\/wp-json\/wp\/v2\/posts\/227760\/revisions"}],"wp:featuredmedia":[{"embeddable":true,"href":"https:\/\/www.europesays.com\/fr\/wp-json\/wp\/v2\/media\/227761"}],"wp:attachment":[{"href":"https:\/\/www.europesays.com\/fr\/wp-json\/wp\/v2\/media?parent=227760"}],"wp:term":[{"taxonomy":"category","embeddable":true,"href":"https:\/\/www.europesays.com\/fr\/wp-json\/wp\/v2\/categories?post=227760"},{"taxonomy":"post_tag","embeddable":true,"href":"https:\/\/www.europesays.com\/fr\/wp-json\/wp\/v2\/tags?post=227760"}],"curies":[{"name":"wp","href":"https:\/\/api.w.org\/{rel}","templated":true}]}}