{"id":227778,"date":"2025-07-05T09:20:11","date_gmt":"2025-07-05T09:20:11","guid":{"rendered":"https:\/\/www.europesays.com\/fr\/227778\/"},"modified":"2025-07-05T09:20:11","modified_gmt":"2025-07-05T09:20:11","slug":"tour-de-france-2025-les-horaires-et-points-de-passage-de-la-caravane-lors-de-la-1ere-etape-a-lille","status":"publish","type":"post","link":"https:\/\/www.europesays.com\/fr\/227778\/","title":{"rendered":"Tour de France 2025\u00a0: les horaires et points de passage de la caravane lors de la 1\u00e8re \u00e9tape \u00e0 Lille"},"content":{"rendered":"<p class=\"paragraph text_align_left lp-f-body-02\">Le parcours de <a href=\"https:\/\/www.leparisien.fr\/sports\/cyclisme\/tour-de-france\/tour-de-france-2025-le-parcours-et-le-profil-de-letape-1-autour-de-lille-02-07-2025-GXY2Z6GPOJGNPO2IMP3EXOLBH4.php\" target=\"_self\" rel=\"nofollow noopener\">la 1\u00e8re \u00e9tape<\/a> sera anim\u00e9 d\u00e8s 11h40 le samedi 5 juillet avec le d\u00e9part de la caravane de Lille. Son arriv\u00e9e \u00e0 Lille est pr\u00e9vue vers 15h58, tandis que le peloton s\u2019\u00e9lancera \u00e0 13h40.<\/p>\n<p>Les horaires de la caravane ville par ville<\/p>\n<p class=\"paragraph text_align_left lp-f-body-02\">Suivez le passage de la caravane ville apr\u00e8s ville, avec les horaires et les localit\u00e9s. Exemple : Carvin (Pas-de-Calais), \u00e0 11h57, au 12,5e kilom\u00e8tre.<\/p>\n<ul class=\"margin_bottom_md fs_18_26 fs_20_28_ad blue-dot\">\n<li class=\"mb_150 pl_325\">11:10 &#8211; LILLE<\/li>\n<li class=\"mb_150 pl_325\">11:35 &#8211; FACHES-THUMESNIL<\/li>\n<li class=\"mb_150 pl_325\">11:37 &#8211; LILLE (VC-M147)<\/li>\n<li class=\"mb_150 pl_325\">11:38 &#8211; M147 \u00c9pi de Soil (LOOS)<\/li>\n<li class=\"mb_150 pl_325\">11:40 &#8211; LILLE M\u00c9TROPOLE<\/li>\n<li class=\"mb_150 pl_325\">11:41 &#8211; WATTIGNIES (M147-M145)<\/li>\n<li class=\"mb_150 pl_325\">11:44 &#8211; M145 NOYELLES-L\u00c8S-SECLIN (pr\u00e8s) (M145-M147-M952)<\/li>\n<li class=\"mb_150 pl_325\">11:47 &#8211; M952 SECLIN (M952-M2925)<\/li>\n<li class=\"mb_150 pl_325\">11:51 &#8211; M2925 Carrefour M2925-M925<\/li>\n<li class=\"mb_150 pl_325\">11:55 &#8211; D925 CAMPHIN-EN-CAREMBAULT<\/li>\n<li class=\"mb_150 pl_325\">11:57 &#8211; PAS-DE-CALAIS (62)<\/li>\n<li class=\"mb_150 pl_325\">11:57 &#8211; CARVIN (D925-VC-D919)<\/li>\n<li class=\"mb_150 pl_325\">12:03 &#8211; D919 CARVIN Saint-Jean<\/li>\n<li class=\"mb_150 pl_325\">12:05 &#8211; COURRI\u00c8RES (D919-VC-D46)<\/li>\n<li class=\"mb_150 pl_325\">12:09 &#8211; D46 COURRI\u00c8RES-Chauffours (D46-D39)<\/li>\n<li class=\"mb_150 pl_325\">12:10 &#8211; D39 HARNES (D39-VC-D162 E1)<\/li>\n<li class=\"mb_150 pl_325\">12:15 &#8211; D162 E1 LOISON-SOUS-LENS (D162 E1-D162-D162 E)<\/li>\n<li class=\"mb_150 pl_325\">12:18 &#8211; D162 E LENS (D162 E-VC)<\/li>\n<li class=\"mb_150 pl_325\">12:24 &#8211; VC LI\u00c9VIN (VC-D58 E2-VC)<\/li>\n<li class=\"mb_150 pl_325\">12:29 &#8211; ANGRES (VC-D51-D58 E2)<\/li>\n<li class=\"mb_150 pl_325\">12:32 &#8211; D58 E2 SOUCHEZ (D58 E2-D937-D57)<\/li>\n<li class=\"mb_150 pl_325\">12:35 &#8211; D57 ABLAIN-SAINT-NAZAIRE (D57-VC-D58 E3)<\/li>\n<li class=\"mb_150 pl_325\">12:37 &#8211; VC C\u00f4te de Notre-Dame-de-Lorette<\/li>\n<li class=\"mb_150 pl_325\">12:38 &#8211; D58 E3 N\u00e9cropole nationale de Notre-Dame-de-Lorette<\/li>\n<li class=\"mb_150 pl_325\">12:39 &#8211; SOUCHEZ (D58 E3-D937)<\/li>\n<li class=\"mb_150 pl_325\">12:44 &#8211; D937 AIX-NOULETTE (D937-D165)<\/li>\n<li class=\"mb_150 pl_325\">12:48 &#8211; D165 BOUVIGNY-BOYEFFLES (D165-D75)<\/li>\n<li class=\"mb_150 pl_325\">12:51 &#8211; D75 Boyeffles<\/li>\n<li class=\"mb_150 pl_325\">12:53 &#8211; Carrefour D75-D75 E3<\/li>\n<li class=\"mb_150 pl_325\">12:53 &#8211; D75 E3 SAINS-EN-GOHELLE (D75 E3-D188)<\/li>\n<li class=\"mb_150 pl_325\">12:55 &#8211; D188 HERSIN-COUPIGNY (D188-D65)<\/li>\n<li class=\"mb_150 pl_325\">13:00 &#8211; D65 N\u0152UX-LES-MINES (D65-D937)<\/li>\n<li class=\"mb_150 pl_325\">13:03 &#8211; D937 VERQUIGNEUL<\/li>\n<li class=\"mb_150 pl_325\">13:07 &#8211; B\u00c9THUNE (D937-VC-D945)<\/li>\n<li class=\"mb_150 pl_325\">13:13 &#8211; D945 ESSARS<\/li>\n<li class=\"mb_150 pl_325\">13:21 &#8211; Le Paradis (LESTREM) (pr\u00e8s)<\/li>\n<li class=\"mb_150 pl_325\">13:28 &#8211; NORD (59)<\/li>\n<li class=\"mb_150 pl_325\">13:29 &#8211; D23D Carrefour D23 D-D122<\/li>\n<li class=\"mb_150 pl_325\">13:30 &#8211; D122 MERVILLE (D122-D946)<\/li>\n<li class=\"mb_150 pl_325\">13:36 &#8211; D946 Le Laurier<\/li>\n<li class=\"mb_150 pl_325\">13:38 &#8211; Le Gros Ch\u00eane<\/li>\n<li class=\"mb_150 pl_325\">13:40 &#8211; La Motte au Bois (MORBECQUE) (entr\u00e9e)<\/li>\n<li class=\"mb_150 pl_325\">13:42 &#8211; LA MOTTE AU BOIS (MORBECQUE)<\/li>\n<li class=\"mb_150 pl_325\">13:45 &#8211; Le Tir Anglais<\/li>\n<li class=\"mb_150 pl_325\">13:46 &#8211; Carrefour D946-D253<\/li>\n<li class=\"mb_150 pl_325\">13:47 &#8211; D253 Passage \u00e0 niveau N\u00b0\u00a0134.<\/li>\n<li class=\"mb_150 pl_325\">13:48 &#8211; HAZEBROUCK (D253-VC-D53)<\/li>\n<li class=\"mb_150 pl_325\">13:56 &#8211; D53 HONDEGHEM<\/li>\n<li class=\"mb_150 pl_325\">14:01 &#8211; SAINTE-MARIE-CAPPEL<\/li>\n<li class=\"mb_150 pl_325\">14:04 &#8211; Carrefour D53-D916<\/li>\n<li class=\"mb_150 pl_325\">14:07 &#8211; D916 CASSEL (D916-D933-D11)<\/li>\n<li class=\"mb_150 pl_325\">14:08 &#8211; D933 C\u00f4te de Cassel<\/li>\n<li class=\"mb_150 pl_325\">14:10 &#8211; D11 Carrefour D11-D52<\/li>\n<li class=\"mb_150 pl_325\">14:12 &#8211; D52 Carrefour D52-D338<\/li>\n<li class=\"mb_150 pl_325\">14:15 &#8211; D338 Carrefour D338-D916<\/li>\n<li class=\"mb_150 pl_325\">14:16 &#8211; La Trompe (HARDIFORT)<\/li>\n<li class=\"mb_150 pl_325\">14:19 &#8211; D916 CASSEL (pr\u00e8s) (D916-D948)<\/li>\n<li class=\"mb_150 pl_325\">14:21 &#8211; D948 Le Coucou<\/li>\n<li class=\"mb_150 pl_325\">14:26 &#8211; STEENVOORDE (D948-D947-D37-D948-D18)<\/li>\n<li class=\"mb_150 pl_325\">14:35 &#8211; D18 GODEWAERSVELDE<\/li>\n<li class=\"mb_150 pl_325\">14:38 &#8211; Mont des Cats<\/li>\n<li class=\"mb_150 pl_325\">14:44 &#8211; Les Quatre Fils Aymon<\/li>\n<li class=\"mb_150 pl_325\">14:46 &#8211; M\u00c9TEREN (D18-D933-D318)<\/li>\n<li class=\"mb_150 pl_325\">14:51 &#8211; D318 SAINT-JANS-CAPPEL<\/li>\n<li class=\"mb_150 pl_325\">14:54 &#8211; Le Mont Noir (SAINT-JANS-CAPPEL, BOESCHEPE)<\/li>\n<li class=\"mb_150 pl_325\">14:55 &#8211; Mont Noir<\/li>\n<li class=\"mb_150 pl_325\">14:56 &#8211; Carrefour D318-D223<\/li>\n<li class=\"mb_150 pl_325\">14:57 &#8211; D223 La Croix de Poperinghe<\/li>\n<li class=\"mb_150 pl_325\">14:59 &#8211; Carrefour D223-D23<\/li>\n<li class=\"mb_150 pl_325\">15:01 &#8211; D23 BAILLEUL (D23-D933)<\/li>\n<li class=\"mb_150 pl_325\">15:11 &#8211; D933 Le Seau<\/li>\n<li class=\"mb_150 pl_325\">15:14 &#8211; NIEPPE<\/li>\n<li class=\"mb_150 pl_325\">15:18 &#8211; M933 ARMENTI\u00c8RES (M933-M945 A-VC-M933)<\/li>\n<li class=\"mb_150 pl_325\">15:22 &#8211; LA CHAPELLE-D\u2019ARMENTI\u00c8RES (M933-M945)<\/li>\n<li class=\"mb_150 pl_325\">15:29 &#8211; M945 HOUPLINES (pr\u00e8s)<\/li>\n<li class=\"mb_150 pl_325\">15:33 &#8211; FRELINGHIEN (pr\u00e8s) (M945-M57)<\/li>\n<li class=\"mb_150 pl_325\">15:35 &#8211; M57 La Houlette<\/li>\n<li class=\"mb_150 pl_325\">15:39 &#8211; VERLINGHEM (M57-M\u00a0654)<\/li>\n<li class=\"mb_150 pl_325\">15:43 &#8211; M\u00a0654 LOMPRET<\/li>\n<li class=\"mb_150 pl_325\">15:44 &#8211; P\u00c9RENCHIES (M\u00a0654- M7 B)<\/li>\n<li class=\"mb_150 pl_325\">15:46 &#8211; M7 B LOMPRET (M7 B-D7 B-M7 B)<\/li>\n<li class=\"mb_150 pl_325\">15:49 &#8211; LOMME (M7 B-VC)<\/li>\n<li class=\"mb_150 pl_325\">15:52 &#8211; VC LAMBERSART (VC-M751)<\/li>\n<li class=\"mb_150 pl_325\">15:53 &#8211; M751 LILLE (M751-M750-VC) (entr\u00e9e)<\/li>\n<li class=\"mb_150 pl_325\">15:58 &#8211; VC LILLE M\u00c9TROPOLE<\/li>\n<\/ul>\n<p class=\"paragraph text_align_left lp-f-body-02\">Retrouvez les profils, horaires de passages et autres actualit\u00e9s du <a href=\"https:\/\/www.leparisien.fr\/sports\/cyclisme\/tour-de-france\/\" target=\"_self\" rel=\"nofollow noopener\">Tour de France 2025<\/a>.<\/p>\n","protected":false},"excerpt":{"rendered":"Le parcours de la 1\u00e8re \u00e9tape sera anim\u00e9 d\u00e8s 11h40 le samedi 5 juillet avec le d\u00e9part de&hellip;\n","protected":false},"author":2,"featured_media":227779,"comment_status":"","ping_status":"","sticky":false,"template":"","format":"standard","meta":{"footnotes":""},"categories":[2815],"tags":[1111,11,207,1777,674,1011,27,811,1307,12,25,60,210],"class_list":{"0":"post-227778","1":"post","2":"type-post","3":"status-publish","4":"format-standard","5":"has-post-thumbnail","7":"category-lille","8":"tag-actu","9":"tag-actualites","10":"tag-cyclisme","11":"tag-eu","12":"tag-europe","13":"tag-fr","14":"tag-france","15":"tag-hauts-de-france","16":"tag-lille","17":"tag-news","18":"tag-republique-francaise","19":"tag-sports","20":"tag-tour-de-france"},"share_on_mastodon":{"url":"https:\/\/pubeurope.com\/@fr\/114799891289832306","error":""},"_links":{"self":[{"href":"https:\/\/www.europesays.com\/fr\/wp-json\/wp\/v2\/posts\/227778","targetHints":{"allow":["GET"]}}],"collection":[{"href":"https:\/\/www.europesays.com\/fr\/wp-json\/wp\/v2\/posts"}],"about":[{"href":"https:\/\/www.europesays.com\/fr\/wp-json\/wp\/v2\/types\/post"}],"author":[{"embeddable":true,"href":"https:\/\/www.europesays.com\/fr\/wp-json\/wp\/v2\/users\/2"}],"replies":[{"embeddable":true,"href":"https:\/\/www.europesays.com\/fr\/wp-json\/wp\/v2\/comments?post=227778"}],"version-history":[{"count":0,"href":"https:\/\/www.europesays.com\/fr\/wp-json\/wp\/v2\/posts\/227778\/revisions"}],"wp:featuredmedia":[{"embeddable":true,"href":"https:\/\/www.europesays.com\/fr\/wp-json\/wp\/v2\/media\/227779"}],"wp:attachment":[{"href":"https:\/\/www.europesays.com\/fr\/wp-json\/wp\/v2\/media?parent=227778"}],"wp:term":[{"taxonomy":"category","embeddable":true,"href":"https:\/\/www.europesays.com\/fr\/wp-json\/wp\/v2\/categories?post=227778"},{"taxonomy":"post_tag","embeddable":true,"href":"https:\/\/www.europesays.com\/fr\/wp-json\/wp\/v2\/tags?post=227778"}],"curies":[{"name":"wp","href":"https:\/\/api.w.org\/{rel}","templated":true}]}}