{"id":227805,"date":"2025-07-05T09:35:09","date_gmt":"2025-07-05T09:35:09","guid":{"rendered":"https:\/\/www.europesays.com\/fr\/227805\/"},"modified":"2025-07-05T09:35:09","modified_gmt":"2025-07-05T09:35:09","slug":"une-campagne-publique-denoncant-les-attouchements-provoque-un-scandale-en-allemagne-en-ciblant-les-femmes-blanches-qui-sen-prendraient-aux-migrants","status":"publish","type":"post","link":"https:\/\/www.europesays.com\/fr\/227805\/","title":{"rendered":"Une campagne publique d\u00e9non\u00e7ant les attouchements provoque un scandale en Allemagne en ciblant\u2026 les femmes blanches qui s\u2019en prendraient aux migrants"},"content":{"rendered":"<p>Scandale<\/p>\n<p>\u00c0 B\u00fcren, la campagne municipale qui montrait une femme blanche pelotant un adolescent noir amput\u00e9 a tourn\u00e9 au scandale : sous couvert de diversit\u00e9, la mairie CDU a gomm\u00e9 le profil majoritaire des agresseurs, alors que les statistiques officielles indiquent que 64 % des violences sexuelles signal\u00e9es en piscine en 2024 ont \u00e9t\u00e9 commises par des non-Allemands. L\u2019affaire souligne comment certaines institutions, par crainte de stigmatiser, finissent par occulter les v\u00e9ritables victimes et brouiller le d\u00e9bat sur la s\u00e9curit\u00e9 publique.<\/p>\n","protected":false},"excerpt":{"rendered":"Scandale \u00c0 B\u00fcren, la campagne municipale qui montrait une femme blanche pelotant un adolescent noir amput\u00e9 a tourn\u00e9&hellip;\n","protected":false},"author":2,"featured_media":227806,"comment_status":"","ping_status":"","sticky":false,"template":"","format":"standard","meta":{"footnotes":""},"categories":[1587],"tags":[11,1401,672,1804,3712,1805,1803,17963,1777,674,1801,12,1802,36626],"class_list":{"0":"post-227805","1":"post","2":"type-post","3":"status-publish","4":"format-standard","5":"has-post-thumbnail","7":"category-allemagne","8":"tag-actualites","9":"tag-agressions-sexuelles","10":"tag-allemagne","11":"tag-bundesrepublik-deutschland","12":"tag-cdu","13":"tag-de","14":"tag-deutschland","15":"tag-diversite","16":"tag-eu","17":"tag-europe","18":"tag-germany","19":"tag-news","20":"tag-republique-federale-dallemagne","21":"tag-stereotypes"},"share_on_mastodon":{"url":"https:\/\/pubeurope.com\/@fr\/114799950132756290","error":""},"_links":{"self":[{"href":"https:\/\/www.europesays.com\/fr\/wp-json\/wp\/v2\/posts\/227805","targetHints":{"allow":["GET"]}}],"collection":[{"href":"https:\/\/www.europesays.com\/fr\/wp-json\/wp\/v2\/posts"}],"about":[{"href":"https:\/\/www.europesays.com\/fr\/wp-json\/wp\/v2\/types\/post"}],"author":[{"embeddable":true,"href":"https:\/\/www.europesays.com\/fr\/wp-json\/wp\/v2\/users\/2"}],"replies":[{"embeddable":true,"href":"https:\/\/www.europesays.com\/fr\/wp-json\/wp\/v2\/comments?post=227805"}],"version-history":[{"count":0,"href":"https:\/\/www.europesays.com\/fr\/wp-json\/wp\/v2\/posts\/227805\/revisions"}],"wp:featuredmedia":[{"embeddable":true,"href":"https:\/\/www.europesays.com\/fr\/wp-json\/wp\/v2\/media\/227806"}],"wp:attachment":[{"href":"https:\/\/www.europesays.com\/fr\/wp-json\/wp\/v2\/media?parent=227805"}],"wp:term":[{"taxonomy":"category","embeddable":true,"href":"https:\/\/www.europesays.com\/fr\/wp-json\/wp\/v2\/categories?post=227805"},{"taxonomy":"post_tag","embeddable":true,"href":"https:\/\/www.europesays.com\/fr\/wp-json\/wp\/v2\/tags?post=227805"}],"curies":[{"name":"wp","href":"https:\/\/api.w.org\/{rel}","templated":true}]}}