{"id":227807,"date":"2025-07-05T09:36:10","date_gmt":"2025-07-05T09:36:10","guid":{"rendered":"https:\/\/www.europesays.com\/fr\/227807\/"},"modified":"2025-07-05T09:36:10","modified_gmt":"2025-07-05T09:36:10","slug":"vienne-ne-serait-plus-la-ville-la-plus-agreable-du-monde-une-capitale-du-nord-de-leurope-la-detronee","status":"publish","type":"post","link":"https:\/\/www.europesays.com\/fr\/227807\/","title":{"rendered":"Vienne ne serait plus la ville la plus agr\u00e9able du monde : une capitale du nord de l&rsquo;Europe l&rsquo;a d\u00e9tr\u00f4n\u00e9e"},"content":{"rendered":"<p class=\"ap-StoryElement ap-StoryElement--mb ap-StoryText\">Le magazine The Economist publie chaque ann\u00e9e sa liste des villes les plus agr\u00e9ables au monde. Pour d\u00e9partager les 173 lieux en comp\u00e9tition, les experts se basent sur une s\u00e9rie de crit\u00e8res : la stabilit\u00e9 politique, la vitalit\u00e9 culturelle et environnementale, l&rsquo;acc\u00e8s aux soins, la qualit\u00e9 de l&rsquo;\u00e9ducation et enfin la performance des infrastructures. Au final, un score sur 100 est attribu\u00e9 \u00e0 chacune des candidates.<\/p>\n<p class=\"ap-StoryElement ap-StoryElement--mb ap-StoryText\">Si depuis plusieurs ann\u00e9es Vienne d\u00e9crochait sans cesse la palme d&rsquo;or, une autre ville est parvenue cette ann\u00e9e \u00e0 tirer son \u00e9pingle du jeu. De fait, en raison de la menace d&rsquo;attentat qui a pouss\u00e9 Taylor Swift a annul\u00e9 ses concerts (qui a impact\u00e9 directement le sentiment de s\u00e9curit\u00e9), la capitale autrichienne a perdu quelques points.<\/p>\n<p>Pour acc\u00e9der \u00e0 cet article, veuillez vous connecter au r\u00e9seau internet.<\/p>\n","protected":false},"excerpt":{"rendered":"Le magazine The Economist publie chaque ann\u00e9e sa liste des villes les plus agr\u00e9ables au monde. Pour d\u00e9partager&hellip;\n","protected":false},"author":2,"featured_media":227808,"comment_status":"","ping_status":"","sticky":false,"template":"","format":"standard","meta":{"footnotes":""},"categories":[1586],"tags":[11,1981,16573,1777,674,1011,27,12,25,4824],"class_list":{"0":"post-227807","1":"post","2":"type-post","3":"status-publish","4":"format-standard","5":"has-post-thumbnail","7":"category-europe","8":"tag-actualites","9":"tag-classement","10":"tag-copenhague","11":"tag-eu","12":"tag-europe","13":"tag-fr","14":"tag-france","15":"tag-news","16":"tag-republique-francaise","17":"tag-ville"},"share_on_mastodon":{"url":"https:\/\/pubeurope.com\/@fr\/114799954119220870","error":""},"_links":{"self":[{"href":"https:\/\/www.europesays.com\/fr\/wp-json\/wp\/v2\/posts\/227807","targetHints":{"allow":["GET"]}}],"collection":[{"href":"https:\/\/www.europesays.com\/fr\/wp-json\/wp\/v2\/posts"}],"about":[{"href":"https:\/\/www.europesays.com\/fr\/wp-json\/wp\/v2\/types\/post"}],"author":[{"embeddable":true,"href":"https:\/\/www.europesays.com\/fr\/wp-json\/wp\/v2\/users\/2"}],"replies":[{"embeddable":true,"href":"https:\/\/www.europesays.com\/fr\/wp-json\/wp\/v2\/comments?post=227807"}],"version-history":[{"count":0,"href":"https:\/\/www.europesays.com\/fr\/wp-json\/wp\/v2\/posts\/227807\/revisions"}],"wp:featuredmedia":[{"embeddable":true,"href":"https:\/\/www.europesays.com\/fr\/wp-json\/wp\/v2\/media\/227808"}],"wp:attachment":[{"href":"https:\/\/www.europesays.com\/fr\/wp-json\/wp\/v2\/media?parent=227807"}],"wp:term":[{"taxonomy":"category","embeddable":true,"href":"https:\/\/www.europesays.com\/fr\/wp-json\/wp\/v2\/categories?post=227807"},{"taxonomy":"post_tag","embeddable":true,"href":"https:\/\/www.europesays.com\/fr\/wp-json\/wp\/v2\/tags?post=227807"}],"curies":[{"name":"wp","href":"https:\/\/api.w.org\/{rel}","templated":true}]}}