{"id":227817,"date":"2025-07-05T09:41:14","date_gmt":"2025-07-05T09:41:14","guid":{"rendered":"https:\/\/www.europesays.com\/fr\/227817\/"},"modified":"2025-07-05T09:41:14","modified_gmt":"2025-07-05T09:41:14","slug":"scott-vincent-leader-a-rabat-trois-francais-passent-le-cut","status":"publish","type":"post","link":"https:\/\/www.europesays.com\/fr\/227817\/","title":{"rendered":"Scott Vincent leader \u00e0 Rabat, trois Fran\u00e7ais passent le cut"},"content":{"rendered":"<p>\t\t\t\t\t\t<img width=\"770\" height=\"556\" src=\"https:\/\/www.europesays.com\/fr\/wp-content\/uploads\/2025\/04\/afp__20240628__2159644700__v3__highres__levaudreuilgolfchallengedaytwo-770x556.jpg\" class=\"img-responsive wp-post-image\" alt=\"\" decoding=\"async\" fetchpriority=\"high\"  \/>\t\t\t\t\t<\/p>\n<p>\t\t\t\t\t\t Partager cet article <\/p>\n<p class=\"screen-reader-text juiz_sps_maybe_hidden_text\">Partager la publication \u00ab\u00a0Scott Vincent leader \u00e0 Rabat, trois Fran\u00e7ais passent le cut\u00a0\u00bb<\/p>\n<p><strong>Apr\u00e8s deux tour \u00e0 Rabat, le leader du tournoi International Series Moroccode l\u2019Asian Tour, dot\u00e9 de deux millions de dollars, est le joueur du Zimbabw\u00e9 Scott Vincent. Trois Fran\u00e7ais sur quatre, Jo\u00ebl Stalter, Julien Sale et Julien Quesne (photo), le mieux plac\u00e9, ont franchi le cut<\/strong>.<\/p>\n<p>L\u2019International Series Morocco est le quatri\u00e8me des tournois les plus relev\u00e9s du calendrier de l\u2019Asian Tour et il y a forc\u00e9ment du beau monde sur le magnifique parcours du Royal Golf de Dar Es Salam. Ce par 73 a \u00e9t\u00e9 bien dompt\u00e9 lors des parties du matin du 2e tour par le Zimbabw\u00e9en <strong>Scott Vincent<\/strong>, auteur d\u2019un superbe 66 qui l\u2019a propuls\u00e9 seul en t\u00eate du tournoi \u00e0 -9.<\/p>\n<p><a href=\"https:\/\/www.asiantour.com\/reports?url=http%3A%2F%2Fasian.ocs-asia.com%2Ftic%2Ftmscores.cgi%3Ftourn%3DISMR~season%3D2025~params%3DP%2a2ESC02~&amp;id=2025&amp;code=ISMR&amp;title=Round%202%20Scoreboard\" target=\"_blank\" rel=\"noopener nofollow\">Le leaderboard complet<\/a><\/p>\n<p>Dans ces parties matinales, Scott Vincent a profit\u00e9 des conditions de jeu id\u00e9ales pour s\u2019offrir une jolie collection de birdies (9 au total). Malgr\u00e9 un trois-putts sur son dernier trou, il se voulait positif.<\/p>\n<p>\t\t\t\t\t<a id=\"178471\" href=\"https:\/\/golfplus.fr\/soldes-c559\" target=\"_blank\" rel=\"sponsorised nofollow noopener\"><img decoding=\"async\" src=\"data:image\/svg+xml,%3Csvg%20xmlns=\" http:=\"\" class=\"img-responsive\" alt=\"\" data-lazy-src=\"https:\/\/www.europesays.com\/fr\/wp-content\/uploads\/2025\/07\/golfplus-e18-soldes-2e-demarque-1170x275-1.jpg\"\/><\/a><\/p>\n<p>\u00ab\u00a0Je connais bien cette herbe, c\u2019est la m\u00eame qu\u2019il y avait sur mes parcours d\u2019enfance au Zimbabwe. Jouer un tournoi sur mon continent, cest rare et \u00e7a me procure des bonnes vibrations.\u00a0\u00bb<\/p>\n<p>Un trou en un pour Thippong<\/p>\n<p>Le Tha\u00eflandais <strong>Nitithorn Thippong<\/strong> a lui aussi fait le spectacle aux premi\u00e8res lueurs \u00e0 Rabat avec un trou en 1 d\u00e8s le 2, gr\u00e2ce \u00e0 un fer 5 millim\u00e9tr\u00e9. Sa carte qui comporte aussi un double, trois bogeys et cinq birdies est pour le moins color\u00e9e.<\/p>\n<p>Leader jeudi soir apr\u00e8s le premier tour, l\u2019Am\u00e9ricain <strong>Peter Ulhein<\/strong>, deux fois sacr\u00e9 dans ces International Series, \u00e9tait programm\u00e9 dans l\u2019apr\u00e8s-midi. Il a r\u00e9ussi \u00e0 reprendre les commandes du tournoi un temps avant de flancher dans le final. Il figure au 3e rang derri\u00e8re l\u2019Australien <strong>Maverick<\/strong> <strong>Antcliff<\/strong>.<\/p>\n<p>Du c\u00f4t\u00e9 des Fran\u00e7ais, le plus performant apr\u00e8s deux tours est <strong>Julien Quesne<\/strong>, qui a franchi ais\u00e9ment le cut fix\u00e9 \u00e0 +1. Il est 27e provisoire. <strong>Joel<\/strong> <strong>Stalter<\/strong> est \u00e9galement pass\u00e9. Le natif de Thionville est dans le par total apr\u00e8s 36 trous. Tout comme <strong>Julien<\/strong> <strong>Sale<\/strong>.<\/p>\n<p>\t\t\t\t\t<a id=\"177253\" href=\"https:\/\/www.noyangolf.com\/fr\/\" target=\"_blank\" rel=\"sponsorised nofollow noopener\"><img decoding=\"async\" src=\"data:image\/svg+xml,%3Csvg%20xmlns=\" http:=\"\" class=\"img-responsive\" alt=\"\" data-lazy-src=\"https:\/\/www.europesays.com\/fr\/wp-content\/uploads\/2025\/06\/noyan-e01-where-golf-meets-excellence-1170x275-1.jpg\"\/><\/a><\/p>\n<p>C\u2019est en revanche termin\u00e9 pour <strong>Gary Stal<\/strong>, non qualifi\u00e9 pour le week-end.<\/p>\n<p>\u00a0<\/p>\n<p>Photo by Aurelien Meunier \/ GETTY IMAGES EUROPE \/ Getty Images via AFP<\/p>\n<p>\u00a0<\/p>\n","protected":false},"excerpt":{"rendered":"Partager cet article Partager la publication \u00ab\u00a0Scott Vincent leader \u00e0 Rabat, trois Fran\u00e7ais passent le cut\u00a0\u00bb Apr\u00e8s deux&hellip;\n","protected":false},"author":2,"featured_media":2687,"comment_status":"","ping_status":"","sticky":false,"template":"","format":"standard","meta":{"footnotes":""},"categories":[1418],"tags":[1011,27,1472,60],"class_list":{"0":"post-227817","1":"post","2":"type-post","3":"status-publish","4":"format-standard","5":"has-post-thumbnail","7":"category-golf","8":"tag-fr","9":"tag-france","10":"tag-golf","11":"tag-sports"},"share_on_mastodon":{"url":"https:\/\/pubeurope.com\/@fr\/114799973924035102","error":""},"_links":{"self":[{"href":"https:\/\/www.europesays.com\/fr\/wp-json\/wp\/v2\/posts\/227817","targetHints":{"allow":["GET"]}}],"collection":[{"href":"https:\/\/www.europesays.com\/fr\/wp-json\/wp\/v2\/posts"}],"about":[{"href":"https:\/\/www.europesays.com\/fr\/wp-json\/wp\/v2\/types\/post"}],"author":[{"embeddable":true,"href":"https:\/\/www.europesays.com\/fr\/wp-json\/wp\/v2\/users\/2"}],"replies":[{"embeddable":true,"href":"https:\/\/www.europesays.com\/fr\/wp-json\/wp\/v2\/comments?post=227817"}],"version-history":[{"count":0,"href":"https:\/\/www.europesays.com\/fr\/wp-json\/wp\/v2\/posts\/227817\/revisions"}],"wp:featuredmedia":[{"embeddable":true,"href":"https:\/\/www.europesays.com\/fr\/wp-json\/wp\/v2\/media\/2687"}],"wp:attachment":[{"href":"https:\/\/www.europesays.com\/fr\/wp-json\/wp\/v2\/media?parent=227817"}],"wp:term":[{"taxonomy":"category","embeddable":true,"href":"https:\/\/www.europesays.com\/fr\/wp-json\/wp\/v2\/categories?post=227817"},{"taxonomy":"post_tag","embeddable":true,"href":"https:\/\/www.europesays.com\/fr\/wp-json\/wp\/v2\/tags?post=227817"}],"curies":[{"name":"wp","href":"https:\/\/api.w.org\/{rel}","templated":true}]}}