{"id":227818,"date":"2025-07-05T09:42:09","date_gmt":"2025-07-05T09:42:09","guid":{"rendered":"https:\/\/www.europesays.com\/fr\/227818\/"},"modified":"2025-07-05T09:42:09","modified_gmt":"2025-07-05T09:42:09","slug":"dijon-sport-truck-dijon","status":"publish","type":"post","link":"https:\/\/www.europesays.com\/fr\/227818\/","title":{"rendered":"Dijon Sport Truck &#8211; Dijon"},"content":{"rendered":"<p>Cet \u00e9t\u00e9, <strong>du 7 juillet au 29 aout<\/strong>, d\u00e9couvrez le Dijon Sport Truck dans diff\u00e9rents parcs de la ville.<\/p>\n<p>Vous pourrez pratiquer librement et gratuitement, une des nombreuses activit\u00e9s sportives ou de loisirs propos\u00e9es, des plus connues comme le badminton, volleyball, soft tir \u00e0 l\u2019arc, p\u00e9tanque, molky, boccia, au plus originales lacrosse, bumpball, cardiogoal, et bien d\u2019autres\u2026.<\/p>\n<p><strong>Calendrier de la premi\u00e8re semaine \u2013 Du lundi 7 au vendredi 11 juillet, de 15h \u00e0 19h<\/strong><\/p>\n<p>Retrouvez le sport truck dans les parcs et jardins de Dijon :<\/p>\n<p>\u2022 <strong>Lundi 7 juillet<\/strong> : Parc de la Colombi\u00e8re<\/p>\n<p>\u2022 <strong>Mardi 8 juillet<\/strong> : Parc des Gr\u00e9silles<\/p>\n<p>\u2022 <strong>Mercredi 9 juillet<\/strong> : Jardin Darcy<\/p>\n<p>\u2022 <strong>Jeudi 10 juillet<\/strong> : Jardin du Port du Canal<\/p>\n<p>\u2022 <strong>Vendredi 11 juillet<\/strong> : Lac Kir<\/p>\n","protected":false},"excerpt":{"rendered":"Cet \u00e9t\u00e9, du 7 juillet au 29 aout, d\u00e9couvrez le Dijon Sport Truck dans diff\u00e9rents parcs de la&hellip;\n","protected":false},"author":2,"featured_media":227819,"comment_status":"","ping_status":"","sticky":false,"template":"","format":"standard","meta":{"footnotes":""},"categories":[1417],"tags":[1011,27,60,1470,1469],"class_list":{"0":"post-227818","1":"post","2":"type-post","3":"status-publish","4":"format-standard","5":"has-post-thumbnail","7":"category-volley","8":"tag-fr","9":"tag-france","10":"tag-sports","11":"tag-volley","12":"tag-volleyball"},"share_on_mastodon":{"url":"https:\/\/pubeurope.com\/@fr\/114799977665619919","error":""},"_links":{"self":[{"href":"https:\/\/www.europesays.com\/fr\/wp-json\/wp\/v2\/posts\/227818","targetHints":{"allow":["GET"]}}],"collection":[{"href":"https:\/\/www.europesays.com\/fr\/wp-json\/wp\/v2\/posts"}],"about":[{"href":"https:\/\/www.europesays.com\/fr\/wp-json\/wp\/v2\/types\/post"}],"author":[{"embeddable":true,"href":"https:\/\/www.europesays.com\/fr\/wp-json\/wp\/v2\/users\/2"}],"replies":[{"embeddable":true,"href":"https:\/\/www.europesays.com\/fr\/wp-json\/wp\/v2\/comments?post=227818"}],"version-history":[{"count":0,"href":"https:\/\/www.europesays.com\/fr\/wp-json\/wp\/v2\/posts\/227818\/revisions"}],"wp:featuredmedia":[{"embeddable":true,"href":"https:\/\/www.europesays.com\/fr\/wp-json\/wp\/v2\/media\/227819"}],"wp:attachment":[{"href":"https:\/\/www.europesays.com\/fr\/wp-json\/wp\/v2\/media?parent=227818"}],"wp:term":[{"taxonomy":"category","embeddable":true,"href":"https:\/\/www.europesays.com\/fr\/wp-json\/wp\/v2\/categories?post=227818"},{"taxonomy":"post_tag","embeddable":true,"href":"https:\/\/www.europesays.com\/fr\/wp-json\/wp\/v2\/tags?post=227818"}],"curies":[{"name":"wp","href":"https:\/\/api.w.org\/{rel}","templated":true}]}}