{"id":227820,"date":"2025-07-05T09:43:10","date_gmt":"2025-07-05T09:43:10","guid":{"rendered":"https:\/\/www.europesays.com\/fr\/227820\/"},"modified":"2025-07-05T09:43:10","modified_gmt":"2025-07-05T09:43:10","slug":"nouvelle-zelande-xv-de-france-face-aux-all-blacks-theo-attissogbe-a-montre-quil-avait-deja-tout-dun-tres-grand","status":"publish","type":"post","link":"https:\/\/www.europesays.com\/fr\/227820\/","title":{"rendered":"Nouvelle-Z\u00e9lande &#8211; XV de France &#8211; Face aux All Blacks, Th\u00e9o Attissogbe a montr\u00e9 qu&rsquo;il avait d\u00e9j\u00e0 tout d\u2019un (tr\u00e8s) grand"},"content":{"rendered":"<p>\n                Replac\u00e9 \u00e0 l&rsquo;arri\u00e8re pour ce premier test-match \u00e0 Dunedin apr\u00e8s le forfait de Tiberghien, Th\u00e9o Attissogbe a encore r\u00e9alis\u00e9 une prestation majuscule. Brillant en attaque et sauveur en d\u00e9fense, il a encore prouv\u00e9 combien son talent savait s&rsquo;exprimer sur la sc\u00e8ne internationale.\u00a0\n            <\/p>\n<p>Jeudi soir, au moment de commenter la composition d\u2019\u00e9quipe qu\u2019il venait d\u2019annoncer pour ce premier test-match face aux All Blacks, Fabien Galthi\u00e9 fut \u00e9videmment amen\u00e9 \u00e0 \u00e9voquer le forfait de Cheikh Tiberghien, lequel \u00e9tait pr\u00e9vu avec le num\u00e9ro 15 dans le dos pour d\u00e9buter au Forsyth Barr des Dunedin. Le s\u00e9lectionneur s\u2019\u00e9tait alors attard\u00e9 sur la titularisation \u00e0 l\u2019aile de Tom Spring : \u00ab Au d\u00e9part, il ne devait pas \u00eatre sur la feuille de match mais Cheikh a \u00e9t\u00e9 victime d\u2019une d\u00e9chirure \u00e0 l\u2019ischio-jambier, ce qui nous a oblig\u00e9s \u00e0 remodeler l\u2019\u00e9quipe et \u00e0 d\u00e9caler Th\u00e9o Attissogbe en 15. \u00bb Le technicien a poursuivi\u00a0son la\u00efus sur l\u2019ailier bayonnais, \u00e9voquant aussi au passage son alter ego Gabin Villi\u00e8re, mais n\u2019a pas jug\u00e9 bon de revenir sur le repositionnement d\u2019Attissogbe. Voil\u00e0 qui peut largement se comprendre, tant le Palois n\u2019inspire aujourd\u2019hui pas la moindre crainte aux membres du staff et tant il est d\u00e9j\u00e0 consid\u00e9r\u00e9 comme une valeur s\u00fbre \u00e0 leurs yeux. D\u2019autant plus dans ce genre de tourn\u00e9e avec un effectif extr\u00eamement remani\u00e9 et inexp\u00e9riment\u00e9. Et, sur la pelouse n\u00e9o-z\u00e9landaise, le champion du monde U20 (en 2023) a encore d\u00e9montr\u00e9 \u00e0 quel point il \u00e9tait digne de la confiance qui lui est accord\u00e9e.<\/p>\n<p>Option de premier choix<\/p>\n<p>Attissogbe n\u2019a pourtant qu\u2019une seule ann\u00e9e de v\u00e9cu avec les Bleus. Mais quelle ann\u00e9e\u2026 D\u00e9j\u00e0, il avait \u00e9t\u00e9 une des immenses satisfactions de la tourn\u00e9e estivale en Argentine en 2024, laquelle l\u2019avait vu d\u00e9marrer les deux tests \u00e0 l\u2019aile et inscrire un essai \u00e0 chaque fois. Des performances remarqu\u00e9es qui lui avaient permis d\u2019encha\u00eener en novembre dernier face au Japon, quand il avait remplac\u00e9 Damian Penaud au pied lev\u00e9. Puis dans un Tournoi des 6 Nations au cours duquel il \u00e9tait dans le XV de d\u00e9part face au Pays de Galles et en Italie, marquant la bagatelle de trois essais sur ces deux rendez-vous. Ce qui en a d\u00e9finitivement fait une option de premier choix sur le triangle d\u2019attaque tricolore, avec les Ramos, Penaud, Bielle-Biarrey et Barr\u00e9. Les deux Bordelais et le Toulousain n\u2019\u00e9tant pas du voyage en Nouvelle-Z\u00e9lande, et l\u2019arri\u00e8re parisien \u00e9tant trop juste pour postuler \u00e0 ce premier duel, le prot\u00e9g\u00e9 de S\u00e9bastien Piqueronies est logiquement apparu comme le nouveau taulier d\u2019un secteur d\u00e9garni. \u00c0 seulement 20 ans, il devait assumer au pays du rugby. Il l\u2019a fait.<\/p>\n<p>D\u00e9cisif sur tous les fronts<\/p>\n<p>D\u00e9j\u00e0 align\u00e9 \u00e0 l\u2019arri\u00e8re deux semaines auparavant en Angleterre, un poste qu\u2019il a occup\u00e9 \u00e0 huit reprises avec la Section paloise cette saison, l\u2019int\u00e9ress\u00e9 avait r\u00e9alis\u00e9 une excellente prestation avant de c\u00e9der sa place \u00e0 la mi-temps en raison de points de suture, et avait apport\u00e9 de s\u00e9rieuses garanties \u00e0 Galthi\u00e9. Ce samedi, il a d\u2019entr\u00e9e affich\u00e9 son autorit\u00e9 en allant capter un ballon chaud dans les airs \u00e0 la 5e minute, avec sa technique de \u00ab basketteur \u00bb (les bras tendus vers le ciel) d\u00e9crypt\u00e9e par nos soins vendredi. Il a \u00e9galement prouv\u00e9 ses qualit\u00e9s de lecture en interceptant une passe adverse sur ses trente m\u00e8tres (16e), alors que la situation \u00e9tait tr\u00e8s dangereuse en bout de ligne pour le XV de France. Et que dire de ses incroyables qualit\u00e9s offensives\u00a0? Avec des miettes, puisque les Bleus ont b\u00e9n\u00e9fici\u00e9 de beaucoup moins de munitions que les All Blacks, il a su se montrer d\u00e9cisif. En effet, c\u2019est lui qui, d\u2019une acc\u00e9l\u00e9ration d\u00e9vastatrice (18e) sur une action en premi\u00e8re main, a d\u00e9chir\u00e9 le rideau et d\u00e9pos\u00e9 les fl\u00e8ches n\u00e9o-z\u00e9landaises gr\u00e2ce \u00e0 sa vitesse, avant de servir son pote \u00c9milien Gailleton \u00e0 son int\u00e9rieur. Une s\u00e9quence qui a termin\u00e9 par le premier essai fran\u00e7ais de Micka\u00ebl Guillard. Pour le reste ? Attissogbe s\u2019est \u00e9vertu\u00e9 \u00e0 couvrir avec efficacit\u00e9 le fond du terrain, rattrapant plusieurs coups en d\u00e9fense et sauvant les siens malgr\u00e9 la pression noire. Si les Bleus ont \u00e9t\u00e9 h\u00e9ro\u00efques \u00e0 Dunedin, il fut de son c\u00f4t\u00e9 un exemple de talent et d\u2019abn\u00e9gation. Le retour de Barr\u00e9, pour le deuxi\u00e8me test, devrait le d\u00e9porter \u00e0 l\u2019aile. Mais peu importe sa position, apr\u00e8s avoir encore marqu\u00e9 les esprits dans ce rendez-vous majeur, Attissogbe est un grand parmi les grands.<\/p>\n","protected":false},"excerpt":{"rendered":"Replac\u00e9 \u00e0 l&rsquo;arri\u00e8re pour ce premier test-match \u00e0 Dunedin apr\u00e8s le forfait de Tiberghien, Th\u00e9o Attissogbe a encore&hellip;\n","protected":false},"author":2,"featured_media":227821,"comment_status":"","ping_status":"","sticky":false,"template":"","format":"standard","meta":{"footnotes":""},"categories":[1416],"tags":[1011,27,479,1468,60],"class_list":{"0":"post-227820","1":"post","2":"type-post","3":"status-publish","4":"format-standard","5":"has-post-thumbnail","7":"category-rugby","8":"tag-fr","9":"tag-france","10":"tag-rugby","11":"tag-rugby-football","12":"tag-sports"},"share_on_mastodon":{"url":"https:\/\/pubeurope.com\/@fr\/114799981636603253","error":""},"_links":{"self":[{"href":"https:\/\/www.europesays.com\/fr\/wp-json\/wp\/v2\/posts\/227820","targetHints":{"allow":["GET"]}}],"collection":[{"href":"https:\/\/www.europesays.com\/fr\/wp-json\/wp\/v2\/posts"}],"about":[{"href":"https:\/\/www.europesays.com\/fr\/wp-json\/wp\/v2\/types\/post"}],"author":[{"embeddable":true,"href":"https:\/\/www.europesays.com\/fr\/wp-json\/wp\/v2\/users\/2"}],"replies":[{"embeddable":true,"href":"https:\/\/www.europesays.com\/fr\/wp-json\/wp\/v2\/comments?post=227820"}],"version-history":[{"count":0,"href":"https:\/\/www.europesays.com\/fr\/wp-json\/wp\/v2\/posts\/227820\/revisions"}],"wp:featuredmedia":[{"embeddable":true,"href":"https:\/\/www.europesays.com\/fr\/wp-json\/wp\/v2\/media\/227821"}],"wp:attachment":[{"href":"https:\/\/www.europesays.com\/fr\/wp-json\/wp\/v2\/media?parent=227820"}],"wp:term":[{"taxonomy":"category","embeddable":true,"href":"https:\/\/www.europesays.com\/fr\/wp-json\/wp\/v2\/categories?post=227820"},{"taxonomy":"post_tag","embeddable":true,"href":"https:\/\/www.europesays.com\/fr\/wp-json\/wp\/v2\/tags?post=227820"}],"curies":[{"name":"wp","href":"https:\/\/api.w.org\/{rel}","templated":true}]}}