{"id":227825,"date":"2025-07-05T09:47:19","date_gmt":"2025-07-05T09:47:19","guid":{"rendered":"https:\/\/www.europesays.com\/fr\/227825\/"},"modified":"2025-07-05T09:47:19","modified_gmt":"2025-07-05T09:47:19","slug":"la-f1-transforme-les-3-fontaines-avec-le-grand-prix-3f-experience","status":"publish","type":"post","link":"https:\/\/www.europesays.com\/fr\/227825\/","title":{"rendered":"la F1 transforme les 3-Fontaines avec le \u00ab\u00a0Grand Prix 3F Exp\u00e9rience\u00a0\u00bb"},"content":{"rendered":"<p>            Par<br \/>\n        <strong><br \/>\n            <a href=\"https:\/\/actu.fr\/auteur\/journaliste-rg\" title=\"Consulter tous les articles de R\u00e9daction Pontoise\" target=\"_blank\" rel=\"noopener\">R\u00e9daction Pontoise<\/a><br \/>\n        <\/strong><\/p>\n<p>        Publi\u00e9 le<\/p>\n<p>            5 juil. 2025 \u00e0 11h26        <\/p>\n<p>Paddocks et drapeaux \u00e0 damier marquent le Top d\u00e9part de deux semaines d\u00e9di\u00e9es \u00e0 la<b> Formule 1<\/b>.<\/p>\n<p class=\" wall-content\">Depuis mercredi 2 juillet, la place de la Halle, pr\u00e8s de<b> Auchan<\/b>, au <b>centre commercial des 3-Fontaines \u00e0<a href=\"https:\/\/actu.fr\/ile-de-france\/cergy_95127\" target=\"_blank\" rel=\"noopener\"> Cergy<\/a><\/b>, accueille les premiers stands. Un jeu de pods lumineux y est install\u00e9 pour tester ses r\u00e9flexes : il faut appuyer, plus vite que son adversaire, sur les pods qui s\u2019allument pour remporter la partie.<\/p>\n<p class=\" wall-content\">Du c\u00f4t\u00e9 du District, les \u00e9motions sont au rendez-vous avec un simulateur F1 des ann\u00e9es 1990.<\/p>\n<blockquote class=\"ac-article-quote wall-content\">\n<p>\u00ab\u00a0C\u2019est le plus beau jour de ma vie\u00a0\u00bb, s\u2019exclame une passante, \u00e9merveill\u00e9e devant la voiture de course.<\/p>\n<\/blockquote>\n<p class=\" wall-content\">Il faudra toutefois patienter quelques jours avant de pouvoir monter \u00e0 bord. Les apprentis pilotes pourront tester leurs talents gr\u00e2ce \u00e0 un casque de r\u00e9alit\u00e9 virtuelle. Le d\u00e9fi pourrait en int\u00e9resser plus d\u2019un, d\u2019autant plus qu\u2019un permis de l\u2019auto-\u00e9cole Maxi Conduite sera offert \u00e0 celui ou celle qui r\u00e9alisera le meilleur score.<\/p>\n<p>Rendez-vous au premier virage !<\/p>\n<p class=\" wall-content\">A cette occasion, la gendarmerie nationale s\u2019associe aux 3-Fontaines pour r\u00e9aliser des actions de pr\u00e9vention routi\u00e8re. D\u00e8s ce samedi, un parcours de s\u00e9curit\u00e9 et un parcours jeune conducteur sont propos\u00e9s. \u00c0 l\u2019issue de l\u2019activit\u00e9, chaque participant se verra remettre un dipl\u00f4me. Un photobooth permettra aux visiteurs de s\u2019immiscer dans la peau d\u2019un pilote en enfilant sa combinaison de course.<\/p>\n<p>Vid\u00e9os : en ce moment sur Actu<\/p>\n<p class=\" wall-content\">Et ce n\u2019est pas tout ! Deux pilotes professionnels seront \u00e0 l\u2019honneur : Matt\u00e9o Castel, pilote de Formule 4 (le 9 juillet de 14h \u00e0 17h), et Dorian Boccolacci, pilote de Formule 3 (le 16 juillet de 14h \u00e0 17h). Un occasion unique d\u2019\u00e9changer avec des passionn\u00e9s et de b\u00e9n\u00e9ficier de leurs pr\u00e9cieux conseils.<\/p>\n<p>Faites chauffer les moteurs !<\/p>\n<p class=\" wall-content\">Le 12 juillet, la Fnac et Canal + organiseront aux 3-Fontaines un tournoi Mario Kart sur la Nintendo Switch 2. Ce moment convivial et interg\u00e9n\u00e9rationnel permettra aux amateurs de jeux vid\u00e9o de s\u2019affronter sur ce jeu culte, toujours aussi populaire.<\/p>\n<p class=\" wall-content\">Pour clore cet \u00e9v\u00e9nement Formule 1 en beaut\u00e9, la galerie marchande de Cergy-Pontoise, toujours en partenariat avec Canal +, accueillera un simulateur de Moto GP le 18 juillet. Et le 19 juillet, le concessionnaire MG Motor proposera des essais de v\u00e9hicules pour prolonger l\u2019exp\u00e9rience sur quatre roues.<\/p>\n<p class=\" wall-content\"><strong>Elisabeth PIVIN<\/strong><\/p>\n<p class=\" wall-content\">Suivez toute l\u2019actualit\u00e9 de vos villes et m\u00e9dias favoris en vous inscrivant \u00e0 <a href=\"https:\/\/moncompte.actu.fr\" title=\"D\u00e9couvez Mon Actu\" rel=\"nofollow noopener\" data-trk=\"{&quot;cta&quot;:{&quot;action&quot;:&quot;https:\\\/\\\/moncompte.actu.fr&quot;,&quot;category&quot;:&quot;mon compte&quot;,&quot;from&quot;:&quot;article footer&quot;,&quot;name&quot;:&quot;Mon actu&quot;,&quot;type&quot;:&quot;cta&quot;}}\" target=\"_blank\">Mon Actu<\/a>.<\/p>\n<ul class=\"ac-article-tag wall-content\">\n<li><a href=\"https:\/\/actu.fr\/tag\/agglomeration-de-cergy-pontoise\" data-trk=\"{&quot;cta&quot;:{&quot;action&quot;:&quot;Agglom\\u00e9ration de Cergy-Pontoise&quot;,&quot;category&quot;:&quot;tag&quot;,&quot;from&quot;:&quot;article footer&quot;,&quot;name&quot;:&quot;Agglom\\u00e9ration de Cergy-Pontoise&quot;,&quot;type&quot;:&quot;cta&quot;}}\" target=\"_blank\" rel=\"noopener\">#Agglom\u00e9ration de Cergy-Pontoise<\/a><\/li>\n<\/ul>\n","protected":false},"excerpt":{"rendered":"Par R\u00e9daction Pontoise Publi\u00e9 le 5 juil. 2025 \u00e0 11h26 Paddocks et drapeaux \u00e0 damier marquent le Top&hellip;\n","protected":false},"author":2,"featured_media":227826,"comment_status":"","ping_status":"","sticky":false,"template":"","format":"standard","meta":{"footnotes":""},"categories":[1412],"tags":[8428,1451,1452,1453,1454,1455,1011,27,104,60],"class_list":{"0":"post-227825","1":"post","2":"type-post","3":"status-publish","4":"format-standard","5":"has-post-thumbnail","7":"category-f1","8":"tag-agglomeration-de-cergy-pontoise","9":"tag-f1","10":"tag-formula-1","11":"tag-formula1","12":"tag-formule-1","13":"tag-formule1","14":"tag-fr","15":"tag-france","16":"tag-societe","17":"tag-sports"},"share_on_mastodon":{"url":"https:\/\/pubeurope.com\/@fr\/114799997283199004","error":""},"_links":{"self":[{"href":"https:\/\/www.europesays.com\/fr\/wp-json\/wp\/v2\/posts\/227825","targetHints":{"allow":["GET"]}}],"collection":[{"href":"https:\/\/www.europesays.com\/fr\/wp-json\/wp\/v2\/posts"}],"about":[{"href":"https:\/\/www.europesays.com\/fr\/wp-json\/wp\/v2\/types\/post"}],"author":[{"embeddable":true,"href":"https:\/\/www.europesays.com\/fr\/wp-json\/wp\/v2\/users\/2"}],"replies":[{"embeddable":true,"href":"https:\/\/www.europesays.com\/fr\/wp-json\/wp\/v2\/comments?post=227825"}],"version-history":[{"count":0,"href":"https:\/\/www.europesays.com\/fr\/wp-json\/wp\/v2\/posts\/227825\/revisions"}],"wp:featuredmedia":[{"embeddable":true,"href":"https:\/\/www.europesays.com\/fr\/wp-json\/wp\/v2\/media\/227826"}],"wp:attachment":[{"href":"https:\/\/www.europesays.com\/fr\/wp-json\/wp\/v2\/media?parent=227825"}],"wp:term":[{"taxonomy":"category","embeddable":true,"href":"https:\/\/www.europesays.com\/fr\/wp-json\/wp\/v2\/categories?post=227825"},{"taxonomy":"post_tag","embeddable":true,"href":"https:\/\/www.europesays.com\/fr\/wp-json\/wp\/v2\/tags?post=227825"}],"curies":[{"name":"wp","href":"https:\/\/api.w.org\/{rel}","templated":true}]}}