{"id":227829,"date":"2025-07-05T09:49:14","date_gmt":"2025-07-05T09:49:14","guid":{"rendered":"https:\/\/www.europesays.com\/fr\/227829\/"},"modified":"2025-07-05T09:49:14","modified_gmt":"2025-07-05T09:49:14","slug":"luis-enrique-passe-aux-aveux-nous-avons-copie-lolympique-lyonnais","status":"publish","type":"post","link":"https:\/\/www.europesays.com\/fr\/227829\/","title":{"rendered":"Luis Enrique passe aux aveux : \u00ab\u00a0Nous avons copi\u00e9 l\u2019Olympique Lyonnais\u00a0\u00bb"},"content":{"rendered":"<p data-testid=\"article-teaser\">Une confidence inattendue de Luis Enrique avant PSG-Bayern intrigue les suiveurs : le coach parisien admet une source d\u2019inspiration \u00e9tonnante.<\/p>\n<p><a href=\"https:\/\/www.goal.com\/fr\/listes\/psg-luis-enrique-prevoit-un-classique-contre-le-bayern\/bltf168fb2e7b30a149\" target=\"_self\" rel=\"noopener\">En pleine pr\u00e9paration du choc face au Bayern Munich ce samedi \u00e0 18h en quart de finale de la Coupe du monde des clubs, Luis Enrique s\u2019est livr\u00e9 \u00e0 un petit aveu qui n\u2019est pas pass\u00e9 inaper\u00e7u<\/a>. En conf\u00e9rence de presse, le technicien espagnol a \u00e9voqu\u00e9 une facette bien pr\u00e9cise du jeu parisien et surpris tout le monde en expliquant&#8230; qu\u2019il s\u2019\u00e9tait inspir\u00e9 de l\u2019OL.<\/p>\n<p><a href=\"https:\/\/dazn.prf.hn\/click\/camref:1011lG4NZ\/destination:https:\/\/www.dazn.com\/competition\/Competition:dc4k1xh2984zbypbnunk7ncic\" target=\"_blank\" class=\"affiliate-button\" rel=\"noopener\"><img loading=\"lazy\" decoding=\"async\" src=\"https:\/\/www.europesays.com\/fr\/wp-content\/uploads\/2025\/04\/DAZN.png\" width=\"72\" height=\"40\" alt=\"logo\" class=\"affiliate-logo\"\/>Regarder la Coupe du Monde des Clubs 2025 sur DAZN<\/p>\n<p>Regardez maintenant<\/p>\n<p><\/a>L&rsquo;article continue ci-dessous<\/p>\n","protected":false},"excerpt":{"rendered":"Une confidence inattendue de Luis Enrique avant PSG-Bayern intrigue les suiveurs : le coach parisien admet une source&hellip;\n","protected":false},"author":2,"featured_media":227830,"comment_status":"","ping_status":"","sticky":false,"template":"","format":"standard","meta":{"footnotes":""},"categories":[1410],"tags":[4782,18645,28918,63,1011,27,66,921,2428,3811,91,36231,60],"class_list":{"0":"post-227829","1":"post","2":"type-post","3":"status-publish","4":"format-standard","5":"has-post-thumbnail","7":"category-football","8":"tag-bayern-munich","9":"tag-coupe-du-monde-des-clubs-fifa","10":"tag-fifa-club-world-cup","11":"tag-football","12":"tag-fr","13":"tag-france","14":"tag-ligue-1","15":"tag-luis-enrique","16":"tag-lyon","17":"tag-p-fonseca","18":"tag-paris-saint-germain","19":"tag-paris-saint-germain-vs-bayern-munich","20":"tag-sports"},"share_on_mastodon":{"url":"https:\/\/pubeurope.com\/@fr\/114800005359549383","error":""},"_links":{"self":[{"href":"https:\/\/www.europesays.com\/fr\/wp-json\/wp\/v2\/posts\/227829","targetHints":{"allow":["GET"]}}],"collection":[{"href":"https:\/\/www.europesays.com\/fr\/wp-json\/wp\/v2\/posts"}],"about":[{"href":"https:\/\/www.europesays.com\/fr\/wp-json\/wp\/v2\/types\/post"}],"author":[{"embeddable":true,"href":"https:\/\/www.europesays.com\/fr\/wp-json\/wp\/v2\/users\/2"}],"replies":[{"embeddable":true,"href":"https:\/\/www.europesays.com\/fr\/wp-json\/wp\/v2\/comments?post=227829"}],"version-history":[{"count":0,"href":"https:\/\/www.europesays.com\/fr\/wp-json\/wp\/v2\/posts\/227829\/revisions"}],"wp:featuredmedia":[{"embeddable":true,"href":"https:\/\/www.europesays.com\/fr\/wp-json\/wp\/v2\/media\/227830"}],"wp:attachment":[{"href":"https:\/\/www.europesays.com\/fr\/wp-json\/wp\/v2\/media?parent=227829"}],"wp:term":[{"taxonomy":"category","embeddable":true,"href":"https:\/\/www.europesays.com\/fr\/wp-json\/wp\/v2\/categories?post=227829"},{"taxonomy":"post_tag","embeddable":true,"href":"https:\/\/www.europesays.com\/fr\/wp-json\/wp\/v2\/tags?post=227829"}],"curies":[{"name":"wp","href":"https:\/\/api.w.org\/{rel}","templated":true}]}}