{"id":227833,"date":"2025-07-05T09:51:12","date_gmt":"2025-07-05T09:51:12","guid":{"rendered":"https:\/\/www.europesays.com\/fr\/227833\/"},"modified":"2025-07-05T09:51:12","modified_gmt":"2025-07-05T09:51:12","slug":"100-images-qui-font-voyager-signees-ferrante-ferranti","status":"publish","type":"post","link":"https:\/\/www.europesays.com\/fr\/227833\/","title":{"rendered":"100 images qui font voyager, sign\u00e9es Ferrante Ferranti"},"content":{"rendered":"<p class=\"article__intro\">Le photographe voyageur de renomm\u00e9e internationale, Ferrante Ferranti, expose tout l\u2019\u00e9t\u00e9 \u00e0 l\u2019Espace Saint-Louis de Bar-le-Duc. Une exp\u00e9rience \u00e0 ne pas rater.<\/p>\n<p>\n      Soci\u00e9t\u00e9\n    <\/p>\n<p>\n      De la vie quotidienne aux grands enjeux, d\u00e9couvrez les sujets qui font la soci\u00e9t\u00e9 locale, comme la justice, l\u2019\u00e9ducation, la sant\u00e9 et la famille.\n    <\/p>\n<p>    France T\u00e9l\u00e9visions utilise votre adresse e-mail afin de vous envoyer la newsletter \u00ab\u00a0Soci\u00e9t\u00e9\u00a0\u00bb. Vous pouvez vous d\u00e9sinscrire \u00e0 tout moment via le lien en bas de cette newsletter. <a target=\"_blank\" href=\"https:\/\/www.francetelevisions.fr\/groupe\/confidentialite\/politique-de-confidentialite\/politique-de-confidentialite-de-france-televisions-6503\" rel=\"nofollow noopener\">Notre politique de confidentialit\u00e9<\/a><\/p>\n<p>Sa r\u00e9putation n\u2019est plus \u00e0 faire. Fran\u00e7ais d\u2019origine sardo-sicilienne, <a>Ferrante Ferranti<\/a> est l\u2019un des grands noms de la photographie contemporaine. Architecte de formation, voyageur dans l\u2019\u00e2me, il explore depuis plus de 40 ans la lumi\u00e8re, les ruines, les visages et les paysages du monde entier. Ses \u0153uvres ont \u00e9t\u00e9 pr\u00e9sent\u00e9es dans des lieux prestigieux : Petit Palais, Maison Europ\u00e9enne de la Photographie, Mus\u00e9e national des Philippines, Mus\u00e9e de l\u2019Ara Pacis \u00e0 Rome\u2026 Jusqu\u2019au 31 octobre 2025 \u00e0 Bar-le-Duc (Meuse), l\u2019exposition \u00ab\u00a0Caresser la lumi\u00e8re\u00a0\u00bb d\u00e9ploie quatre d\u00e9cennies d\u2019errances photographiques \u00e0 travers le globe.<\/p>\n<p><a data-article-figure=\"\" href=\"https:\/\/france3-regions.franceinfo.fr\/image\/1X_htF1tyKZuNKk9uPH5Q34Amg0\/2048x1365\/regions\/2025\/07\/04\/514355134-23884386921229323-6016179094486210184-n-6867a5af1cc3d370261607.jpg\" data-pswp-width=\"2048\" data-pswp-height=\"1365\" target=\"_blank\" rel=\"nofollow noopener\"><\/p>\n<p>          <img width=\"600\" height=\"400\" class=\"article-image lazy\" data-src=\"https:\/\/www.europesays.com\/fr\/wp-content\/uploads\/2025\/07\/514355134-23884386921229323-6016179094486210184-n-6867a5af1cc3d370261607.jpg\" alt=\"Ferrante Ferranti lors du vernissage de l'exposition &quot;Caresser la lumi\u00e8re&quot; \u00e0 Bar-le-Duc (Meuse), d\u00e9but juillet 2025.\" fetchpriority=\"high\" as=\"image\"\/><\/p>\n<p>\n            Ferrante Ferranti lors du vernissage de l&rsquo;exposition \u00ab\u00a0Caresser la lumi\u00e8re\u00a0\u00bb \u00e0 Bar-le-Duc (Meuse), d\u00e9but juillet 2025.<br \/>\n                           \u2022<br \/>\n                                      \u00a9 Laurent Nembrini\n                      <\/p>\n<p><\/a><\/p>\n<blockquote class=\"ftvi_content_quote\">\n<p class=\"ftvi_citation_quote\">Je leur ai laiss\u00e9 carte blanche pour cette expo et quand j\u2019ai d\u00e9couvert l\u2019accrochage, j\u2019ai \u00e9t\u00e9 tr\u00e8s \u00e9mu<\/p>\n<p>Ferrante Ferranti, photographe<\/p>\n<\/blockquote>\n<p>Joint par visio, Ferrante Ferranti nous r\u00e9pond depuis le corridor d\u2019une \u00e9choppe de la vieille ville du Caire, en \u00c9gypte. Il nous livre les coulisses de cette exposition hors normes : \u00ab\u00a0Je suis venu \u00e0 Bar-le-Duc pour la premi\u00e8re fois en 1983 car j\u2019avais entendu parler du Transi du sculpteur Ligier Richier. J\u2019y suis revenu avec plaisir pour le vernissage de cette exposition car j\u2019ai \u00e9t\u00e9 tr\u00e8s touch\u00e9 par le fait que le projet est port\u00e9 par une association de b\u00e9n\u00e9voles, de vrais connaisseurs passionn\u00e9s. Je leur ai laiss\u00e9 carte blanche pour cette expo et quand j\u2019ai d\u00e9couvert l\u2019accrochage, j\u2019ai \u00e9t\u00e9 tr\u00e8s \u00e9mu. L\u2019\u00e9quipe a fait preuve d\u2019un accueil et d\u2019une exigence rares\u00a0\u00bb.<\/p>\n<p><a data-article-figure=\"\" href=\"https:\/\/france3-regions.franceinfo.fr\/image\/WYefnoy6i1DRHWOBCrwg6hoBhrc\/1920x2787\/regions\/2025\/07\/04\/thumbnail-statue18-copie-6867a24492768003030248.jpg\" data-pswp-width=\"1920\" data-pswp-height=\"2787\" target=\"_blank\" rel=\"nofollow noopener\"><\/p>\n<p>          <img width=\"600\" height=\"400\" class=\"article-image lazy\" data-src=\"https:\/\/www.europesays.com\/fr\/wp-content\/uploads\/2025\/07\/thumbnail-statue18-copie-6867a24492768003030248.jpg\" alt=\"Marbre de Pluton et Proserpine par Le Bernin, Villa Borghese \u00e0 Rome (Italie).\" fetchpriority=\"high\" as=\"image\"\/><\/p>\n<p>\n            Marbre de Pluton et Proserpine par Le Bernin, Villa Borghese \u00e0 Rome (Italie).<br \/>\n                           \u2022<br \/>\n                                      \u00a9 Ferrante Ferranti\n                      <\/p>\n<p><\/a><\/p>\n<blockquote class=\"ftvi_content_quote\">\n<p class=\"ftvi_citation_quote\">Le spectateur pourra voir ses clich\u00e9s les plus c\u00e9l\u00e8bres mais aussi d\u2019autres moins connus, voire jamais montr\u00e9s<\/p>\n<p>Philippe Lerat, commissaire de l\u2019exposition<\/p>\n<\/blockquote>\n<p>Depuis le 1\u1d49\u02b3 juillet, plus de 100 clich\u00e9s de l\u2019artiste sont \u00e0 contempler \u00e0 l\u2019Espace Saint-Louis, un centre d&rsquo;art contemporain fond\u00e9 par l\u2019association <a>Expressions<\/a>, implant\u00e9 dans une ancienne chapelle du quartier Renaissance de Bar-Le-Duc. Un cadre exceptionnel, qui fait \u00e9cho aux puissantes images de Ferranti. \u00ab\u00a0Ferrante Ferranti m\u2019a laiss\u00e9 choisir les \u0153uvres en toute libert\u00e9. J\u2019ai pass\u00e9 deux journ\u00e9es enti\u00e8res avec lui \u00e0 explorer ses archives, quarante ann\u00e9es de photographie. Le spectateur pourra voir ses clich\u00e9s les plus c\u00e9l\u00e8bres mais aussi d\u2019autres moins connus, voire jamais montr\u00e9s\u00a0\u00bb, sourit Philippe Lerat, le commissaire de l\u2019exposition.<\/p>\n<p><a data-article-figure=\"\" href=\"https:\/\/france3-regions.franceinfo.fr\/image\/aGzeD1ad0sIdi7QxUzVJqk7P4hk\/1091x1600\/regions\/2025\/07\/04\/thumbnail-amritsar-90-6867a14384eba056816277.jpg\" data-pswp-width=\"1091\" data-pswp-height=\"1600\" target=\"_blank\" rel=\"nofollow noopener\"><\/p>\n<p>          <img width=\"600\" height=\"400\" class=\"article-image lazy\" data-src=\"https:\/\/www.europesays.com\/fr\/wp-content\/uploads\/2025\/07\/thumbnail-amritsar-90-6867a14384eba056816277.jpg\" alt=\"Temple d\u2019Or d\u2019Amritsar (Inde).\" fetchpriority=\"high\" as=\"image\"\/><\/p>\n<p>\n            Temple d\u2019Or d\u2019Amritsar (Inde).<br \/>\n                           \u2022<br \/>\n                                      \u00a9 Ferrante Ferranti\n                      <\/p>\n<p><\/a><\/p>\n<blockquote class=\"ftvi_content_quote\">\n<p class=\"ftvi_citation_quote\">Je ne cherche pas seulement la beaut\u00e9, mais l\u2019esprit des lieux, leur vibration<\/p>\n<p>Ferrante Ferranti, photographe<\/p>\n<\/blockquote>\n<p>Birmanie, Iran, \u00c9thiopie, Br\u00e9sil, Japon, Philippines\u2026 Ferranti a sublim\u00e9 une multitude de pays. Guid\u00e9 par la lumi\u00e8re et l\u2019intuition, il capte l\u2019\u00e2me des lieux et des \u00eatres \u00e0 travers des cadrages pr\u00e9cis et des ombres profondes. \u00ab\u00a0J\u2019ai publi\u00e9 une quarantaine de r\u00e9cits de voyage avec Dominique Fernandez (Acad\u00e9mie fran\u00e7aise), qui explorent le baroque et les strates de civilisations, de la Syrie \u00e0 la Bolivie en passant par l\u2019Italie ou la Russie. Je ne cherche pas seulement la beaut\u00e9, mais l\u2019esprit des lieux, leur vibration. En Inde, o\u00f9 sont n\u00e9es trois religions, j\u2019ai voulu capter la spiritualit\u00e9, ce qui \u00e9chappe, ce qui tremble sous la surface\u00a0\u00bb, confie l\u2019artiste.<\/p>\n<p><a data-article-figure=\"\" href=\"https:\/\/france3-regions.franceinfo.fr\/image\/SvoIQPADKTJjtZhJezALMnRrK7w\/4267x6300\/regions\/2025\/07\/04\/petitefille-tirage-copie-6867a1f393af4173166785.jpg\" data-pswp-width=\"4267\" data-pswp-height=\"6300\" target=\"_blank\" rel=\"nofollow noopener\"><\/p>\n<p>          <img width=\"600\" height=\"400\" class=\"article-image lazy\" data-src=\"https:\/\/www.europesays.com\/fr\/wp-content\/uploads\/2025\/07\/petitefille-tirage-copie-6867a1f393af4173166785.jpg\" alt=\"\u00c9glise de Santa Clara, Antigua (Guatemala).\" fetchpriority=\"high\" as=\"image\"\/><\/p>\n<p>\n            \u00c9glise de Santa Clara, Antigua (Guatemala).<br \/>\n                           \u2022<br \/>\n                                      \u00a9 Ferrante Ferranti\n                      <\/p>\n<p><\/a><\/p>\n<blockquote class=\"ftvi_content_quote\">\n<p class=\"ftvi_citation_quote\">C\u2019est une exp\u00e9rience sensible qui doit amener le spectateur, dans un monde o\u00f9 les images sont omnipr\u00e9sentes, \u00e0 lib\u00e9rer son regard<\/p>\n<p>Philippe Lerat, commissaire de l\u2019exposition<\/p>\n<\/blockquote>\n<p>Un travail profond et lumineux, qui s\u00e9duit autant les amateurs d\u2019art que les curieux en qu\u00eate d\u2019\u00e9vasion. Chaque image invite au silence, \u00e0 la contemplation. \u00ab\u00a0C\u2019est une exp\u00e9rience sensible qui doit amener le spectateur, dans un monde o\u00f9 les images sont omnipr\u00e9sentes, \u00e0 lib\u00e9rer son regard. Ferrante Ferranti \u00e9crit avec la lumi\u00e8re, son approche est presque tactile. Aborder sa photographie, c\u2019est faire l\u2019exp\u00e9rience sensible et sensuelle de la lumi\u00e8re, dans un chemin qui est celui d\u2019une recherche spirituelle au sens large\u00a0\u00bb, conclut le commissaire de l\u2019exposition, Philippe Lerat.<\/p>\n<p><a data-article-figure=\"\" href=\"https:\/\/france3-regions.franceinfo.fr\/image\/vfZEjav1oXea3MPbW1r9Ysi8bpQ\/2048x1365\/regions\/2025\/07\/04\/514403239-23884388254562523-10702354920394249-n-6867a60c8ecfc331789963.jpg\" data-pswp-width=\"2048\" data-pswp-height=\"1365\" target=\"_blank\" rel=\"nofollow noopener\"><\/p>\n<p>          <img width=\"600\" height=\"400\" class=\"article-image lazy\" data-src=\"https:\/\/www.europesays.com\/fr\/wp-content\/uploads\/2025\/07\/514403239-23884388254562523-10702354920394249-n-6867a60c8ecfc331789963.jpg\" alt=\"Jusqu\u2019au 31 octobre 2025 \u00e0 Bar-le-Duc (Meuse), l\u2019exposition &quot;Caresser la lumi\u00e8re&quot; d\u00e9ploie quatre d\u00e9cennies d\u2019errances photographiques de Ferrante Ferranti \u00e0 travers le globe.\" fetchpriority=\"high\" as=\"image\"\/><\/p>\n<p>\n            Jusqu\u2019au 31 octobre 2025 \u00e0 Bar-le-Duc (Meuse), l\u2019exposition \u00ab\u00a0Caresser la lumi\u00e8re\u00a0\u00bb d\u00e9ploie quatre d\u00e9cennies d\u2019errances photographiques de Ferrante Ferranti \u00e0 travers le globe.<br \/>\n                           \u2022<br \/>\n                                      \u00a9 Laurent Nembrini\n                      <\/p>\n<p><\/a><\/p>\n<p>Apr\u00e8s Fran\u00e7ois Schuiten, Jo\u00ebl Leick et Loustal l\u2019an pass\u00e9, la grande exposition de l\u2019\u00e9t\u00e9 \u00e0 l\u2019Espace Saint-Louis c\u00e9l\u00e8bre cette ann\u00e9e le regard de <a>Ferrante Ferranti<\/a>. \u00c0 d\u00e9couvrir jusqu\u2019au 31 octobre 2025 \u00e0 Bar-le-Duc.<\/p>\n","protected":false},"excerpt":{"rendered":"Le photographe voyageur de renomm\u00e9e internationale, Ferrante Ferranti, expose tout l\u2019\u00e9t\u00e9 \u00e0 l\u2019Espace Saint-Louis de Bar-le-Duc. Une exp\u00e9rience&hellip;\n","protected":false},"author":2,"featured_media":227834,"comment_status":"","ping_status":"","sticky":false,"template":"","format":"standard","meta":{"footnotes":""},"categories":[1358],"tags":[1348,1384,1385,1386,58,59,1011,27],"class_list":{"0":"post-227833","1":"post","2":"type-post","3":"status-publish","4":"format-standard","5":"has-post-thumbnail","7":"category-arts-et-design","8":"tag-arts","9":"tag-arts-and-design","10":"tag-arts-et-design","11":"tag-design","12":"tag-divertissement","13":"tag-entertainment","14":"tag-fr","15":"tag-france"},"share_on_mastodon":{"url":"https:\/\/pubeurope.com\/@fr\/114800013236826594","error":""},"_links":{"self":[{"href":"https:\/\/www.europesays.com\/fr\/wp-json\/wp\/v2\/posts\/227833","targetHints":{"allow":["GET"]}}],"collection":[{"href":"https:\/\/www.europesays.com\/fr\/wp-json\/wp\/v2\/posts"}],"about":[{"href":"https:\/\/www.europesays.com\/fr\/wp-json\/wp\/v2\/types\/post"}],"author":[{"embeddable":true,"href":"https:\/\/www.europesays.com\/fr\/wp-json\/wp\/v2\/users\/2"}],"replies":[{"embeddable":true,"href":"https:\/\/www.europesays.com\/fr\/wp-json\/wp\/v2\/comments?post=227833"}],"version-history":[{"count":0,"href":"https:\/\/www.europesays.com\/fr\/wp-json\/wp\/v2\/posts\/227833\/revisions"}],"wp:featuredmedia":[{"embeddable":true,"href":"https:\/\/www.europesays.com\/fr\/wp-json\/wp\/v2\/media\/227834"}],"wp:attachment":[{"href":"https:\/\/www.europesays.com\/fr\/wp-json\/wp\/v2\/media?parent=227833"}],"wp:term":[{"taxonomy":"category","embeddable":true,"href":"https:\/\/www.europesays.com\/fr\/wp-json\/wp\/v2\/categories?post=227833"},{"taxonomy":"post_tag","embeddable":true,"href":"https:\/\/www.europesays.com\/fr\/wp-json\/wp\/v2\/tags?post=227833"}],"curies":[{"name":"wp","href":"https:\/\/api.w.org\/{rel}","templated":true}]}}