{"id":227835,"date":"2025-07-05T09:52:09","date_gmt":"2025-07-05T09:52:09","guid":{"rendered":"https:\/\/www.europesays.com\/fr\/227835\/"},"modified":"2025-07-05T09:52:09","modified_gmt":"2025-07-05T09:52:09","slug":"don-winslow-jean-baptiste-andrea-sophie-divry-notre-selection-speciale-livres-de-poche-de-lete","status":"publish","type":"post","link":"https:\/\/www.europesays.com\/fr\/227835\/","title":{"rendered":"Don Winslow, Jean-Baptiste Andrea, Sophie Divry\u2026 Notre s\u00e9lection sp\u00e9ciale livres de poche de l\u2019\u00e9t\u00e9"},"content":{"rendered":"<p class=\"col subheadline margin_bottom_subheadline widescreen-12 desktop-10\">Don Winslow qui tire sa r\u00e9v\u00e9rence sur les chapeaux de roues dans \u00ab\u00a0La Cit\u00e9 sous les cendres\u00a0\u00bb, \u00ab\u00a0Veiller sur elle\u00a0\u00bb, o\u00f9 un personnage de Jean-Baptiste Andrea se sert de l\u2019art pour d\u00e9clarer sa flamme, \u00ab\u00a0Fantastique histoire d\u2019amour\u00a0\u00bb, roman de Sophie Divry\u2026 Nos\u00a06 livres de poche coups de c\u0153ur \u00e0 glisser dans son sac cet \u00e9t\u00e9.<\/p>\n<p>Par <a href=\"https:\/\/www.leparisien.fr\/auteur\/yolaine-de-chanaud\/\" class=\"author_link\" rel=\"nofollow noopener\" target=\"_blank\">Yolaine de Chanaud<\/a>, \u00a0<a href=\"https:\/\/www.leparisien.fr\/auteur\/christine-monin\/\" class=\"author_link\" rel=\"nofollow noopener\" target=\"_blank\">Christine Monin<\/a>, \u00a0<a href=\"https:\/\/www.leparisien.fr\/auteur\/benjamin-jerome\/\" class=\"author_link\" rel=\"nofollow noopener\" target=\"_blank\">Benjamin J\u00e9r\u00f4me<\/a> et\u00a0<a href=\"https:\/\/www.leparisien.fr\/auteur\/benedicte-alaniou\/\" class=\"author_link\" rel=\"nofollow noopener\" target=\"_blank\">B\u00e9n\u00e9dicte Alaniou<\/a>\u00a0<\/p>\n<p>Le 5 juillet 2025 \u00e0 11h15<\/p>\n","protected":false},"excerpt":{"rendered":"Don Winslow qui tire sa r\u00e9v\u00e9rence sur les chapeaux de roues dans \u00ab\u00a0La Cit\u00e9 sous les cendres\u00a0\u00bb, \u00ab\u00a0Veiller&hellip;\n","protected":false},"author":2,"featured_media":227836,"comment_status":"","ping_status":"","sticky":false,"template":"","format":"standard","meta":{"footnotes":""},"categories":[1357],"tags":[1379,872,58,59,1011,27,1380],"class_list":{"0":"post-227835","1":"post","2":"type-post","3":"status-publish","4":"format-standard","5":"has-post-thumbnail","7":"category-livres","8":"tag-books","9":"tag-culture-et-loisirs","10":"tag-divertissement","11":"tag-entertainment","12":"tag-fr","13":"tag-france","14":"tag-livres"},"share_on_mastodon":{"url":"https:\/\/pubeurope.com\/@fr\/114800017100407322","error":""},"_links":{"self":[{"href":"https:\/\/www.europesays.com\/fr\/wp-json\/wp\/v2\/posts\/227835","targetHints":{"allow":["GET"]}}],"collection":[{"href":"https:\/\/www.europesays.com\/fr\/wp-json\/wp\/v2\/posts"}],"about":[{"href":"https:\/\/www.europesays.com\/fr\/wp-json\/wp\/v2\/types\/post"}],"author":[{"embeddable":true,"href":"https:\/\/www.europesays.com\/fr\/wp-json\/wp\/v2\/users\/2"}],"replies":[{"embeddable":true,"href":"https:\/\/www.europesays.com\/fr\/wp-json\/wp\/v2\/comments?post=227835"}],"version-history":[{"count":0,"href":"https:\/\/www.europesays.com\/fr\/wp-json\/wp\/v2\/posts\/227835\/revisions"}],"wp:featuredmedia":[{"embeddable":true,"href":"https:\/\/www.europesays.com\/fr\/wp-json\/wp\/v2\/media\/227836"}],"wp:attachment":[{"href":"https:\/\/www.europesays.com\/fr\/wp-json\/wp\/v2\/media?parent=227835"}],"wp:term":[{"taxonomy":"category","embeddable":true,"href":"https:\/\/www.europesays.com\/fr\/wp-json\/wp\/v2\/categories?post=227835"},{"taxonomy":"post_tag","embeddable":true,"href":"https:\/\/www.europesays.com\/fr\/wp-json\/wp\/v2\/tags?post=227835"}],"curies":[{"name":"wp","href":"https:\/\/api.w.org\/{rel}","templated":true}]}}