{"id":227837,"date":"2025-07-05T09:53:09","date_gmt":"2025-07-05T09:53:09","guid":{"rendered":"https:\/\/www.europesays.com\/fr\/227837\/"},"modified":"2025-07-05T09:53:09","modified_gmt":"2025-07-05T09:53:09","slug":"selon-rainn-wilson-le-depart-de-steve-carell-de-the-office-na-pas-ete-sans-consequences","status":"publish","type":"post","link":"https:\/\/www.europesays.com\/fr\/227837\/","title":{"rendered":"Selon Rainn Wilson, le d\u00e9part de Steve Carell de \u00ab\u00a0The Office\u00a0\u00bb n\u2019a pas \u00e9t\u00e9 sans cons\u00e9quences"},"content":{"rendered":"<p>Rainn Wilson s\u2019est livr\u00e9 sur une p\u00e9riode d\u00e9licate de <a href=\"https:\/\/www.20minutes.fr\/arts-stars\/television\/4087674-20240422-the-office-connait-casting-suite-serie-dejantee-vie-bureau\" target=\"_blank\" class=\"color-ultramarine c-link\" rel=\"noopener\">The Office<\/a>. Invit\u00e9 au micro du podcast Good Guys, <a href=\"https:\/\/www.20minutes.fr\/television\/1775239-20160130-lu-memoires-rainn-wilson-inoubliable-dwight-the-office\" target=\"_blank\" class=\"color-ultramarine c-link\" rel=\"noopener\">l\u2019acteur qui incarnait Dwight Schrute<\/a> est revenu sur les difficult\u00e9s rencontr\u00e9es par le casting apr\u00e8s le d\u00e9part de Steve Carell en\u00a02011.<\/p>\n<p>\u00ab\u00a0Quand Steve est parti, c\u2019\u00e9tait un peu chaotique d\u2019essayer de comprendre le ton de la s\u00e9rie et qui \u00e9tait le leader\u00a0\u00bb, <a href=\"https:\/\/podcasts.apple.com\/us\/podcast\/rainn-wilson-on-god-banana-bread-and-the-dwight-of-it-all\/id1640156422?i=1000713535768\" rel=\"nofollow noopener\" target=\"_blank\" class=\"color-ultramarine c-link\">a confi\u00e9<\/a> l\u2019acteur de 58 ans.<\/p>\n<p>Rainn Wilson n\u2019a pas m\u00e2ch\u00e9 ses mots pour d\u00e9crire l\u2019ampleur du d\u00e9fi\u00a0: \u00ab\u00a0Comment raconter ces histoires sans le moteur comique de la s\u00e9rie, qui est Michael Scott, et sans l\u2019un des plus grands acteurs comiques de l\u2019histoire am\u00e9ricaine au centre de notre s\u00e9rie\u00a0? C\u2019\u00e9tait aussi une lutte de tous les jours.\u00a0\u00bb<\/p>\n<p>Un d\u00e9part attendu mais difficile \u00e0 g\u00e9rer<\/p>\n<p>Rainn Wilson a toutefois pr\u00e9cis\u00e9 que le d\u00e9part de <a href=\"https:\/\/www.20minutes.fr\/arts-stars\/people\/2751123-20200330-video-john-krasinski-steve-carrel-retrouvent-feter-15-ans-the-office\" target=\"_blank\" class=\"color-ultramarine c-link\" rel=\"noopener\">Steve Carell<\/a> n\u2019avait surpris personne dans l\u2019\u00e9quipe. \u00ab\u00a0Nous savions depuis longtemps que \u00e7a allait arriver\u00a0\u00bb, a-t-il r\u00e9v\u00e9l\u00e9, expliquant que son partenaire \u00e0 l\u2019\u00e9cran \u00e9tait d\u00e9j\u00e0 \u00ab\u00a0une si grande star de cin\u00e9ma \u00e0 l\u2019\u00e9poque\u00a0\u00bb.<\/p>\n<p>L\u2019acteur a d\u2019ailleurs rappel\u00e9 les succ\u00e8s cin\u00e9matographiques de Steve Carell durant cette p\u00e9riode\u00a0: \u00ab\u00a0Il faisait des films comme Max la Menace, des grosses com\u00e9dies projet\u00e9es dans des milliers de cin\u00e9mas. Bien s\u00fbr qu\u2019il allait quitter The Office\u00a0!\u00a0\u00bb<\/p>\n","protected":false},"excerpt":{"rendered":"Rainn Wilson s\u2019est livr\u00e9 sur une p\u00e9riode d\u00e9licate de The Office. Invit\u00e9 au micro du podcast Good Guys,&hellip;\n","protected":false},"author":2,"featured_media":227838,"comment_status":"","ping_status":"","sticky":false,"template":"","format":"standard","meta":{"footnotes":""},"categories":[1356],"tags":[253,58,59,1011,27,973,521,36627,252,1364,133],"class_list":{"0":"post-227837","1":"post","2":"type-post","3":"status-publish","4":"format-standard","5":"has-post-thumbnail","7":"category-television","8":"tag-acteur","9":"tag-divertissement","10":"tag-entertainment","11":"tag-fr","12":"tag-france","13":"tag-people","14":"tag-serie","15":"tag-sitcom","16":"tag-television","17":"tag-tv","18":"tag-video"},"share_on_mastodon":{"url":"https:\/\/pubeurope.com\/@fr\/114800021043455789","error":""},"_links":{"self":[{"href":"https:\/\/www.europesays.com\/fr\/wp-json\/wp\/v2\/posts\/227837","targetHints":{"allow":["GET"]}}],"collection":[{"href":"https:\/\/www.europesays.com\/fr\/wp-json\/wp\/v2\/posts"}],"about":[{"href":"https:\/\/www.europesays.com\/fr\/wp-json\/wp\/v2\/types\/post"}],"author":[{"embeddable":true,"href":"https:\/\/www.europesays.com\/fr\/wp-json\/wp\/v2\/users\/2"}],"replies":[{"embeddable":true,"href":"https:\/\/www.europesays.com\/fr\/wp-json\/wp\/v2\/comments?post=227837"}],"version-history":[{"count":0,"href":"https:\/\/www.europesays.com\/fr\/wp-json\/wp\/v2\/posts\/227837\/revisions"}],"wp:featuredmedia":[{"embeddable":true,"href":"https:\/\/www.europesays.com\/fr\/wp-json\/wp\/v2\/media\/227838"}],"wp:attachment":[{"href":"https:\/\/www.europesays.com\/fr\/wp-json\/wp\/v2\/media?parent=227837"}],"wp:term":[{"taxonomy":"category","embeddable":true,"href":"https:\/\/www.europesays.com\/fr\/wp-json\/wp\/v2\/categories?post=227837"},{"taxonomy":"post_tag","embeddable":true,"href":"https:\/\/www.europesays.com\/fr\/wp-json\/wp\/v2\/tags?post=227837"}],"curies":[{"name":"wp","href":"https:\/\/api.w.org\/{rel}","templated":true}]}}