{"id":227851,"date":"2025-07-05T10:03:12","date_gmt":"2025-07-05T10:03:12","guid":{"rendered":"https:\/\/www.europesays.com\/fr\/227851\/"},"modified":"2025-07-05T10:03:12","modified_gmt":"2025-07-05T10:03:12","slug":"drome-quatre-blesses-dont-trois-graves-dans-une-violente-sortie-de-route","status":"publish","type":"post","link":"https:\/\/www.europesays.com\/fr\/227851\/","title":{"rendered":"Dr\u00f4me. Quatre bless\u00e9s dont trois graves dans une violente sortie de route"},"content":{"rendered":"<p class=\"xsm-p emxed-markup\">Dans la nuit du vendredi\u00a04 au samedi 5\u00a0juillet, vers 2 heures, dans des circonstances qui restent \u00e0 d\u00e9terminer, un automobiliste, transportant trois passagers, a \u00e9t\u00e9 victime d\u2019une\u00a0sortie de route sur la d\u00e9partementale 6, \u00e0 La Laupie, et en direction de Sauzet, dans la Dr\u00f4me. Le v\u00e9hicule a violemment percut\u00e9 un foss\u00e9 avant de s\u2019immobiliser.<\/p>\n<p>Ce contenu est bloqu\u00e9 car vous n&rsquo;avez pas accept\u00e9 les cookies et autres traceurs.<\/p>\n<p>En cliquant sur \u00ab J\u2019accepte \u00bb, les cookies et autres traceurs seront d\u00e9pos\u00e9s et vous pourrez visualiser les contenus  (<a href=\"\" class=\"consentModule_policy\" target=\"_blank\" title=\"Consulter la politique de protection des donn\u00e9es du fournisseur\">plus d&rsquo;informations<\/a>).<\/p>\n<p>En cliquant sur \u00ab J\u2019accepte tous les cookies \u00bb, vous autorisez des d\u00e9p\u00f4ts de cookies et autres traceurs pour le stockage de vos donn\u00e9es sur nos sites et applications \u00e0 des fins de personnalisation et de ciblage publicitaire.<\/p>\n<p class=\"consentModule_secondaryText\">Vous gardez la possibilit\u00e9 de retirer votre consentement \u00e0 tout moment en consultant notre <a href=\"https:\/\/www.ledauphine.com\/protection-des-donnees\" target=\"_blank\" title=\"Consulter notre politique de protection des donn\u00e9es\" rel=\"noopener\">politique de protection des donn\u00e9es<\/a>. <br \/>&#13;<br \/>\n            <a href=\"https:\/\/www.ledauphine.com\/faits-divers-justice\/2025\/07\/05\/javascript:Didomi.notice.show()\" class=\"consentModule_cmp\" target=\"_blank\" rel=\"noopener\">G\u00e9rer mes choix<\/a>&#13;\n        <\/p>\n<p>&#13;<br \/>\n                        J&rsquo;accepte&#13;<br \/>\n            J&rsquo;accepte tous les cookies&#13;\n        <\/p>\n<p class=\"xsm-p emxed-markup\">D\u2019importants moyens de secours, sapeurs-pompiers et \u00e9quipages du Samu, ont \u00e9t\u00e9 engag\u00e9s afin de prendre en charge les victimes \u00e2g\u00e9es de 19 \u00e0 16 ans.<\/p>\n<p class=\"xsm-p emxed-markup\">Les deux passagers se trouvant \u00e0 l\u2019arri\u00e8re de la voiture, gri\u00e8vement bless\u00e9s, ont \u00e9t\u00e9 transport\u00e9s vers les h\u00f4pitaux de Mont\u00e9limar et de Valence. Leurs pronostics vitaux \u00e9taient alors engag\u00e9s. Le passager avant, \u00e9galement gri\u00e8vement bless\u00e9, a \u00e9t\u00e9 \u00e9vacu\u00e9 au centre hospitalier de Valence. Tous trois sont domicili\u00e9s dans la Dr\u00f4me.<\/p>\n<p class=\"xsm-p emxed-markup\">Le conducteur, \u00e2g\u00e9 de 19 ans, et domicili\u00e9 en Ard\u00e8che, moins s\u00e9rieusement bless\u00e9, a \u00e9t\u00e9 transport\u00e9 \u00e0 l\u2019h\u00f4pital de Mont\u00e9limar.<\/p>\n<p class=\"xsm-p emxed-markup\">Les gendarmes de la compagnie de Pierrelatte ont men\u00e9 les premi\u00e8res constatations sur place. Une enqu\u00eate a \u00e9t\u00e9 ouverte.<\/p>\n","protected":false},"excerpt":{"rendered":"Dans la nuit du vendredi\u00a04 au samedi 5\u00a0juillet, vers 2 heures, dans des circonstances qui restent \u00e0 d\u00e9terminer,&hellip;\n","protected":false},"author":2,"featured_media":227852,"comment_status":"","ping_status":"","sticky":false,"template":"","format":"standard","meta":{"footnotes":""},"categories":[4],"tags":[119,11,2730,6436,274,107,1011,27,36628,6435,12,25],"class_list":{"0":"post-227851","1":"post","2":"type-post","3":"status-publish","4":"format-standard","5":"has-post-thumbnail","7":"category-france","8":"tag-accident","9":"tag-actualites","10":"tag-drome","11":"tag-edition-montelimar-drome-provencale","12":"tag-faits-divers-justice","13":"tag-fil-info","14":"tag-fr","15":"tag-france","16":"tag-la-laupie","17":"tag-montelimar-bassin","18":"tag-news","19":"tag-republique-francaise"},"share_on_mastodon":{"url":"https:\/\/pubeurope.com\/@fr\/114800060292291948","error":""},"_links":{"self":[{"href":"https:\/\/www.europesays.com\/fr\/wp-json\/wp\/v2\/posts\/227851","targetHints":{"allow":["GET"]}}],"collection":[{"href":"https:\/\/www.europesays.com\/fr\/wp-json\/wp\/v2\/posts"}],"about":[{"href":"https:\/\/www.europesays.com\/fr\/wp-json\/wp\/v2\/types\/post"}],"author":[{"embeddable":true,"href":"https:\/\/www.europesays.com\/fr\/wp-json\/wp\/v2\/users\/2"}],"replies":[{"embeddable":true,"href":"https:\/\/www.europesays.com\/fr\/wp-json\/wp\/v2\/comments?post=227851"}],"version-history":[{"count":0,"href":"https:\/\/www.europesays.com\/fr\/wp-json\/wp\/v2\/posts\/227851\/revisions"}],"wp:featuredmedia":[{"embeddable":true,"href":"https:\/\/www.europesays.com\/fr\/wp-json\/wp\/v2\/media\/227852"}],"wp:attachment":[{"href":"https:\/\/www.europesays.com\/fr\/wp-json\/wp\/v2\/media?parent=227851"}],"wp:term":[{"taxonomy":"category","embeddable":true,"href":"https:\/\/www.europesays.com\/fr\/wp-json\/wp\/v2\/categories?post=227851"},{"taxonomy":"post_tag","embeddable":true,"href":"https:\/\/www.europesays.com\/fr\/wp-json\/wp\/v2\/tags?post=227851"}],"curies":[{"name":"wp","href":"https:\/\/api.w.org\/{rel}","templated":true}]}}