{"id":227856,"date":"2025-07-05T10:06:10","date_gmt":"2025-07-05T10:06:10","guid":{"rendered":"https:\/\/www.europesays.com\/fr\/227856\/"},"modified":"2025-07-05T10:06:10","modified_gmt":"2025-07-05T10:06:10","slug":"la-loire-dans-le-retro-il-y-a-50-ans-saint-etienne-accueillait-les-jeux-mondiaux-des-handicapes","status":"publish","type":"post","link":"https:\/\/www.europesays.com\/fr\/227856\/","title":{"rendered":"La Loire dans le r\u00e9tro. Il y a 50 ans, Saint-\u00c9tienne accueillait les Jeux mondiaux des handicap\u00e9s"},"content":{"rendered":"<p>Plus de 800 athl\u00e8tes, 24 nations repr\u00e9sent\u00e9es&#8230; Saint-\u00c9tienne accueillait, du 1\u1d49\u02b3 au 6 juillet 1975, les Jeux mondiaux des handicap\u00e9s physiques, organis\u00e9s par la F\u00e9d\u00e9ration fran\u00e7aise omnisports des handicap\u00e9s physiques (FFOHP), pr\u00e9sid\u00e9e par Yves Nayme. Un \u00e9v\u00e9nement qui r\u00e9ussissait \u00e0 rassembler plus de sportifs et de pays que les Jeux paralympiques de Tokyo, organis\u00e9s deux ans plus t\u00f4t. Cinquante ans plus tard, la r\u00e9daction du Progr\u00e8s a fouill\u00e9 dans ses archives pour retrouver les images de cet \u00e9v\u00e9nement.<\/p>\n","protected":false},"excerpt":{"rendered":"Plus de 800 athl\u00e8tes, 24 nations repr\u00e9sent\u00e9es&#8230; Saint-\u00c9tienne accueillait, du 1\u1d49\u02b3 au 6 juillet 1975, les Jeux mondiaux&hellip;\n","protected":false},"author":2,"featured_media":227857,"comment_status":"","ping_status":"","sticky":false,"template":"","format":"standard","meta":{"footnotes":""},"categories":[9653],"tags":[1111,11,2430,11986,7539,1777,674,1011,27,2798,8471,3367,12,25,11985,4001],"class_list":{"0":"post-227856","1":"post","2":"type-post","3":"status-publish","4":"format-standard","5":"has-post-thumbnail","7":"category-saint-etienne","8":"tag-actu","9":"tag-actualites","10":"tag-auvergne-rhone-alpes","11":"tag-doc-photo","12":"tag-edition-loire-sud","13":"tag-eu","14":"tag-europe","15":"tag-fr","16":"tag-france","17":"tag-galerie-photo","18":"tag-handisport","19":"tag-loire","20":"tag-news","21":"tag-republique-francaise","22":"tag-retro","23":"tag-saint-etienne"},"share_on_mastodon":{"url":"https:\/\/pubeurope.com\/@fr\/114800072048309013","error":""},"_links":{"self":[{"href":"https:\/\/www.europesays.com\/fr\/wp-json\/wp\/v2\/posts\/227856","targetHints":{"allow":["GET"]}}],"collection":[{"href":"https:\/\/www.europesays.com\/fr\/wp-json\/wp\/v2\/posts"}],"about":[{"href":"https:\/\/www.europesays.com\/fr\/wp-json\/wp\/v2\/types\/post"}],"author":[{"embeddable":true,"href":"https:\/\/www.europesays.com\/fr\/wp-json\/wp\/v2\/users\/2"}],"replies":[{"embeddable":true,"href":"https:\/\/www.europesays.com\/fr\/wp-json\/wp\/v2\/comments?post=227856"}],"version-history":[{"count":0,"href":"https:\/\/www.europesays.com\/fr\/wp-json\/wp\/v2\/posts\/227856\/revisions"}],"wp:featuredmedia":[{"embeddable":true,"href":"https:\/\/www.europesays.com\/fr\/wp-json\/wp\/v2\/media\/227857"}],"wp:attachment":[{"href":"https:\/\/www.europesays.com\/fr\/wp-json\/wp\/v2\/media?parent=227856"}],"wp:term":[{"taxonomy":"category","embeddable":true,"href":"https:\/\/www.europesays.com\/fr\/wp-json\/wp\/v2\/categories?post=227856"},{"taxonomy":"post_tag","embeddable":true,"href":"https:\/\/www.europesays.com\/fr\/wp-json\/wp\/v2\/tags?post=227856"}],"curies":[{"name":"wp","href":"https:\/\/api.w.org\/{rel}","templated":true}]}}