{"id":227858,"date":"2025-07-05T10:07:43","date_gmt":"2025-07-05T10:07:43","guid":{"rendered":"https:\/\/www.europesays.com\/fr\/227858\/"},"modified":"2025-07-05T10:07:43","modified_gmt":"2025-07-05T10:07:43","slug":"nancy-lycee-charles-de-foucaud-bac-2025-mention-tres-bien-eugenie-guillemin-17-ans-bac-technologique","status":"publish","type":"post","link":"https:\/\/www.europesays.com\/fr\/227858\/","title":{"rendered":"Nancy, lyc\u00e9e Charles-de-Foucaud | Bac 2025 Mention Tr\u00e8s Bien. Eug\u00e9nie Guillemin, 17 ans, bac technologique"},"content":{"rendered":"<p>Eug\u00e9nie Guillemin, 17 ans, r\u00e9sidant \u00e0 Nancy, a d\u00e9croch\u00e9 son bac technologique ST2S avec mention tr\u00e8s bien. Passionn\u00e9e par la litt\u00e9rature russe, elle a obtenu une moyenne de 16, avec un score parfait de 19 au Grand oral. Sa mati\u00e8re pr\u00e9f\u00e9r\u00e9e est la biologie. Elle a \u00e9t\u00e9 tr\u00e8s \u00e9mue en apprenant sa mention, ses parents lui ont exprim\u00e9 leur fiert\u00e9. Eug\u00e9nie se destine \u00e0 un institut de formation en soins infirmiers pour devenir infirmi\u00e8re urgentiste.<\/p>\n<p>\u270e R\u00e9dig\u00e9 avec l&rsquo;aide d&rsquo;outils IA et v\u00e9rifi\u00e9 par un journaliste \ud83d\udec8 En savoir plus avec la charte IA d&rsquo;Ebra.<\/p>\n","protected":false},"excerpt":{"rendered":"Eug\u00e9nie Guillemin, 17 ans, r\u00e9sidant \u00e0 Nancy, a d\u00e9croch\u00e9 son bac technologique ST2S avec mention tr\u00e8s bien. Passionn\u00e9e&hellip;\n","protected":false},"author":2,"featured_media":227859,"comment_status":"","ping_status":"","sticky":false,"template":"","format":"standard","meta":{"footnotes":""},"categories":[9635],"tags":[1111,11,36609,1704,1057,1777,674,10961,1011,27,775,1702,1703,12,25],"class_list":{"0":"post-227858","1":"post","2":"type-post","3":"status-publish","4":"format-standard","5":"has-post-thumbnail","7":"category-nancy","8":"tag-actu","9":"tag-actualites","10":"tag-baccalaureat-mention-tres-bien","11":"tag-edition-nancy-et-agglomeration","12":"tag-education","13":"tag-eu","14":"tag-europe","15":"tag-examen-diplome","16":"tag-fr","17":"tag-france","18":"tag-grand-est","19":"tag-nancy","20":"tag-nancy-ville-54b","21":"tag-news","22":"tag-republique-francaise"},"share_on_mastodon":{"url":"https:\/\/pubeurope.com\/@fr\/114800076058898225","error":""},"_links":{"self":[{"href":"https:\/\/www.europesays.com\/fr\/wp-json\/wp\/v2\/posts\/227858","targetHints":{"allow":["GET"]}}],"collection":[{"href":"https:\/\/www.europesays.com\/fr\/wp-json\/wp\/v2\/posts"}],"about":[{"href":"https:\/\/www.europesays.com\/fr\/wp-json\/wp\/v2\/types\/post"}],"author":[{"embeddable":true,"href":"https:\/\/www.europesays.com\/fr\/wp-json\/wp\/v2\/users\/2"}],"replies":[{"embeddable":true,"href":"https:\/\/www.europesays.com\/fr\/wp-json\/wp\/v2\/comments?post=227858"}],"version-history":[{"count":0,"href":"https:\/\/www.europesays.com\/fr\/wp-json\/wp\/v2\/posts\/227858\/revisions"}],"wp:featuredmedia":[{"embeddable":true,"href":"https:\/\/www.europesays.com\/fr\/wp-json\/wp\/v2\/media\/227859"}],"wp:attachment":[{"href":"https:\/\/www.europesays.com\/fr\/wp-json\/wp\/v2\/media?parent=227858"}],"wp:term":[{"taxonomy":"category","embeddable":true,"href":"https:\/\/www.europesays.com\/fr\/wp-json\/wp\/v2\/categories?post=227858"},{"taxonomy":"post_tag","embeddable":true,"href":"https:\/\/www.europesays.com\/fr\/wp-json\/wp\/v2\/tags?post=227858"}],"curies":[{"name":"wp","href":"https:\/\/api.w.org\/{rel}","templated":true}]}}