{"id":227862,"date":"2025-07-05T10:09:10","date_gmt":"2025-07-05T10:09:10","guid":{"rendered":"https:\/\/www.europesays.com\/fr\/227862\/"},"modified":"2025-07-05T10:09:10","modified_gmt":"2025-07-05T10:09:10","slug":"le-parc-de-dardennes-inaugure-ce-samedi-au-coeur-du-revest","status":"publish","type":"post","link":"https:\/\/www.europesays.com\/fr\/227862\/","title":{"rendered":"Le parc de Dardennes inaugur\u00e9 ce samedi au c\u0153ur du Revest"},"content":{"rendered":"<p>C\u2019est le grand jour pour le hameau de Dardennes. Apr\u00e8s plusieurs mois de travaux, le tout nouveau parc interg\u00e9n\u00e9rationnel est officiellement ouvert au public.<\/p>\n<p>\u00c9cologique, moderne et esth\u00e9tique, cet espace a \u00e9t\u00e9 enti\u00e8rement repens\u00e9 pour offrir un lieu de d\u00e9tente et de loisirs \u00e0 tous les habitants.<\/p>\n<p>Install\u00e9 sur une surface de 3.500m\u00b2, le parc propose une large gamme d\u2019activit\u00e9s accessibles \u00e0 tous. Les enfants et les adolescents y trouveront des dizaines de jeux en bois \u2013 toboggans, tyroliennes, mur d\u2019escalade \u2013 pens\u00e9s pour stimuler l\u2019amusement et l\u2019aventure. Mais les plus grands ne sont pas en reste: des \u00e9quipements pour les adultes et les sportifs ont \u00e9galement \u00e9t\u00e9 install\u00e9s, avec une promenade le long des restanques.<\/p>\n<p>\u00ab\u00a0Nous avons voulu cr\u00e9er un lieu ouvert \u00e0 tous, avec des jeux inclusifs, des tables pour les pauses gourmandes, et des zones ombrag\u00e9es pour se reposer\u00a0\u00bb, explique Ange Musso, maire de la commune. \u00ab\u00a0L\u2019un des projets phares de ce mandat voit enfin le jour, et c\u2019est une grande fiert\u00e9 \u00ab\u00a0, se r\u00e9jouit-il.<\/p>\n<p>Un am\u00e9nagement paysager respectueux et moderne<\/p>\n<p>              <img ci-src=\"https:\/\/www.varmatin.com\/vie-locale\/protec\/DATA_ART_15845835-MZhirxsZ.jpg?vh=110f30&amp;ci_seal=52cd0616aa\" alt=\"\"\/><br \/>\n        Une dizaine d\u2019arbres ont \u00e9t\u00e9 plant\u00e9s afin d\u2019apporter des zones d\u2019ombre, et quatre cam\u00e9ras de vid\u00e9osurveillance seront install\u00e9es. La passerelle (\u00e0 droite) \u00a0\u00bb a \u00e9t\u00e9 cr\u00e9\u00e9e afin de permettre l\u2019acc\u00e8s en passant au-dessus du fleuve le Las \u00ab\u00a0, expliquent le maire Ange Musso et son adjoint aux travaux, Jean-Marc Viziale. <strong>Photo S. A..<\/strong> <\/p>\n<p>Le parc se situe en bordure du Las, et son acc\u00e8s a n\u00e9cessit\u00e9 plusieurs am\u00e9nagements importants. Jean-Marc Viziale, adjoint aux travaux, d\u00e9taille le d\u00e9roulement du chantier: \u00ab\u00a0Nous avons d\u2019abord men\u00e9 des travaux le long de la rue Marius-Rouquier afin d\u2019y cr\u00e9er une entr\u00e9e principale. Ensuite, une passerelle a \u00e9t\u00e9 install\u00e9e au-dessus du fleuve pour relier les diff\u00e9rents espaces. Le site compte deux entr\u00e9es d\u00e9sormais\u00a0\u00bb<\/p>\n<p>Les travaux du parc proprement dits ont d\u00e9marr\u00e9 en septembre 2024, pour une dur\u00e9e de neuf mois. R\u00e9sultat: un espace flambant neuf, \u00e0 la fois \u00ab\u00a0fonctionnel et respectueux de l\u2019environnement\u00a0\u00bb.<\/p>\n<p>Un ambitieux chantier \u00e0 1,5 million d\u2019euros<\/p>\n<p>              <img ci-src=\"https:\/\/www.varmatin.com\/vie-locale\/protec\/DATA_ART_15845834-m9rGR6g8.jpg?vh=4d02a1&amp;ci_seal=75bf9606ec\" alt=\"\"\/><br \/>\n         <strong>Photo S. A..<\/strong> <\/p>\n<p>Ce projet ambitieux a \u00e9t\u00e9 financ\u00e9 par le D\u00e9partement et la R\u00e9gion. Une enveloppe d\u20191,5 million d\u2019euros hors taxes, pour un chantier de grande envergure, qui \u00ab\u00a0transforme le visage du quartier et am\u00e9liore le cadre de vie\u00a0\u00bb.<\/p>\n<p>Pour continuer la r\u00e9novation du site, la commune ne compte pas s\u2019arr\u00eater l\u00e0. Afin de faciliter l\u2019acc\u00e8s, des travaux sont d\u2019ores et d\u00e9j\u00e0 pr\u00e9vus pour agrandir le parking situ\u00e9 juste en face, sur la place \u00c9mile-Meiffret.<\/p>\n<p>\u00ab\u00a0Nous pr\u00e9voyons de cr\u00e9er douze nouvelles places de stationnement qui viendront s\u2019ajouter \u00e0 celles r\u00e9cemment am\u00e9nag\u00e9es le long du boulodrome\u00a0\u00bb, pr\u00e9cise le maire.<\/p>\n<p>Ces travaux compl\u00e9mentaires devraient d\u00e9buter \u00e0 l\u2019automne prochain.<\/p>\n","protected":false},"excerpt":{"rendered":"C\u2019est le grand jour pour le hameau de Dardennes. Apr\u00e8s plusieurs mois de travaux, le tout nouveau parc&hellip;\n","protected":false},"author":2,"featured_media":227863,"comment_status":"","ping_status":"","sticky":false,"template":"","format":"standard","meta":{"footnotes":""},"categories":[9619],"tags":[1111,11,1777,674,1011,27,12,882,25,2310,3366],"class_list":{"0":"post-227862","1":"post","2":"type-post","3":"status-publish","4":"format-standard","5":"has-post-thumbnail","7":"category-toulon","8":"tag-actu","9":"tag-actualites","10":"tag-eu","11":"tag-europe","12":"tag-fr","13":"tag-france","14":"tag-news","15":"tag-provence-alpes-cote-dazur","16":"tag-republique-francaise","17":"tag-toulon","18":"tag-vie-locale"},"share_on_mastodon":{"url":"https:\/\/pubeurope.com\/@fr\/114800083863097899","error":""},"_links":{"self":[{"href":"https:\/\/www.europesays.com\/fr\/wp-json\/wp\/v2\/posts\/227862","targetHints":{"allow":["GET"]}}],"collection":[{"href":"https:\/\/www.europesays.com\/fr\/wp-json\/wp\/v2\/posts"}],"about":[{"href":"https:\/\/www.europesays.com\/fr\/wp-json\/wp\/v2\/types\/post"}],"author":[{"embeddable":true,"href":"https:\/\/www.europesays.com\/fr\/wp-json\/wp\/v2\/users\/2"}],"replies":[{"embeddable":true,"href":"https:\/\/www.europesays.com\/fr\/wp-json\/wp\/v2\/comments?post=227862"}],"version-history":[{"count":0,"href":"https:\/\/www.europesays.com\/fr\/wp-json\/wp\/v2\/posts\/227862\/revisions"}],"wp:featuredmedia":[{"embeddable":true,"href":"https:\/\/www.europesays.com\/fr\/wp-json\/wp\/v2\/media\/227863"}],"wp:attachment":[{"href":"https:\/\/www.europesays.com\/fr\/wp-json\/wp\/v2\/media?parent=227862"}],"wp:term":[{"taxonomy":"category","embeddable":true,"href":"https:\/\/www.europesays.com\/fr\/wp-json\/wp\/v2\/categories?post=227862"},{"taxonomy":"post_tag","embeddable":true,"href":"https:\/\/www.europesays.com\/fr\/wp-json\/wp\/v2\/tags?post=227862"}],"curies":[{"name":"wp","href":"https:\/\/api.w.org\/{rel}","templated":true}]}}