{"id":227874,"date":"2025-07-05T10:17:33","date_gmt":"2025-07-05T10:17:33","guid":{"rendered":"https:\/\/www.europesays.com\/fr\/227874\/"},"modified":"2025-07-05T10:17:33","modified_gmt":"2025-07-05T10:17:33","slug":"apres-paris-et-grenoble-la-franchise-heroes-league-ouvre-a-saint-malo","status":"publish","type":"post","link":"https:\/\/www.europesays.com\/fr\/227874\/","title":{"rendered":"Apr\u00e8s Paris et Grenoble, la franchise Heroes League ouvre \u00e0 Saint-Malo"},"content":{"rendered":"<p>            Par<br \/>\n        <strong><br \/>\n            <a href=\"https:\/\/actu.fr\/auteur\/journaliste-pm\" title=\"Consulter tous les articles de R\u00e9daction Saint-Malo\" target=\"_blank\" rel=\"noopener\">R\u00e9daction Saint-Malo<\/a><br \/>\n        <\/strong><\/p>\n<p>        Publi\u00e9 le<\/p>\n<p>            4 juil. 2025 \u00e0 10h48        <\/p>\n<p>Une boutique sp\u00e9cialis\u00e9e dans la nutrition vient d\u2019ouvrir \u00e0 <a href=\"https:\/\/actu.fr\/bretagne\/saint-malo_35288\" target=\"_blank\" rel=\"noopener\">Saint-Malo<\/a> (Ille-et-Vilaine). Apr\u00e8s <a href=\"https:\/\/actu.fr\/grenoble\/\" target=\"_blank\" rel=\"noopener\">Grenoble<\/a> et Paris, c\u2019est le troisi\u00e8me magasin de la franchise Heroes League \u00e0\u00a0l\u2019entr\u00e9e de <a href=\"https:\/\/actu.fr\/bretagne\/saint-malo_35288\/une-nouvelle-salle-fitness-va-ouvrir-saint-malo_27196723.html\" target=\"_blank\" rel=\"noopener\">la salle <\/a>de sport Gigafit (porte de droite) de celle la nouvelle boutique (porte de gauche). Cette petite s\u00e9paration permet d\u2019accueillir tous les publics, adh\u00e9rent ou non de la salle de sport.<\/p>\n<p class=\" wall-content\">Elle se destine, d\u2019une part, aux sportifs en qu\u00eate de compl\u00e9ments alimentaires pour am\u00e9liorer la r\u00e9cup\u00e9ration, les performances ou perdre du poids. D\u2019autre part, le public lambda pourra y trouver diff\u00e9rents produits valables pour le quotidien, comme des g\u00e9lules pour renforcer le collag\u00e8ne, les Omega 3 ou encore des vitamines.<\/p>\n<p>Un espace de restauration<\/p>\n<p class=\" wall-content\">Du lundi au samedi, la manager Claire Cochet et son \u00e9quipe peuvent apporter des conseils dans l\u2019espace \u00ab\u00a0\u00e9picerie\u00a0\u00bb et servir les clients qui souhaitent se restaurer sur place ou \u00e0 emporter. Des plats sous vide d\u2019un chef parisien, des milkshake prot\u00e9in\u00e9s, des pancakes et autres glaces sont au menu.<\/p>\n<p>    <img   decoding=\"async\" loading=\"lazy\" class=\"size-large\" src=\"https:\/\/www.europesays.com\/fr\/wp-content\/uploads\/2025\/07\/068f0bc66558613cf0bc665588bcf0v-960x640.jpg\" alt=\"Un espace \" dot=\"\" de=\"\" compl=\"\" alimentaires=\"\" et=\"\" autres=\"\" produits=\"\" destination=\"\" tous=\"\" les=\"\" publics=\"\" le=\"\" pays=\"\" malouin=\"\" m.=\"\" baron=\"\" width=\"960\" height=\"640\"\/><br \/>\n    Un espace \u00a0\u00bb \u00e9picerie \u00a0\u00bb dot\u00e9 de compl\u00e9ments alimentaires et autres produits \u00e0 destination de tous les publics. \u00a9Le Pays Malouin<\/p>\n<p class=\" wall-content\">Dans un souci de transparence, les produits \u00e0 la carte affichent le nombre de calories, les quantit\u00e9s de prot\u00e9ines, glucides et lipides. A partir de 13,5 \u20ac, on peut profiter d\u2019une formule avec plat, dessert et boisson.<\/p>\n<p>Vid\u00e9os : en ce moment sur Actu<\/p>\n<p class=\" wall-content\">\u00ab\u00a0Les sportifs peuvent se faire plaisir sans culpabiliser au petit d\u00e9jeuner, au d\u00e9jeuner ou lors de la collation, car les desserts contiennent une quantit\u00e9 tr\u00e8s r\u00e9duite de sucre. L\u2019id\u00e9e est de gagner du temps tout en mangeant sain.\u00a0\u00bb<\/p>\n<p>Boutique de nutrition sportive Heroes League \u00e0 l\u2019entr\u00e9e de Gigafit, Impasse de la Peupleraie \u00e0 Saint-Malo, quartier commercial de la Madeleine. Ouverte du lundi au vendredi de 9h \u00e0 19h30 et le samedi de 9h \u00e0 19h.<\/p>\n<p class=\" wall-content\">Suivez toute l\u2019actualit\u00e9 de vos villes et m\u00e9dias favoris en vous inscrivant \u00e0 <a href=\"https:\/\/moncompte.actu.fr\" title=\"D\u00e9couvez Mon Actu\" rel=\"nofollow noopener\" data-trk=\"{&quot;cta&quot;:{&quot;action&quot;:&quot;https:\\\/\\\/moncompte.actu.fr&quot;,&quot;category&quot;:&quot;mon compte&quot;,&quot;from&quot;:&quot;article footer&quot;,&quot;name&quot;:&quot;Mon actu&quot;,&quot;type&quot;:&quot;cta&quot;}}\" target=\"_blank\">Mon Actu<\/a>.<\/p>\n","protected":false},"excerpt":{"rendered":"Par R\u00e9daction Saint-Malo Publi\u00e9 le 4 juil. 2025 \u00e0 10h48 Une boutique sp\u00e9cialis\u00e9e dans la nutrition vient d\u2019ouvrir&hellip;\n","protected":false},"author":2,"featured_media":227875,"comment_status":"","ping_status":"","sticky":false,"template":"","format":"standard","meta":{"footnotes":""},"categories":[9566],"tags":[1111,11,258,2430,33,1777,674,1011,27,2731,12,25],"class_list":{"0":"post-227874","1":"post","2":"type-post","3":"status-publish","4":"format-standard","5":"has-post-thumbnail","7":"category-grenoble","8":"tag-actu","9":"tag-actualites","10":"tag-alimentation","11":"tag-auvergne-rhone-alpes","12":"tag-economie","13":"tag-eu","14":"tag-europe","15":"tag-fr","16":"tag-france","17":"tag-grenoble","18":"tag-news","19":"tag-republique-francaise"},"share_on_mastodon":{"url":"https:\/\/pubeurope.com\/@fr\/114800115390399998","error":""},"_links":{"self":[{"href":"https:\/\/www.europesays.com\/fr\/wp-json\/wp\/v2\/posts\/227874","targetHints":{"allow":["GET"]}}],"collection":[{"href":"https:\/\/www.europesays.com\/fr\/wp-json\/wp\/v2\/posts"}],"about":[{"href":"https:\/\/www.europesays.com\/fr\/wp-json\/wp\/v2\/types\/post"}],"author":[{"embeddable":true,"href":"https:\/\/www.europesays.com\/fr\/wp-json\/wp\/v2\/users\/2"}],"replies":[{"embeddable":true,"href":"https:\/\/www.europesays.com\/fr\/wp-json\/wp\/v2\/comments?post=227874"}],"version-history":[{"count":0,"href":"https:\/\/www.europesays.com\/fr\/wp-json\/wp\/v2\/posts\/227874\/revisions"}],"wp:featuredmedia":[{"embeddable":true,"href":"https:\/\/www.europesays.com\/fr\/wp-json\/wp\/v2\/media\/227875"}],"wp:attachment":[{"href":"https:\/\/www.europesays.com\/fr\/wp-json\/wp\/v2\/media?parent=227874"}],"wp:term":[{"taxonomy":"category","embeddable":true,"href":"https:\/\/www.europesays.com\/fr\/wp-json\/wp\/v2\/categories?post=227874"},{"taxonomy":"post_tag","embeddable":true,"href":"https:\/\/www.europesays.com\/fr\/wp-json\/wp\/v2\/tags?post=227874"}],"curies":[{"name":"wp","href":"https:\/\/api.w.org\/{rel}","templated":true}]}}