{"id":227876,"date":"2025-07-05T10:18:11","date_gmt":"2025-07-05T10:18:11","guid":{"rendered":"https:\/\/www.europesays.com\/fr\/227876\/"},"modified":"2025-07-05T10:18:11","modified_gmt":"2025-07-05T10:18:11","slug":"a-quoi-faut-il-sattendre-en-bretagne-les-previsions","status":"publish","type":"post","link":"https:\/\/www.europesays.com\/fr\/227876\/","title":{"rendered":"\u00e0 quoi faut-il s&rsquo;attendre en Bretagne ? Les pr\u00e9visions"},"content":{"rendered":"<p>            Par<br \/>\n        <strong><br \/>\n            <a href=\"https:\/\/actu.fr\/auteur\/laurene-fertin\" title=\"Consulter tous les articles de Laur\u00e8ne Fertin\" rel=\"nofollow noopener\" target=\"_blank\">Laur\u00e8ne Fertin<\/a><br \/>\n        <\/strong><\/p>\n<p>        Publi\u00e9 le<\/p>\n<p>            5 juil. 2025 \u00e0 12h00        <\/p>\n<p>Alors que <a href=\"https:\/\/actu.fr\/bretagne\/rennes_35238\/pluie-orages-le-departement-d-ille-et-vilaine-place-en-vigilance-par-meteo-france_62853759.html\" rel=\"nofollow noopener\" target=\"_blank\">le d\u00e9partement d\u2019Ille-et-Vilaine \u00e9tait plac\u00e9, mercredi 2\u00a0juillet 2025, en vigilance jaune pour orages<\/a>, <strong>les temp\u00e9ratures ont chut\u00e9<\/strong> jusqu\u2019\u00e0 19 \u00b0C avant de se maintenir aux alentours des 25-26 \u00b0C cette semaine. De quoi faire souffler la v\u00e9g\u00e9tation, souffrant de la <a href=\"https:\/\/actu.fr\/bretagne\/rennes_35238\/une-situation-preoccupante-rennes-et-le-departement-d-ille-et-vilaine-places-en-vigilance-secheresse_62783312.html\" rel=\"nofollow noopener\" target=\"_blank\"><strong>s\u00e9cheresse<\/strong><\/a>, mais aussi les corps, fatigu\u00e9s par <a href=\"https:\/\/actu.fr\/bretagne\/rennes_35238\/canicule-en-bretagne-des-records-atteints-voici-les-villes-ou-il-a-fait-le-plus-chaud_62849760.html\" rel=\"nofollow noopener\" target=\"_blank\">la pr\u00e9c\u00e9dente vague de <strong>canicule<\/strong><\/a><strong>.<\/strong><\/p>\n<p class=\" wall-content\">Selon <strong>les derni\u00e8res pr\u00e9visions<\/strong>,<a href=\"https:\/\/actu.fr\/meteo\/nouvelle-canicule-en-france-la-semaine-prochaine-plus-de-40-c-attendus-voici-ou-la-chaleur-devrait-frapper_62863512.html\" rel=\"nofollow noopener\" target=\"_blank\"> entre le mercredi\u00a09 et le mardi 15\u00a0juillet, une nouvelle phase de canicule<\/a> devrait entrer en France selon Yann Amice, m\u00e9t\u00e9orologue. De l\u2019air br\u00fblant, venu du Maghreb et la p\u00e9ninsule Ib\u00e9rique doit arriver sur l\u2019Hexagone. Touchera-t-il <strong>la Bretagne<\/strong>\u2009?<\/p>\n<p>Un temps changeant ce week-end<\/p>\n<p class=\" wall-content\">\u00ab\u2009\u00c0 partir de ce<strong> samedi 5\u00a0juillet<\/strong>, le temps change\u2009: un voile nuageux se met en place et va se densifier progressivement\u2009\u00bb, expose S\u00e9bastien Decaux, m\u00e9t\u00e9orologue \u00e0 <a href=\"https:\/\/www.meteo.bzh\/\" rel=\"nofollow noopener\" target=\"_blank\">M\u00e9t\u00e9o Bretagne<\/a>.<\/p>\n<p class=\" wall-content\">Ce changement de temps<strong> annonce l\u2019arriv\u00e9e d\u2019une perturbation<\/strong> en soir\u00e9e par le littoral de la Manche et du Finist\u00e8re.<\/p>\n<blockquote class=\"ac-article-quote wall-content\">\n<p>Cette am\u00e9lioration pluvieuse va traverser la Bretagne. Il y aura entre 3 et 8 mm de pluie en g\u00e9n\u00e9ral, peut-\u00eatre 10 mm sur le nord de la Bretagne.<\/p>\n<p>    <strong>S\u00e9bastien Decaux<\/strong><br \/>\n        M\u00e9t\u00e9orologue    <\/p><\/blockquote>\n<p>Vid\u00e9os : en ce moment sur Actu<\/p>\n<p class=\" wall-content\">Cette d\u00e9gradation pluvieuse va apporter <strong>de l\u2019air \u00ab\u2009plut\u00f4t frais\u2009\u00bb<\/strong> avec pour <strong>dimanche 6\u00a0juillet<\/strong>, un ciel <strong>tr\u00e8s nuageux<\/strong> et <strong>quelques ond\u00e9es.<\/strong><\/p>\n<p>Un d\u00e9but de semaine frais\u2026<\/p>\n<p class=\" wall-content\">Le d\u00e9but de semaine prochaine sera frais lui aussi\u2009: <strong>lundi 7\u00a0juillet <\/strong>sera <strong>la journ\u00e9e la plus fra\u00eeche<\/strong> de la semaine. \u00ab\u2009Dans l\u2019apr\u00e8s-midi il ne fera <strong>pas plus de 22 degr\u00e9s<\/strong> \u2013 la norme \u00e9tant plut\u00f4t 23, 24\u00a0\u00b0C \u00e0 cette p\u00e9riode de l\u2019ann\u00e9e\u2009\u00bb, pr\u00e9cise le m\u00e9t\u00e9orologue.<\/p>\n<blockquote class=\"ac-article-quote wall-content\">\n<p>Les temp\u00e9ratures seront encore un peu plus basses pr\u00e8s de la Manche, il ne fera pas plus de 20 \u00b0C lundi apr\u00e8s-midi. Il y aura un peu plus de chaleur probablement en allant vers le sud de la Bretagne autour de 23, 24 \u00b0C.\u00a0<\/p>\n<p>    <strong>S\u00e9bastien Decaux<\/strong><br \/>\n        M\u00e9t\u00e9orologue    <\/p><\/blockquote>\n<p>\u2026 Avant une mont\u00e9e progressive des temp\u00e9ratures<\/p>\n<p class=\" wall-content\">D\u00e8s <strong>mardi 8\u00a0juillet<\/strong>, <strong>l\u2019anticyclone<\/strong> sur l\u2019Atlantique, et qui pousse en direction de la Bretagne, va reprendre de la vigueur.<\/p>\n<blockquote class=\"ac-article-quote wall-content\">\n<p>Il devrait s&rsquo;imposer jusqu&rsquo;\u00e0 la fin de la semaine avec des temp\u00e9ratures qui vont progressivement augmenter chaque jour.<\/p>\n<p>    <strong>S\u00e9bastien Decaux<\/strong><br \/>\n        M\u00e9t\u00e9orologue    <\/p><\/blockquote>\n<p class=\" wall-content\">Les 30 \u00b0C seront d\u00e9pass\u00e9s d\u00e8s jeudi apr\u00e8s-midi sur l\u2019est du Morbihan et le sud de l\u2019Ille-et-Vilaine. Sur le reste de la r\u00e9gion il fera bon, voire plut\u00f4t chaud <strong>\u00ab\u2009mais il n\u2019y aura pas d\u2019exc\u00e8s\u2009\u00bb,<\/strong> pr\u00e9cise S\u00e9bastien Decaux.<\/p>\n<p>Pas de canicule en vue<\/p>\n<p class=\" wall-content\">\u00ab<strong>\u2009Le risque de canicule<\/strong> pour le moment, en tout cas en <strong>Bretagne, n\u2019existe pas\u2009\u00bb,<\/strong> appuie le m\u00e9t\u00e9orologue.<\/p>\n<blockquote class=\"ac-article-quote wall-content\">\n<p>On parlera de fortes chaleurs en fin de semaine surtout sur le sud de la r\u00e9gion. Sur le sud de la France, l&rsquo;air chaud va s&rsquo;accumuler mais celui-ci ne devrait pas aller au-del\u00e0 de la Loire et devrait se cantonner au sud de la France. Ailleurs, il fera beau et chaud mais sans exc\u00e8s.<\/p>\n<p>    <strong>S\u00e9bastien Decaux<\/strong><br \/>\n        M\u00e9t\u00e9orologue    <\/p><\/blockquote>\n<p class=\" wall-content\"><strong>Grand maximum,<\/strong> on pourra avoir jeudi 10\u00a0juillet,<strong> 31, 32\u00a0\u00b0C sur le sud de l\u2019Ille-et-Vilaine<\/strong>\u2009: \u00ab\u2009Ce sont des temp\u00e9ratures qui restent tr\u00e8s estivales, mais non excessives\u2009\u00bb, abonde le m\u00e9t\u00e9orologue.<\/p>\n<p>Des pr\u00e9cipitations suffisantes\u2009?<\/p>\n<p class=\" wall-content\">Comme nous le pr\u00e9cisions au d\u00e9but de cet article, mercredi 2 juillet, <strong>un front<\/strong> <strong>pluvieux<\/strong> s\u2019est activ\u00e9 sur le nord-est de l\u2019Ille-et-Vilaine. \u00ab\u2009Il y a eu de la pluie en quantit\u00e9 \u00e0 Liffr\u00e9 ou encore sur le secteur de Foug\u00e8res. \u00c0 Rennes, il n\u2019y a eu que deux ou trois millim\u00e8tres\u2009\u00bb, pr\u00e9cise S\u00e9bastien Decaux.<\/p>\n<p class=\" wall-content\">Les d\u00e9partements du Morbihan, du Finist\u00e8re, des C\u00f4tes-d\u2019Armor et d\u2019Ille-et-Vilaine sont maintenus <strong>en vigilance jaune s\u00e9cheresse<\/strong>.<\/p>\n<p class=\" wall-content\">S\u2019il va pleuvoir ce week-end dans la nuit de samedi \u00e0 dimanche, \u00ab\u2009ce n\u2019est pas \u00e7a qui va r\u00e9ellement humidifier <strong>les sols qui s\u2019ass\u00e8chent de jour en jour\u2009\u00bb,<\/strong> regrette S\u00e9bastien Decaux. \u00ab\u2009D\u2019ailleurs, sur les images satellites, on peut le voir de plus en plus.\u2009\u00bb<\/p>\n<p class=\" wall-content\">\n<blockquote class=\"ac-article-quote wall-content\">\n<p>Les images satellitaires qui sont vertes habituellement commencent \u00e0 prendre une coloration jaun\u00e2tre. La s\u00e9cheresse s&rsquo;accro\u00eet.<\/p>\n<p>    <strong>S\u00e9bastien Decaux<\/strong><br \/>\n        M\u00e9t\u00e9orologue    <\/p><\/blockquote>\n<p class=\" wall-content\">La semaine prochaine, il n\u2019y aura pas vraiment de pr\u00e9cipitations \u00ab\u2009\u00e0 part <strong>quelques gouttes<\/strong> lundi \u00e0 l\u2019arri\u00e8re de la perturbation\u2009\u00bb, mais cela restera tr\u00e8s \u00e9pars, <strong>sans quantit\u00e9.\u00a0<\/strong><\/p>\n<p class=\" wall-content\">Suivez toute l\u2019actualit\u00e9 de vos villes et m\u00e9dias favoris en vous inscrivant \u00e0 <a href=\"https:\/\/moncompte.actu.fr\" title=\"D\u00e9couvez Mon Actu\" rel=\"nofollow noopener\" data-trk=\"{&quot;cta&quot;:{&quot;action&quot;:&quot;https:\\\/\\\/moncompte.actu.fr&quot;,&quot;category&quot;:&quot;mon compte&quot;,&quot;from&quot;:&quot;article footer&quot;,&quot;name&quot;:&quot;Mon actu&quot;,&quot;type&quot;:&quot;cta&quot;}}\" target=\"_blank\">Mon Actu<\/a>.<\/p>\n","protected":false},"excerpt":{"rendered":"Par Laur\u00e8ne Fertin Publi\u00e9 le 5 juil. 2025 \u00e0 12h00 Alors que le d\u00e9partement d\u2019Ille-et-Vilaine \u00e9tait plac\u00e9, mercredi&hellip;\n","protected":false},"author":2,"featured_media":227877,"comment_status":"","ping_status":"","sticky":false,"template":"","format":"standard","meta":{"footnotes":""},"categories":[2821],"tags":[1111,11,829,6698,1777,674,1011,27,2487,12,4594,584,25,12817],"class_list":{"0":"post-227876","1":"post","2":"type-post","3":"status-publish","4":"format-standard","5":"has-post-thumbnail","7":"category-rennes","8":"tag-actu","9":"tag-actualites","10":"tag-bretagne","11":"tag-canicule","12":"tag-eu","13":"tag-europe","14":"tag-fr","15":"tag-france","16":"tag-meteo","17":"tag-news","18":"tag-orages","19":"tag-rennes","20":"tag-republique-francaise","21":"tag-secheresse"},"share_on_mastodon":{"url":"https:\/\/pubeurope.com\/@fr\/114800119259841424","error":""},"_links":{"self":[{"href":"https:\/\/www.europesays.com\/fr\/wp-json\/wp\/v2\/posts\/227876","targetHints":{"allow":["GET"]}}],"collection":[{"href":"https:\/\/www.europesays.com\/fr\/wp-json\/wp\/v2\/posts"}],"about":[{"href":"https:\/\/www.europesays.com\/fr\/wp-json\/wp\/v2\/types\/post"}],"author":[{"embeddable":true,"href":"https:\/\/www.europesays.com\/fr\/wp-json\/wp\/v2\/users\/2"}],"replies":[{"embeddable":true,"href":"https:\/\/www.europesays.com\/fr\/wp-json\/wp\/v2\/comments?post=227876"}],"version-history":[{"count":0,"href":"https:\/\/www.europesays.com\/fr\/wp-json\/wp\/v2\/posts\/227876\/revisions"}],"wp:featuredmedia":[{"embeddable":true,"href":"https:\/\/www.europesays.com\/fr\/wp-json\/wp\/v2\/media\/227877"}],"wp:attachment":[{"href":"https:\/\/www.europesays.com\/fr\/wp-json\/wp\/v2\/media?parent=227876"}],"wp:term":[{"taxonomy":"category","embeddable":true,"href":"https:\/\/www.europesays.com\/fr\/wp-json\/wp\/v2\/categories?post=227876"},{"taxonomy":"post_tag","embeddable":true,"href":"https:\/\/www.europesays.com\/fr\/wp-json\/wp\/v2\/tags?post=227876"}],"curies":[{"name":"wp","href":"https:\/\/api.w.org\/{rel}","templated":true}]}}