{"id":227880,"date":"2025-07-05T10:20:13","date_gmt":"2025-07-05T10:20:13","guid":{"rendered":"https:\/\/www.europesays.com\/fr\/227880\/"},"modified":"2025-07-05T10:20:13","modified_gmt":"2025-07-05T10:20:13","slug":"barseghian-repart-la-foret-sanime-larche-a-flots","status":"publish","type":"post","link":"https:\/\/www.europesays.com\/fr\/227880\/","title":{"rendered":"Barseghian repart, la for\u00eat s\u2019anime, l\u2019Arche \u00e0 flots"},"content":{"rendered":"<p>  L\u2019histoire de la semaine<\/p>\n<p><strong><a href=\"https:\/\/www.dna.fr\/p\/jeanne-barseghian\" target=\"_blank\" rel=\"nofollow noopener\">Jeanne Barseghian<\/a> candidate \u00e0 sa r\u00e9\u00e9lection. <\/strong> Fini les grises mines des lundis de conseil, quand il faut annoncer qu\u2019on lourde un adjoint. Exit, pour un temps, les regards noirs et les col\u00e8res froides en direction de l\u2019opposition. Ce jeudi 3\u00a0juillet au soir, sur la photo, elle rayonne, sourire aux l\u00e8vres. C\u2019est officiel\u00a0: <a href=\"https:\/\/www.dna.fr\/elections\/2025\/07\/03\/a-strasbourg-l-ecologiste-jeanne-barseghian-candidate-a-sa-reelection\" target=\"_blank\" rel=\"nofollow noopener\">Jeanne Barseghian visera un second mandat en mars\u00a02026<\/a>. La maire \u00e9cologiste l\u2019a annonc\u00e9 au Tigre, au terme d\u2019une r\u00e9union-bilan de la majorit\u00e9 sortante. \u00ab\u00a0Cet \u00e9lan, il nous faut continuer de l\u2019amplifier\u00a0\u00bb, a-t-elle lanc\u00e9, tout en martelant que \u00ab\u00a0le temps de la campagne n\u2019est pas encore venu\u00a0\u00bb. Mani\u00e8re de rester concentr\u00e9e sur son mandat jusqu\u2019au bout.<\/p>\n<p>\u00c0\u00a044 ans, \u00e9lue en 2020 gr\u00e2ce \u00e0 une large alliance (EELV, communistes, Place publique, G\u00e9n\u00e9ration. s, s\u2019Linke Elsass), a peut-\u00eatre pr\u00e9cipit\u00e9 son annonce du fait de la canicule et de la perspective des universit\u00e9s d\u2019\u00e9t\u00e9 des \u00c9cologistes \u00e0 Strasbourg fin ao\u00fbt. Car depuis 2019 et ses \u00e9t\u00e9s br\u00fblants, \u00ab\u00a0adapter la ville au r\u00e9chauffement climatique\u00a0\u00bb reste son marqueur.<\/p>\n<p>La campagne sera tendue. LFI pr\u00e9pare l\u2019\u00e9ch\u00e9ance (mais peut-\u00eatre pas une liste), les socialistes promettent une candidature autonome men\u00e9e par <a href=\"https:\/\/www.dna.fr\/p\/catherine-trautmann\" target=\"_blank\" rel=\"nofollow noopener\">Catherine Trautmann<\/a>. \u00c0 droite, <a href=\"https:\/\/www.dna.fr\/politique\/2025\/02\/28\/municipales-jean-philippe-vetter-(lr)-en-operation-seduction\" target=\"_blank\" rel=\"nofollow noopener\">Jean-Philippe Vetter (LR)<\/a> est d\u00e9j\u00e0 dans les starting-blocks, Virginie Joron pressentie pour le RN. Et au centre, Horizons, MoDem et Renaissance travaillent \u00e0 une union (ou pas).<\/p>\n<p>Bref, le jeu des alliances d\u00e9cidera de beaucoup. Barseghian n\u2019a fait que placer son pion, mais \u00e0 un moment strat\u00e9gique \u2013 ceux qui dans la majorit\u00e9 seraient tent\u00e9s d\u2019aller voir ailleurs le feront en connaissance de cause. La vraie partie commence plus tard.<\/p>\n<p>  La citation de la semaine<\/p>\n<p><strong>\u00ab\u00a0L\u2019Arche de l\u2019Orangerie\u00a0\u00bb (sans No\u00e9)<\/strong><\/p>\n<p>Ne l\u2019appelez plus jamais \u00ab\u00a0zoo\u00a0\u00bb\u00a0: l\u2019ancien parc animalier de l\u2019Orangerie <a href=\"https:\/\/www.dna.fr\/environnement\/2025\/07\/04\/on-connait-enfin-le-nouveau-nom-du-zoo-de-l-orangeriehttps:\/\/c.dna.fr\/environnement\/2025\/07\/04\/on-connait-enfin-le-nouveau-nom-du-zoo-de-l-orangerie\" target=\"_blank\" rel=\"nofollow noopener\">s\u2019appellera d\u00e9sormais \u00ab\u00a0L\u2019Arche de l\u2019Orangerie\u00a0\u00bb<\/a> , nom choisi par 1\u00a0125 votants sur 1\u00a0721. Jeanne Barseghian a d\u00e9voil\u00e9 cette nouvelle identit\u00e9 jeudi, dans la cour rebaptis\u00e9e Micado.<\/p>\n<p>Pas question de r\u00e9f\u00e9rence biblique \u2013 m\u00eame si, en fait, tout le monde pense \u00e0 No\u00e9, vu qu\u2019il est question d\u2019animaux, mais passons \u2013, mais d\u2019un \u00ab\u00a0appel \u00e0 construire des ponts\u00a0\u00bb entre ville et nature, humains et animaux.<\/p>\n<p>Les futurs pensionnaires\u00a0? Six poules, six lapins, six rats, six cochons d\u2019Inde et quatre cochons nains rescap\u00e9s de labos, dans une mini-ferme r\u00e9am\u00e9nag\u00e9e \u00e0 l\u2019automne. Le mur sera sur\u00e9lev\u00e9, des cheminements pour porcs trac\u00e9s, un nouveau poulailler sortira de terre.<\/p>\n<p>Et pendant qu\u2019on attend le futur centre de soins pour la faune, la LPO et les assos locales continueront d\u2019animer l\u2019endroit avec stages et cin\u00e9 en plein air. Prochain rendez-vous\u00a0: Vivant \u00a0de <a href=\"https:\/\/www.dna.fr\/p\/yann-arthus-bertrand\" target=\"_blank\" rel=\"nofollow noopener\">Yann Arthus-Bertrand<\/a>, le 18\u00a0juillet, pour une s\u00e9ance en plein air \u2013 l\u2019horaire viendra plus tard.<\/p>\n<p>  L\u2019autre histoire de la semaine<\/p>\n<p><strong>La for\u00eat de la place du Ch\u00e2teau\u00a0: Playmobil\u00ae le jour, f\u00e9erie la nuit<\/strong><\/p>\n<p>Depuis quelques jours, <a href=\"https:\/\/www.dna.fr\/culture-loisirs\/2025\/07\/04\/la-(mini-)foret-immersive-va-s-animer-des-samedi-place-du-chateau\" target=\"_blank\" rel=\"nofollow noopener\">la place du Ch\u00e2teau s\u2019est peupl\u00e9e d\u2019arbres en kit<\/a> sign\u00e9s Eventeam. Six troncs de bois verni surmont\u00e9s d\u2019un feuillage en alu, que certains comparent \u00e0 des jouets Playmobil\u00ae ou \u00e0 des Lego\u00ae. Certains conjurent <a href=\"https:\/\/www.dna.fr\/economie\/2023\/07\/08\/l-oeuvre-d-art-ephemere-nemeton-s-est-effondree-place-du-chateau\" target=\"_blank\" rel=\"nofollow noopener\">le spectre de Nemeton, installation \u00e9croul\u00e9e en 2023<\/a> , mais en plus sage\u00a0: canop\u00e9e basse, structure l\u00e9g\u00e8re, peu de risque de voir le tout s\u2019effondrer.<\/p>\n<p>De jour, on annonce des \u00ab\u00a0grands rendez-vous\u00a0\u00bb pour investir cet espace\u00a0: yoga, clubbing, ateliers, concerts\u2026 mais il fera chaud sous ces fr\u00eales frondaisons.<\/p>\n<p>La magie op\u00e9rera surtout \u00e0 la nuit tomb\u00e9e. Mais attention le spectacle sonore et lumineux quotidien n\u2019a lieu qu\u2019une fois, de 22\u00a0h\u00a013 \u00e0 22\u00a0h\u00a018. On passe ensuite aux projections place de la Cath\u00e9drale jusqu\u2019\u00e0 minuit avec la mise en lumi\u00e8re sign\u00e9e Daniel Knipper. Cinq minutes de show qu\u2019il ne faudra donc pas rater, sous peine de rentrer se coucher avec la musique dans la t\u00eate et rien \u00e0 mettre sur Instagram.<\/p>\n<p>    &#13;<br \/>\n    &#13;<br \/>\n    &#13;<br \/>\n    <a href=\"https:\/\/cdn-s-www.dna.fr\/images\/c8df7f57-39e9-4de0-9ac5-1de01dd83bf0\/NW_raw\/la-magistrale-facade-de-l-artiste-noemie-chust-rue-de-molsheim-photo-laurent-rea-1751709567.jpg\" title=\"La magistrale fa\u00e7ade de l\u2019artiste No\u00e9mie Chust, rue de Molsheim. Photo\u00a0Laurent R\u00e9a\" class=\"chocolat-image GA-tracking\" data-ga_type=\"click\" data-ga_category=\"D\u00e9tail\" data-ga_action=\"zoomer\" data-ga_label=\"aggrandir image\" rel=\"nofollow noopener\" target=\"_blank\">&#13;<br \/>\n        <img src=\"https:\/\/www.europesays.com\/fr\/wp-content\/uploads\/2025\/07\/la-magistrale-facade-de-l-artiste-noemie-chust-rue-de-molsheim-photo-laurent-rea-1751709567.jpg\"   alt=\"La magistrale fa\u00e7ade de l\u2019artiste No\u00e9mie Chust, rue de Molsheim. Photo\u00a0Laurent R\u00e9a\" fetchpriority=\"high\" decoding=\"async\" data-mobile=\"NW_listA_M|1751709567\" data-base=\"NW_listA|1751709567\"\/>&#13;<br \/>\n    <\/a>&#13;<\/p>\n<p> La magistrale fa\u00e7ade de l\u2019artiste No\u00e9mie Chust, rue de Molsheim. Photo\u00a0Laurent R\u00e9a <\/p>\n<p>  L\u2019image de la semaine<\/p>\n<p><strong>Notre devise fait le mur<\/strong><\/p>\n<p>Sur la fa\u00e7ade du 37, rue de Molsheim, la fresque \u00ab\u00a0La Passerelle\u00a0\u00bb de No\u00e9mie Chust <a href=\"https:\/\/www.dna.fr\/societe\/2025\/07\/02\/la-devise-republicaine-aux-yeux-de-tous\" target=\"_blank\" rel=\"nofollow noopener\">rend un hommage surr\u00e9aliste \u00e0 la devise r\u00e9publicaine<\/a>. Inspir\u00e9e du cadavre exquis, l\u2019\u0153uvre command\u00e9e par Vivialys et la HEAR m\u00eale deux oiseaux qui s\u2019embrassent (paix et \u00e9galit\u00e9), un entrelacs de mains (fraternit\u00e9) et des jambes en mouvement d\u2019o\u00f9 jaillit l\u2019espoir.<\/p>\n<p>Un souffle color\u00e9 qui veut \u00ab\u00a0apporter de la lumi\u00e8re en hiver\u00a0\u00bb et rappeler que le vivre-ensemble se fabrique autant dans l\u2019art que dans l\u2019urne. On adorait la fresque pr\u00e9c\u00e9dente, mais on a aussi un gros coup de c\u0153ur pour celle-ci. C\u2019est un sans-faute cette fa\u00e7ade.<\/p>\n<p>  Le chiffre de la semaine<\/p>\n<p><strong>\u00c0 question complexe, vote complexe.<\/strong> On est all\u00e9 un peu vite en besogne la semaine derni\u00e8re au sujet du vote sur le jumelage avec le camp d\u2019Aida. Nous donnons donc ici le vote complet. Le jumelage avec ce camp de r\u00e9fugi\u00e9s palestiniens a \u00e9t\u00e9 adopt\u00e9 avec 48 pour, la majorit\u00e9, 10 contre, Rebecca Breitman (MoDem), Pierre Jakubowicz (Horizons), Pascal Mangin (LR), Dominique Mastelli (PS), Jean-Philippe Maurer (LR), Isabelle Meyer, Anne-Pernelle Richardot (PS), Gabrielle Rosner-Bloch (UDC), <a href=\"https:\/\/www.dna.fr\/p\/elsa-schalck\" target=\"_blank\" rel=\"nofollow noopener\">Elsa Schalck<\/a> (LR) Jean-Philippe Vetter (LR) et 5 abstentions, Caroline Barri\u00e8re (PS), C\u00e9line Geissmann (PS), Christel Kohler (Renaissance), Nicolas Matt (Renaissance), Catherine Trautmann (PS).<\/p>\n","protected":false},"excerpt":{"rendered":"L\u2019histoire de la semaine Jeanne Barseghian candidate \u00e0 sa r\u00e9\u00e9lection. Fini les grises mines des lundis de conseil,&hellip;\n","protected":false},"author":2,"featured_media":227881,"comment_status":"","ping_status":"","sticky":false,"template":"","format":"standard","meta":{"footnotes":""},"categories":[2820],"tags":[1111,11,2880,1777,674,107,1011,27,775,12,25,104,640,2879],"class_list":{"0":"post-227880","1":"post","2":"type-post","3":"status-publish","4":"format-standard","5":"has-post-thumbnail","7":"category-strasbourg","8":"tag-actu","9":"tag-actualites","10":"tag-edition-strasbourg","11":"tag-eu","12":"tag-europe","13":"tag-fil-info","14":"tag-fr","15":"tag-france","16":"tag-grand-est","17":"tag-news","18":"tag-republique-francaise","19":"tag-societe","20":"tag-strasbourg","21":"tag-strasbourg-ville"},"share_on_mastodon":{"url":"https:\/\/pubeurope.com\/@fr\/114800127168198716","error":""},"_links":{"self":[{"href":"https:\/\/www.europesays.com\/fr\/wp-json\/wp\/v2\/posts\/227880","targetHints":{"allow":["GET"]}}],"collection":[{"href":"https:\/\/www.europesays.com\/fr\/wp-json\/wp\/v2\/posts"}],"about":[{"href":"https:\/\/www.europesays.com\/fr\/wp-json\/wp\/v2\/types\/post"}],"author":[{"embeddable":true,"href":"https:\/\/www.europesays.com\/fr\/wp-json\/wp\/v2\/users\/2"}],"replies":[{"embeddable":true,"href":"https:\/\/www.europesays.com\/fr\/wp-json\/wp\/v2\/comments?post=227880"}],"version-history":[{"count":0,"href":"https:\/\/www.europesays.com\/fr\/wp-json\/wp\/v2\/posts\/227880\/revisions"}],"wp:featuredmedia":[{"embeddable":true,"href":"https:\/\/www.europesays.com\/fr\/wp-json\/wp\/v2\/media\/227881"}],"wp:attachment":[{"href":"https:\/\/www.europesays.com\/fr\/wp-json\/wp\/v2\/media?parent=227880"}],"wp:term":[{"taxonomy":"category","embeddable":true,"href":"https:\/\/www.europesays.com\/fr\/wp-json\/wp\/v2\/categories?post=227880"},{"taxonomy":"post_tag","embeddable":true,"href":"https:\/\/www.europesays.com\/fr\/wp-json\/wp\/v2\/tags?post=227880"}],"curies":[{"name":"wp","href":"https:\/\/api.w.org\/{rel}","templated":true}]}}