{"id":227886,"date":"2025-07-05T10:23:30","date_gmt":"2025-07-05T10:23:30","guid":{"rendered":"https:\/\/www.europesays.com\/fr\/227886\/"},"modified":"2025-07-05T10:23:30","modified_gmt":"2025-07-05T10:23:30","slug":"greve-des-controleurs-aeriens-a-laeroport-de-nice-plus-de-200-vols-annules-et-tres-peu-de-jets-prives-ont-pu-decoller-ce-vendredi","status":"publish","type":"post","link":"https:\/\/www.europesays.com\/fr\/227886\/","title":{"rendered":"Gr\u00e8ve des contr\u00f4leurs a\u00e9riens: \u00e0 l&rsquo;a\u00e9roport de Nice, plus de 200 vols annul\u00e9s et tr\u00e8s peu de jets priv\u00e9s ont pu d\u00e9coller, ce vendredi"},"content":{"rendered":"<p><a href=\"https:\/\/www.nicematin.com\/transports\/deuxieme-journee-de-greve-de-controleurs-aeriens-en-pleins-grands-departs-992896\" target=\"_blank\" rel=\"noopener\">La gr\u00e8ve nationale de contr\u00f4leurs a\u00e9riens<\/a> se fait particuli\u00e8rement ressentir \u00e0 Nice, deuxi\u00e8me a\u00e9roport d&rsquo;affaires en Europe, o\u00f9 la moiti\u00e9 des vols commerciaux ont \u00e9t\u00e9 annul\u00e9s depuis jeudi ainsi que la quasi-totalit\u00e9 des vols de jets priv\u00e9s, a expliqu\u00e9 vendredi la direction de l&rsquo;a\u00e9roport.<\/p>\n<p>Au total, <strong>environ 200 vols commerciaux au d\u00e9part ou \u00e0 l&rsquo;arriv\u00e9e de Nice ont \u00e9t\u00e9 annul\u00e9s jeudi, et pr\u00e8s de 220 vendredi<\/strong>, ce qui impacte quelque <strong>50.000 passagers qui peinent d\u00e9sormais \u00e0 trouver un autre vol.\u00a0<\/strong>Mais parall\u00e8lement, l&rsquo;aviation d&rsquo;affaires et ses jets priv\u00e9s sont clou\u00e9s au sol, \u00e0 l&rsquo;exception d&rsquo;une poign\u00e9e de transports prioritaires, comme par exemple des vols sanitaires.<\/p>\n<p><strong>Des retards fr\u00e9quents\u00a0<\/strong><\/p>\n<p>Il est impossible de savoir combien de vols de jets priv\u00e9s ont \u00e9t\u00e9 annul\u00e9s, dans la mesure o\u00f9 contrairement aux vols commerciaux organis\u00e9s des mois \u00e0 l&rsquo;avance par les compagnies, <strong>ces vols sont tr\u00e8s al\u00e9atoires et peuvent \u00eatre programm\u00e9s quasiment \u00e0 la derni\u00e8re minute.<\/strong><\/p>\n<p>Mais Nice, deuxi\u00e8me a\u00e9roport d&rsquo;Europe pour l&rsquo;aviation d&rsquo;affaires apr\u00e8s Le Bourget, peut enregistrer jusqu&rsquo;\u00e0 250 mouvements par jour en cette saison.<\/p>\n<p>Pour l&rsquo;a\u00e9roport de la C\u00f4te d&rsquo;Azur, <strong>c<a href=\"https:\/\/www.nicematin.com\/vie-locale\/vols-en-retard-manque-de-personnels-l-aeroport-de-nice-prend-des-mesures-pour-le-festival-de-cannes-et-le-grand-prix-de-monaco-985471\" target=\"_blank\" rel=\"noopener\">e mouvement de gr\u00e8ve s&rsquo;ajoute \u00e0 des retards fr\u00e9quents depuis plusieurs mois en raison de manques r\u00e9currents de personnel dans la tour de contr\u00f4le.<\/a><\/strong><\/p>\n<p>La Direction g\u00e9n\u00e9rale de l&rsquo;Aviation civile (DGAC) avait annonc\u00e9 d\u00e9but mai des mesures pour r\u00e9gler le probl\u00e8me avant le pic du festival de Cannes et la saison estivale.<\/p>\n<p><strong>Une limitation du nombre d&rsquo;arriv\u00e9es par heure\u00a0<\/strong><\/p>\n<p>Au sein du contr\u00f4le a\u00e9rien, le chef de tour est r\u00e9guli\u00e8rement contraint, <strong>faute de personnel suffisant sur place, de limiter le nombre d&rsquo;arriv\u00e9es par heure<\/strong>. Les avions sont donc oblig\u00e9s de patienter dans les airs ou \u00e0 l&rsquo;a\u00e9roport de provenance, ce qui provoque des retards en cascade.<\/p>\n<p>Au printemps, ces r\u00e9gulations intervenaient surtout le vendredi et le dimanche, mais d\u00e9sormais, \u00ab\u00a0c&rsquo;est quasiment tous les jours\u00a0\u00bb, a expliqu\u00e9 l&rsquo;a\u00e9roport, en notant que cela impactait les compagnies et les passagers mais aussi l&rsquo;attractivit\u00e9 du territoire.<\/p>\n<p>\u00ab\u00a0Ces derniers mois, des compagnies comme Easyjet ont anticip\u00e9 les d\u00e9programmations et r\u00e9duit leur nombre de vols pr\u00e9vus pour cet \u00e9t\u00e9\u00a0\u00bb, a d\u00e9plor\u00e9 l&rsquo;a\u00e9roport.<\/p>\n","protected":false},"excerpt":{"rendered":"La gr\u00e8ve nationale de contr\u00f4leurs a\u00e9riens se fait particuli\u00e8rement ressentir \u00e0 Nice, deuxi\u00e8me a\u00e9roport d&rsquo;affaires en Europe, o\u00f9&hellip;\n","protected":false},"author":2,"featured_media":76394,"comment_status":"","ping_status":"","sticky":false,"template":"","format":"standard","meta":{"footnotes":""},"categories":[2819],"tags":[1111,11,1777,674,1011,27,802,12,2401,882,25,801,800],"class_list":{"0":"post-227886","1":"post","2":"type-post","3":"status-publish","4":"format-standard","5":"has-post-thumbnail","7":"category-nice","8":"tag-actu","9":"tag-actualites","10":"tag-eu","11":"tag-europe","12":"tag-fr","13":"tag-france","14":"tag-greves-et-mouvements-sociaux","15":"tag-news","16":"tag-nice","17":"tag-provence-alpes-cote-dazur","18":"tag-republique-francaise","19":"tag-social","20":"tag-transports"},"share_on_mastodon":{"url":"https:\/\/pubeurope.com\/@fr\/114800138888405745","error":""},"_links":{"self":[{"href":"https:\/\/www.europesays.com\/fr\/wp-json\/wp\/v2\/posts\/227886","targetHints":{"allow":["GET"]}}],"collection":[{"href":"https:\/\/www.europesays.com\/fr\/wp-json\/wp\/v2\/posts"}],"about":[{"href":"https:\/\/www.europesays.com\/fr\/wp-json\/wp\/v2\/types\/post"}],"author":[{"embeddable":true,"href":"https:\/\/www.europesays.com\/fr\/wp-json\/wp\/v2\/users\/2"}],"replies":[{"embeddable":true,"href":"https:\/\/www.europesays.com\/fr\/wp-json\/wp\/v2\/comments?post=227886"}],"version-history":[{"count":0,"href":"https:\/\/www.europesays.com\/fr\/wp-json\/wp\/v2\/posts\/227886\/revisions"}],"wp:featuredmedia":[{"embeddable":true,"href":"https:\/\/www.europesays.com\/fr\/wp-json\/wp\/v2\/media\/76394"}],"wp:attachment":[{"href":"https:\/\/www.europesays.com\/fr\/wp-json\/wp\/v2\/media?parent=227886"}],"wp:term":[{"taxonomy":"category","embeddable":true,"href":"https:\/\/www.europesays.com\/fr\/wp-json\/wp\/v2\/categories?post=227886"},{"taxonomy":"post_tag","embeddable":true,"href":"https:\/\/www.europesays.com\/fr\/wp-json\/wp\/v2\/tags?post=227886"}],"curies":[{"name":"wp","href":"https:\/\/api.w.org\/{rel}","templated":true}]}}