{"id":227887,"date":"2025-07-05T10:26:13","date_gmt":"2025-07-05T10:26:13","guid":{"rendered":"https:\/\/www.europesays.com\/fr\/227887\/"},"modified":"2025-07-05T10:26:13","modified_gmt":"2025-07-05T10:26:13","slug":"ces-oeuvres-en-pixels-accueillent-les-passagers-a-la-sortie-de-lavion","status":"publish","type":"post","link":"https:\/\/www.europesays.com\/fr\/227887\/","title":{"rendered":"ces \u0153uvres en pixels accueillent les passagers \u00e0 la sortie de l&rsquo;avion"},"content":{"rendered":"<p>            Par<br \/>\n        <strong><br \/>\n            <a href=\"https:\/\/actu.fr\/auteur\/laure-gentil\" title=\"Consulter tous les articles de Laure Gentil\" rel=\"nofollow noopener\" target=\"_blank\">Laure Gentil<\/a><br \/>\n        <\/strong><\/p>\n<p>        Publi\u00e9 le<\/p>\n<p>            5 juil. 2025 \u00e0 12h16        <\/p>\n<p>Si vous avez arpent\u00e9 les couloirs de l\u2019<strong>a\u00e9roport de Nantes<\/strong> ces jours-ci, vous avez peut-\u00eatre remarqu\u00e9 des \u0153uvres un peu \u00e9tranges dans les espaces publics, les salles d\u2019embarquement et les salles d\u2019arriv\u00e9es de l\u2019a\u00e9roport.<\/p>\n<p class=\" wall-content\">Ces \u0153uvres \u00ab\u2009num\u00e9riques\u2009\u00bb font partie de<strong> Nantes Pixelart<\/strong>, une exposition imagin\u00e9e par\u00a0<strong>Franck Drion,<\/strong> un illustrateur et graphiste nantais dont le style m\u00e9lange street art, pop art et r\u00e9trogaming.<\/p>\n<p>Un hommage \u00e0 Nantes<\/p>\n<p class=\" wall-content\">Selon Vinci Airports cette exposition a pour but de \u00ab\u2009proposer une exp\u00e9rience enrichie \u00e0 ses passagers et aux salari\u00e9s de la plateforme, en s\u2019appuyant sur les artistes locaux et en faisant de l\u2019a\u00e9roport un v\u00e9ritable lieu de vie et de culture\u2009\u00bb.<\/p>\n<p class=\" wall-content\">\u00c0 travers ces \u0153uvres de pixels, dont l\u2019esth\u00e9tique est inspir\u00e9e des premiers jeux vid\u00e9o, Franck Drion revisite les \u00ab\u2009symboles de la ville\u2009\u00bb de Nantes \u00ab\u2009pass\u00e9s et actuels\u2009\u00bb. Chacune de ces \u0153uvres a n\u00e9cessit\u00e9 <strong>plus de 300\u00a0heures de travail<\/strong>.<\/p>\n<p>    <img   decoding=\"async\" loading=\"lazy\" src=\"https:\/\/www.europesays.com\/fr\/wp-content\/uploads\/2025\/07\/20250626-nantes-pixelart-expo-franck-drionaroport-nantes-atlantique-11jpg-960x640.jpg\" alt=\"Les oeuvres sont visibles dans les espaces publiques, les salles d'arriv\u00e9es et de d\u00e9parts de l'a\u00e9roport de Nantes.\" width=\"960\" height=\"640\"\/><br \/>\n    Les oeuvres sont visibles dans les espaces publiques, les salles d\u2019arriv\u00e9es et de d\u00e9parts de l\u2019a\u00e9roport de Nantes. (\u00a9Transmis \u00e0 actu Nantes)Vid\u00e9os : en ce moment sur Actu<\/p>\n<p class=\" wall-content\"><strong>Herv\u00e9 Bidet<\/strong>, Directeur marketing et commercial de l\u2019a\u00e9roport Nantes Atlantique se f\u00e9licite de cette initiative\u2009: \u00ab\u2009L\u2019a\u00e9roport est un lieu de passage international o\u00f9 se croisent 7\u00a0millions de passagers par an venant des quatre coins de l\u2019Europe, qui peuvent ainsi d\u00e9couvrir la richesse de la culture locale \u00e0 travers ces \u0153uvres ludiques, uniques et tr\u00e8s nantaises dans l\u2019esprit et l\u2019esth\u00e9tisme.\u2009\u00bb<\/p>\n<p class=\" wall-content\">Suivez toute l\u2019actualit\u00e9 de vos villes et m\u00e9dias favoris en vous inscrivant \u00e0 <a href=\"https:\/\/moncompte.actu.fr\" title=\"D\u00e9couvez Mon Actu\" rel=\"nofollow noopener\" data-trk=\"{&quot;cta&quot;:{&quot;action&quot;:&quot;https:\\\/\\\/moncompte.actu.fr&quot;,&quot;category&quot;:&quot;mon compte&quot;,&quot;from&quot;:&quot;article footer&quot;,&quot;name&quot;:&quot;Mon actu&quot;,&quot;type&quot;:&quot;cta&quot;}}\" target=\"_blank\">Mon Actu<\/a>.<\/p>\n","protected":false},"excerpt":{"rendered":"Par Laure Gentil Publi\u00e9 le 5 juil. 2025 \u00e0 12h16 Si vous avez arpent\u00e9 les couloirs de l\u2019a\u00e9roport&hellip;\n","protected":false},"author":2,"featured_media":227888,"comment_status":"","ping_status":"","sticky":false,"template":"","format":"standard","meta":{"footnotes":""},"categories":[2818],"tags":[1111,11,754,1777,674,1349,1011,27,1652,766,12,2636,25],"class_list":{"0":"post-227887","1":"post","2":"type-post","3":"status-publish","4":"format-standard","5":"has-post-thumbnail","7":"category-nantes","8":"tag-actu","9":"tag-actualites","10":"tag-aeroport-de-nantes","11":"tag-eu","12":"tag-europe","13":"tag-expositions","14":"tag-fr","15":"tag-france","16":"tag-loisirs-culture","17":"tag-nantes","18":"tag-news","19":"tag-pays-de-la-loire","20":"tag-republique-francaise"},"share_on_mastodon":{"url":"https:\/\/pubeurope.com\/@fr\/114800150745524231","error":""},"_links":{"self":[{"href":"https:\/\/www.europesays.com\/fr\/wp-json\/wp\/v2\/posts\/227887","targetHints":{"allow":["GET"]}}],"collection":[{"href":"https:\/\/www.europesays.com\/fr\/wp-json\/wp\/v2\/posts"}],"about":[{"href":"https:\/\/www.europesays.com\/fr\/wp-json\/wp\/v2\/types\/post"}],"author":[{"embeddable":true,"href":"https:\/\/www.europesays.com\/fr\/wp-json\/wp\/v2\/users\/2"}],"replies":[{"embeddable":true,"href":"https:\/\/www.europesays.com\/fr\/wp-json\/wp\/v2\/comments?post=227887"}],"version-history":[{"count":0,"href":"https:\/\/www.europesays.com\/fr\/wp-json\/wp\/v2\/posts\/227887\/revisions"}],"wp:featuredmedia":[{"embeddable":true,"href":"https:\/\/www.europesays.com\/fr\/wp-json\/wp\/v2\/media\/227888"}],"wp:attachment":[{"href":"https:\/\/www.europesays.com\/fr\/wp-json\/wp\/v2\/media?parent=227887"}],"wp:term":[{"taxonomy":"category","embeddable":true,"href":"https:\/\/www.europesays.com\/fr\/wp-json\/wp\/v2\/categories?post=227887"},{"taxonomy":"post_tag","embeddable":true,"href":"https:\/\/www.europesays.com\/fr\/wp-json\/wp\/v2\/tags?post=227887"}],"curies":[{"name":"wp","href":"https:\/\/api.w.org\/{rel}","templated":true}]}}