{"id":22789,"date":"2025-04-13T18:17:25","date_gmt":"2025-04-13T18:17:25","guid":{"rendered":"https:\/\/www.europesays.com\/fr\/22789\/"},"modified":"2025-04-13T18:17:25","modified_gmt":"2025-04-13T18:17:25","slug":"n2-masculine-marseille-provence-perd-sa-place-de-dauphin","status":"publish","type":"post","link":"https:\/\/www.europesays.com\/fr\/22789\/","title":{"rendered":"N2 masculine : Marseille Provence perd sa place de dauphin"},"content":{"rendered":"<p>D\u00e8s les premi\u00e8res minutes, les Montpelli\u00e9rains ont pris les commandes de la rencontre. <a href=\"https:\/\/www.laprovence.com\/article\/sports\/5002063788658114\/handball-n2-masculine-marseille-provence-revient-dans-le-match-pour-la-deuxieme-place\" target=\"_blank\" rel=\"nofollow noopener\">Les Marseillais<\/a>, eux, ont pein\u00e9 \u00e0 rentrer dans leur match, comme le souligne leur entra\u00eeneur Abderrahim Boudaouch : \u00ab\u00a0On aurait pu tout mieux faire. On a mal commenc\u00e9 et on n&rsquo;a pas respect\u00e9 les consignes sur notre projet de jeu. On a couru derri\u00e8re le score tout du long.\u00a0\u00bb \u00c0 la mi-temps, les joueurs locaux accusaient d\u00e9j\u00e0 un retard de quatre longueurs (16-12).<\/p>\n<p>Face \u00e0 une d\u00e9fense marseillaise en difficult\u00e9 et un gardien adverse en \u00e9tat de gr\u00e2ce, Thomas Bernardelli, les Phoc\u00e9ens n&rsquo;ont jamais r\u00e9ussi \u00e0 mener au score.<\/p>\n<p>Les multiples parades du portier h\u00e9raultais ont \u00e9c\u0153ur\u00e9 les attaquants locaux et maintenu Frontignan dans une position confortable tout au long de la rencontre.<\/p>\n<p>\u00ab\u00a0C&rsquo;est surtout la d\u00e9fense qui n&rsquo;a pas du tout \u00e9t\u00e9 respect\u00e9e, on a pris l&rsquo;eau de toute part, surtout du c\u00f4t\u00e9 des jeunes. On savait qu&rsquo;ils avaient cette fougue qui allait cr\u00e9er des espaces mais on avait travaill\u00e9 toute la semaine pour mettre un plan en place que nous n&rsquo;avons pas respect\u00e9. Quand on manque 27 immanquables dans un match comme \u00e7a, c&rsquo;est difficile de gagner\u00a0\u00bb, d\u00e9plore le coach marseillais.<\/p>\n<p>De l&rsquo;ambiance en tribunes<\/p>\n<p>Le public marseillais avait pourtant r\u00e9pondu pr\u00e9sent en masse pour soutenir son \u00e9quipe. Les tribunes du gymnase Bois-Luzy \u00e9taient pleines \u00e0 craquer, anim\u00e9es par un kop phoc\u00e9en bruyant et une ribambelle de b\u00e2tons gonflables bleu et blanc. Malgr\u00e9 cette ferveur et une belle r\u00e9action collective en seconde p\u00e9riode, les Marseillais n&rsquo;ont pu inverser la tendance. Les supporters, pr\u00eats \u00e0 s&rsquo;enflammer, y ont cru lorsque leur \u00e9quipe est revenue \u00e0 une longueur, mais l&rsquo;espoir a vite \u00e9t\u00e9 douch\u00e9 par un collectif montpelli\u00e9rain trop solide ce soir-l\u00e0.<\/p>\n<p>D\u00e9\u00e7us mais pas abattus<\/p>\n<p>Pour Boudaouch, cette d\u00e9faite est un coup dur mais rien n&rsquo;est encore jou\u00e9 : \u00ab\u00a0Il y a des matches comme \u00e7a o\u00f9 \u00e7a ne tourne pas. C&rsquo;est un soir &lsquo;sans&rsquo; sur tous les plans : on a mal commenc\u00e9, on a jou\u00e9 \u00e0 l&rsquo;envers et on n&rsquo;a pas pris les bonnes d\u00e9cisions. Il faut accepter les d\u00e9faites et en tirer les le\u00e7ons. C&rsquo;est un match dont on va se servir pour progresser et continuer \u00e0 grandir avec le club. La deuxi\u00e8me place se joue tous les week-ends et il reste encore trois matches : il va falloir tous les gagner si on veut esp\u00e9rer la r\u00e9cup\u00e9rer. D\u00e9\u00e7u mais pas abattu, je reste fier des joueurs qui ont donn\u00e9 le maximum d&rsquo;eux-m\u00eames et avaient \u00e0 c\u0153ur de gagner.\u00a0\u00bb<\/p>\n<p>Avec un duel crucial contre Crauroise pr\u00e9vu dans deux semaines, Marseille devra rapidement rebondir pour rester <a href=\"https:\/\/www.laprovence.com\/article\/sports\/1742086397646315\/handball-la-bonne-operation-des-marseillais-vainqueurs-avec-la-maniere-dantibes-juan-les-pins\" target=\"_blank\" rel=\"nofollow noopener\">dans la course \u00e0 son objectif de podium<\/a> et esp\u00e9rer reprendre sa place de dauphin dans cette poule serr\u00e9e derri\u00e8re l&rsquo;ogre de Saint-Rapha\u00ebl.<\/p>\n<p>Marseille Pce 30 Frontignan 36<\/p>\n<p>Gymnase Bois Luzy. Mi-temps : 12-16. \u00a0<\/p>\n<p>\u00a0Marseille Provence : Paya, \u00a0Lacenaire (1), Ramognino (7), Fernandez (5), Vaxes (1), Evans, Alachian (2), Chakira (2), Verrier (1), De Riggi (2), Morel (1), Maligue, Porte (2), Camarero (5).<\/p>\n<p>Entra\u00eeneur : Abderrahim Boudaouch.<\/p>\n<p>Frontignan Thau : Gonzalez, Esposito (1), Bernardelli, Bel (2), Dambreville (4), Ducros (5), Tozzini, Hulot (2), Paul (2), Todesco (1), Da Silva (6), Etienne.<\/p>\n<p>Entra\u00eeneur : Colin Goury.<\/p>\n","protected":false},"excerpt":{"rendered":"D\u00e8s les premi\u00e8res minutes, les Montpelli\u00e9rains ont pris les commandes de la rencontre. Les Marseillais, eux, ont pein\u00e9&hellip;\n","protected":false},"author":2,"featured_media":22790,"comment_status":"","ping_status":"","sticky":false,"template":"","format":"standard","meta":{"footnotes":""},"categories":[2814],"tags":[17,1111,11,8422,1777,674,1011,27,1792,884,1774,12,1439,5536,1186,882,25,60],"class_list":{"0":"post-22789","1":"post","2":"type-post","3":"status-publish","4":"format-standard","5":"has-post-thumbnail","7":"category-marseille","8":"tag-17","9":"tag-actu","10":"tag-actualites","11":"tag-dauphin","12":"tag-eu","13":"tag-europe","14":"tag-fr","15":"tag-france","16":"tag-handball","17":"tag-marseille","18":"tag-masculine","19":"tag-news","20":"tag-perd","21":"tag-place","22":"tag-provence","23":"tag-provence-alpes-cote-dazur","24":"tag-republique-francaise","25":"tag-sports"},"share_on_mastodon":{"url":"https:\/\/pubeurope.com\/@fr\/114332030956425264","error":""},"_links":{"self":[{"href":"https:\/\/www.europesays.com\/fr\/wp-json\/wp\/v2\/posts\/22789","targetHints":{"allow":["GET"]}}],"collection":[{"href":"https:\/\/www.europesays.com\/fr\/wp-json\/wp\/v2\/posts"}],"about":[{"href":"https:\/\/www.europesays.com\/fr\/wp-json\/wp\/v2\/types\/post"}],"author":[{"embeddable":true,"href":"https:\/\/www.europesays.com\/fr\/wp-json\/wp\/v2\/users\/2"}],"replies":[{"embeddable":true,"href":"https:\/\/www.europesays.com\/fr\/wp-json\/wp\/v2\/comments?post=22789"}],"version-history":[{"count":0,"href":"https:\/\/www.europesays.com\/fr\/wp-json\/wp\/v2\/posts\/22789\/revisions"}],"wp:featuredmedia":[{"embeddable":true,"href":"https:\/\/www.europesays.com\/fr\/wp-json\/wp\/v2\/media\/22790"}],"wp:attachment":[{"href":"https:\/\/www.europesays.com\/fr\/wp-json\/wp\/v2\/media?parent=22789"}],"wp:term":[{"taxonomy":"category","embeddable":true,"href":"https:\/\/www.europesays.com\/fr\/wp-json\/wp\/v2\/categories?post=22789"},{"taxonomy":"post_tag","embeddable":true,"href":"https:\/\/www.europesays.com\/fr\/wp-json\/wp\/v2\/tags?post=22789"}],"curies":[{"name":"wp","href":"https:\/\/api.w.org\/{rel}","templated":true}]}}