{"id":227891,"date":"2025-07-05T10:28:12","date_gmt":"2025-07-05T10:28:12","guid":{"rendered":"https:\/\/www.europesays.com\/fr\/227891\/"},"modified":"2025-07-05T10:28:12","modified_gmt":"2025-07-05T10:28:12","slug":"coup-dur-a-bordeaux-paquito-navarro-declare-forfait-quelques-heures-avant-sa-demi-finale","status":"publish","type":"post","link":"https:\/\/www.europesays.com\/fr\/227891\/","title":{"rendered":"Coup dur \u00e0 Bordeaux : Paquito Navarro d\u00e9clare forfait quelques heures avant sa demi-finale"},"content":{"rendered":"<p>Le public bordelais en r\u00eavait, mais la demi-finale explosive entre <strong>Tapia \/ Coello<\/strong> et <strong>Navarro \/ Bergamini<\/strong> n\u2019aura finalement pas lieu. \u00c0 quelques heures du choc tr\u00e8s attendu, <strong>Paquito Navarro a annonc\u00e9 son forfait<\/strong>, victime d\u2019une <strong>lombalgie aigu\u00eb<\/strong>.<\/p>\n<p>Hier d\u00e9j\u00e0, en fin de quart de finale, <strong>le joueur andalou avait montr\u00e9 des signes de douleur au dos<\/strong>, peinant \u00e0 se baisser. Mais avec la d\u00e9termination qu\u2019on lui conna\u00eet, il avait serr\u00e9 les dents pour conclure la rencontre et qualifier sa paire pour le dernier carr\u00e9. Malheureusement, apr\u00e8s un passage \u00e0 froid et des analyses m\u00e9dicales dans la soir\u00e9e, le diagnostic est tomb\u00e9 : <strong>repos obligatoire<\/strong>.<\/p>\n<p>Sur ses r\u00e9seaux, Paquito a partag\u00e9 sa d\u00e9ception :<\/p>\n<blockquote class=\"wp-block-quote is-layout-flow wp-block-quote-is-layout-flow\">\n<p>\u00ab Bonjour \u00e0 tous, \u00e0 mon grand regret, je ne pourrai pas disputer aujourd\u2019hui les demi-finales de Bordeaux. Une lombalgie aigu\u00eb m\u2019en emp\u00eache. Triste, car nous jouions \u00e0 un tr\u00e8s bon niveau et les sensations \u00e9taient excellentes. Merci \u00e0 Lucas Bergamini, Juanjo Gutierrez, Ramiro Choya pour votre soutien \u00e0 tout moment, et \u00e0 toute l\u2019\u00e9quipe de Premier\/FIP pour leur attention. Il est temps de se soigner du mieux possible pour pouvoir \u00eatre pr\u00eat pour Malaga. \u00bb<\/p>\n<\/blockquote>\n<blockquote class=\"instagram-media\" data-instgrm-captioned=\"\" data-instgrm-permalink=\"https:\/\/www.instagram.com\/p\/DLt9_XxoDoA\/?utm_source=ig_embed&amp;utm_campaign=loading\" data-instgrm-version=\"14\" style=\" background:#FFF; border:0; border-radius:3px; box-shadow:0 0 1px 0 rgba(0,0,0,0.5),0 1px 10px 0 rgba(0,0,0,0.15); margin: 1px; max-width:540px; min-width:326px; padding:0; width:99.375%; width:-webkit-calc(100% - 2px); width:calc(100% - 2px);\"\/>\n<p>C\u2019est <strong>un \u00e9norme coup dur pour le tournoi<\/strong>, car la paire Navarro \/ Bergamini impressionnait depuis le d\u00e9but de la semaine, et cette affiche face aux num\u00e9ros 1 <strong>Tapia \/ Coello<\/strong> promettait du tr\u00e8s grand spectacle. L\u2019affiche est donc annul\u00e9e, et <strong>Tapia et Coello se retrouvent directement qualifi\u00e9s pour la finale<\/strong> du Bordeaux P2.<\/p>\n<p>Reste \u00e0 esp\u00e9rer que Paquito pourra r\u00e9cup\u00e9rer \u00e0 temps pour <strong>le P1 de Malaga<\/strong>, dans deux semaines. En attendant, Bordeaux perd l\u2019un de ses chouchous\u2026 et une demi-finale qui aurait pu \u00eatre inoubliable.<\/p>\n<p><img loading=\"lazy\" decoding=\"async\" data-del=\"avatar\" alt=\"Benjamin Dupouy\" src=\"https:\/\/www.europesays.com\/fr\/wp-content\/uploads\/2025\/04\/IMG_5219-150x150.jpg\" class=\"avatar pp-user-avatar avatar-100 photo \" height=\"100\" width=\"100\"\/><\/p>\n<p>J\u2019ai d\u00e9couvert le padel directement lors d\u2019un tournoi, et franchement, je n\u2019ai pas trop accroch\u00e9 au d\u00e9but. Mais la deuxi\u00e8me fois, \u00e7a a \u00e9t\u00e9 le coup de foudre, et depuis, je ne rate plus un seul match. Je suis m\u00eame pr\u00eat \u00e0 rester \u00e9veill\u00e9 jusqu\u2019\u00e0 3h du matin pour regarder une finale de Premier Padel !<\/p>\n<p class=\"related-title\">Sur le m\u00eame sujet<\/p>\n<p><script async src=\"\/\/www.instagram.com\/embed.js\"><\/script><\/p>\n","protected":false},"excerpt":{"rendered":"Le public bordelais en r\u00eavait, mais la demi-finale explosive entre Tapia \/ Coello et Navarro \/ Bergamini n\u2019aura&hellip;\n","protected":false},"author":2,"featured_media":227892,"comment_status":"","ping_status":"","sticky":false,"template":"","format":"standard","meta":{"footnotes":""},"categories":[2817],"tags":[1111,11,1431,1997,1777,674,1011,27,12,2219,36394,30680,25],"class_list":{"0":"post-227891","1":"post","2":"type-post","3":"status-publish","4":"format-standard","5":"has-post-thumbnail","7":"category-bordeaux","8":"tag-actu","9":"tag-actualites","10":"tag-blessure","11":"tag-bordeaux","12":"tag-eu","13":"tag-europe","14":"tag-fr","15":"tag-france","16":"tag-news","17":"tag-nouvelle-aquitaine","18":"tag-paquito-navarro","19":"tag-premier-padel-bordeaux-p2","20":"tag-republique-francaise"},"share_on_mastodon":{"url":"https:\/\/pubeurope.com\/@fr\/114800158566428329","error":""},"_links":{"self":[{"href":"https:\/\/www.europesays.com\/fr\/wp-json\/wp\/v2\/posts\/227891","targetHints":{"allow":["GET"]}}],"collection":[{"href":"https:\/\/www.europesays.com\/fr\/wp-json\/wp\/v2\/posts"}],"about":[{"href":"https:\/\/www.europesays.com\/fr\/wp-json\/wp\/v2\/types\/post"}],"author":[{"embeddable":true,"href":"https:\/\/www.europesays.com\/fr\/wp-json\/wp\/v2\/users\/2"}],"replies":[{"embeddable":true,"href":"https:\/\/www.europesays.com\/fr\/wp-json\/wp\/v2\/comments?post=227891"}],"version-history":[{"count":0,"href":"https:\/\/www.europesays.com\/fr\/wp-json\/wp\/v2\/posts\/227891\/revisions"}],"wp:featuredmedia":[{"embeddable":true,"href":"https:\/\/www.europesays.com\/fr\/wp-json\/wp\/v2\/media\/227892"}],"wp:attachment":[{"href":"https:\/\/www.europesays.com\/fr\/wp-json\/wp\/v2\/media?parent=227891"}],"wp:term":[{"taxonomy":"category","embeddable":true,"href":"https:\/\/www.europesays.com\/fr\/wp-json\/wp\/v2\/categories?post=227891"},{"taxonomy":"post_tag","embeddable":true,"href":"https:\/\/www.europesays.com\/fr\/wp-json\/wp\/v2\/tags?post=227891"}],"curies":[{"name":"wp","href":"https:\/\/api.w.org\/{rel}","templated":true}]}}