{"id":227895,"date":"2025-07-05T10:30:10","date_gmt":"2025-07-05T10:30:10","guid":{"rendered":"https:\/\/www.europesays.com\/fr\/227895\/"},"modified":"2025-07-05T10:30:10","modified_gmt":"2025-07-05T10:30:10","slug":"la-voiture-termine-sa-course-dans-une-maison","status":"publish","type":"post","link":"https:\/\/www.europesays.com\/fr\/227895\/","title":{"rendered":"la voiture termine sa course dans une maison"},"content":{"rendered":"<p>            Par<br \/>\n        <strong><br \/>\n            <a href=\"https:\/\/actu.fr\/auteur\/gilles-rolland\" title=\"Consulter tous les articles de Gilles Rolland\" rel=\"nofollow noopener\" target=\"_blank\">Gilles Rolland<\/a><br \/>\n        <\/strong><\/p>\n<p>        Publi\u00e9 le<\/p>\n<p>            5 juil. 2025 \u00e0 11h32<br \/>\n        ; mis \u00e0 jour le 5 juil. 2025 \u00e0 12h16    <\/p>\n<p>Il est environ<strong> 20h40<\/strong>, ce<strong> vendredi 4\u00a0juillet 2025<\/strong>, quand les gendarmes sont appel\u00e9s au niveau du <strong>chemin de Gargas<\/strong>, sur la commune de <a href=\"https:\/\/actu.fr\/occitanie\/rieumes_31454\" rel=\"nofollow noopener\" target=\"_blank\">Rieumes<\/a> dans le d\u00e9partement de la Haute-Garonne. Sur place, ils constatent qu\u2019une voiture a effectu\u00e9 une sortie de route pour finalement percuter de plein fouet une maison.<\/p>\n<p>Un automobiliste sous le choc<\/p>\n<p class=\" wall-content\">L\u00e9g\u00e8rement bless\u00e9, le conducteur du v\u00e9hicule, \u00e2g\u00e9 de <strong>35\u00a0ans<\/strong>, a \u00e9t\u00e9 pris en charge par les sapeurs-pompiers. Des pr\u00e9l\u00e8vements biologiques ont \u00e9t\u00e9 r\u00e9alis\u00e9s dans le cadre d\u2019une enqu\u00eate ouverte sous contr\u00f4le du Parquet de Toulouse.<\/p>\n<p>Une maison fragilis\u00e9e<\/p>\n<p class=\" wall-content\">Un premier examen de la maison a permis d\u2019\u00e9tablir que l\u2019impact avec la voiture avait suffisamment <strong>fragilis\u00e9 la structure<\/strong> pour encourager les habitants \u00e0 quitter les lieux. Ces derniers, indemnes, ont pu \u00eatre relog\u00e9s chez des membres de leur famille, \u00e0 proximit\u00e9, le temps qu\u2019une expertise plus approfondie soit r\u00e9alis\u00e9e. <strong>Aucun d\u2019entre eux n\u2019a \u00e9t\u00e9 bless\u00e9<\/strong>.<\/p>\n<p>    <a href=\"https:\/\/www.google.com\/maps\/embed?pb=!1m18!1m12!1m3!1d2897.394450150314!2d1.1074940746485304!3d43.4314771667453!2m3!1f0!2f0!3f0!3m2!1i1024!2i768!4f13.1!3m3!1m2!1s0x12a936f18260640b%3A0x2c7e0297f2689484!2sChem.%20de%20Gargas%2C%2031370!5e0!3m2!1sfr!2sfr!4v1751710559324!5m2!1sfr!2sfr\" title=\"Ouvrie le lien\" rel=\"nofollow noopener\" target=\"_blank\">Cliquez ici pour visualiser le contenu<\/a><\/p>\n<p>Vid\u00e9os : en ce moment sur Actu<\/p>\n<p class=\" wall-content\">Une <strong>enqu\u00eate<\/strong> a \u00e9t\u00e9 ouverte afin d\u2019\u00e9tablir les circonstances qui ont men\u00e9 \u00e0 cette sortie de route.<\/p>\n<p class=\" wall-content\">Suivez toute l\u2019actualit\u00e9 de vos villes et m\u00e9dias favoris en vous inscrivant \u00e0 <a href=\"https:\/\/moncompte.actu.fr\" title=\"D\u00e9couvez Mon Actu\" rel=\"nofollow noopener\" data-trk=\"{&quot;cta&quot;:{&quot;action&quot;:&quot;https:\\\/\\\/moncompte.actu.fr&quot;,&quot;category&quot;:&quot;mon compte&quot;,&quot;from&quot;:&quot;article footer&quot;,&quot;name&quot;:&quot;Mon actu&quot;,&quot;type&quot;:&quot;cta&quot;}}\" target=\"_blank\">Mon Actu<\/a>.<\/p>\n","protected":false},"excerpt":{"rendered":"Par Gilles Rolland Publi\u00e9 le 5 juil. 2025 \u00e0 11h32 ; mis \u00e0 jour le 5 juil. 2025&hellip;\n","protected":false},"author":2,"featured_media":227896,"comment_status":"","ping_status":"","sticky":false,"template":"","format":"standard","meta":{"footnotes":""},"categories":[2816],"tags":[119,1111,11,1777,674,118,1011,27,12,2680,25,2312],"class_list":{"0":"post-227895","1":"post","2":"type-post","3":"status-publish","4":"format-standard","5":"has-post-thumbnail","7":"category-toulouse","8":"tag-accident","9":"tag-actu","10":"tag-actualites","11":"tag-eu","12":"tag-europe","13":"tag-faits-divers","14":"tag-fr","15":"tag-france","16":"tag-news","17":"tag-occitanie","18":"tag-republique-francaise","19":"tag-toulouse"},"share_on_mastodon":{"url":"https:\/\/pubeurope.com\/@fr\/114800166653490658","error":""},"_links":{"self":[{"href":"https:\/\/www.europesays.com\/fr\/wp-json\/wp\/v2\/posts\/227895","targetHints":{"allow":["GET"]}}],"collection":[{"href":"https:\/\/www.europesays.com\/fr\/wp-json\/wp\/v2\/posts"}],"about":[{"href":"https:\/\/www.europesays.com\/fr\/wp-json\/wp\/v2\/types\/post"}],"author":[{"embeddable":true,"href":"https:\/\/www.europesays.com\/fr\/wp-json\/wp\/v2\/users\/2"}],"replies":[{"embeddable":true,"href":"https:\/\/www.europesays.com\/fr\/wp-json\/wp\/v2\/comments?post=227895"}],"version-history":[{"count":0,"href":"https:\/\/www.europesays.com\/fr\/wp-json\/wp\/v2\/posts\/227895\/revisions"}],"wp:featuredmedia":[{"embeddable":true,"href":"https:\/\/www.europesays.com\/fr\/wp-json\/wp\/v2\/media\/227896"}],"wp:attachment":[{"href":"https:\/\/www.europesays.com\/fr\/wp-json\/wp\/v2\/media?parent=227895"}],"wp:term":[{"taxonomy":"category","embeddable":true,"href":"https:\/\/www.europesays.com\/fr\/wp-json\/wp\/v2\/categories?post=227895"},{"taxonomy":"post_tag","embeddable":true,"href":"https:\/\/www.europesays.com\/fr\/wp-json\/wp\/v2\/tags?post=227895"}],"curies":[{"name":"wp","href":"https:\/\/api.w.org\/{rel}","templated":true}]}}