{"id":227897,"date":"2025-07-05T10:31:12","date_gmt":"2025-07-05T10:31:12","guid":{"rendered":"https:\/\/www.europesays.com\/fr\/227897\/"},"modified":"2025-07-05T10:31:12","modified_gmt":"2025-07-05T10:31:12","slug":"une-sardine-debarque-a-roubaix","status":"publish","type":"post","link":"https:\/\/www.europesays.com\/fr\/227897\/","title":{"rendered":"Une Sardine d\u00e9barque \u00e0 Roubaix"},"content":{"rendered":"<p class=\"introduction\">La M\u00e9diath\u00e8que et les Archives de Roubaix La Grand-Plage inaugurent aujourd&rsquo;hui leur tout nouveau mobilivre, baptis\u00e9 \u00ab\u00a0La Sardine\u00a0\u00bb. Elle sera officiellement pr\u00e9sent\u00e9e au public de 14h \u00e0 18h, au Parc du Nouveau Monde. Au programme : des animations autour de la lecture, des discours, un go\u00fbter\u2026 et un spectacle !<\/p>\n<p>C\u2019est quoi cette \u00ab\u00a0Sardine\u00a0\u00bb ?<\/p>\n<p>\u00ab\u00a0La Sardine\u00a0\u00bb est un v\u00e9hicule d\u2019animation de terrain con\u00e7u pour aller \u00e0 la rencontre des habitants et rendre la lecture accessible \u00e0 tous les publics. Ce mobilivre sera \u00e0 la fois :<\/p>\n<ul>\n<li><strong>Salon de lecture itin\u00e9rant :<\/strong> install\u00e9 lors des temps forts dans les quartiers roubaisiens, il d\u00e9ploiera assises, coussins, transats, bacs de livres et stands d\u2019animation pour cr\u00e9er un espace convivial d\u00e9di\u00e9 \u00e0 la lecture.<\/li>\n<li><strong>Organisation d\u2019ateliers et animations :<\/strong>\u00a0principalement destin\u00e9es aux structures sociales et associatives partenaires des quartiers prioritaires, ces actions sont coconstruites, sur des th\u00e9matiques adapt\u00e9es aux besoins des publics, offrant ainsi un outil culturel flexible, mobile et accessible.<\/li>\n<\/ul>\n<p>Rendre la lecture encore plus accessible<\/p>\n<p>L\u2019acc\u00e8s \u00e0 la M\u00e9diath\u00e8que reste facilit\u00e9 pour les habitants situ\u00e9s \u00e0 proximit\u00e9, mais la fr\u00e9quentation tend \u00e0 diminuer d\u00e8s que l\u2019on d\u00e9passe les 15 minutes de marche.<\/p>\n<p>Pour encourager la lecture sur l\u2019ensemble du territoire roubaisien , plusieurs dispositifs ont d\u00e9j\u00e0 \u00e9t\u00e9 mis en place :<\/p>\n<ul>\n<li>Un service de p<strong>r\u00eat aux collectivit\u00e9s<\/strong> (dispositif de pr\u00eat de documents d\u00e9di\u00e9 \u00e0 la lecture pour les structures accueillant des enfants de 0 \u00e0 12 ans)<\/li>\n<li>Le bibliobus \u00ab <a href=\"https:\/\/www.roubaixxl.fr\/juliette-le-nouveau-sourire-du-zebre\/\" target=\"_blank\" rel=\"noopener\">Le Z\u00e8bre<\/a> \u00bb : une biblioth\u00e8que mobile permettant l\u2019emprunt de livres, DVD, magazines\u2026 dans les quartiers \u00e9loign\u00e9s<\/li>\n<li>Des visites de classes et accueils de groupes<\/li>\n<\/ul>\n<p>Le mobilivre \u00ab\u00a0La Sardine\u00a0\u00bb, outil d\u2019animation et de m\u00e9diation vient\u00a0 enrichir cette offre en apportant un outil culturel de proximit\u00e9, flexible et accessible.<\/p>\n<p>Une identit\u00e9 ludique et symbolique<\/p>\n<p>Avec ses poissons color\u00e9s et un nom reprenant la m\u00e9taphore animali\u00e8re (aux c\u00f4t\u00e9s du Z\u00e8bre), cette famille de v\u00e9hicules \u00e0 l\u2019identit\u00e9 forte vise \u00e0 cr\u00e9er un univers ludique et attractif, particuli\u00e8rement destin\u00e9 \u00e0 toucher un public jeune, d\u2019autant plus \u00e0 Roubaix, o\u00f9 plus de 50 % de la population a moins de 30 ans.<\/p>\n<p>D\u00e9sormais, en plus du Z\u00e8bre, un banc de Sardines sillonnera les rues de Roubaix !<\/p>\n<p><strong>Le projet est financ\u00e9 \u00e0 hauteur de 80 % par la DRAC Hauts-de-France ainsi que la R\u00e9gion Hauts-de-France et \u00e0 hauteur de 20% par la Ville de Roubaix.<\/strong><\/p>\n","protected":false},"excerpt":{"rendered":"La M\u00e9diath\u00e8que et les Archives de Roubaix La Grand-Plage inaugurent aujourd&rsquo;hui leur tout nouveau mobilivre, baptis\u00e9 \u00ab\u00a0La Sardine\u00a0\u00bb.&hellip;\n","protected":false},"author":2,"featured_media":227898,"comment_status":"","ping_status":"","sticky":false,"template":"","format":"standard","meta":{"footnotes":""},"categories":[2815],"tags":[1111,11,1777,674,1011,27,811,2046,1307,16582,12,25],"class_list":{"0":"post-227897","1":"post","2":"type-post","3":"status-publish","4":"format-standard","5":"has-post-thumbnail","7":"category-lille","8":"tag-actu","9":"tag-actualites","10":"tag-eu","11":"tag-europe","12":"tag-fr","13":"tag-france","14":"tag-hauts-de-france","15":"tag-lecture","16":"tag-lille","17":"tag-mediatheque","18":"tag-news","19":"tag-republique-francaise"},"share_on_mastodon":{"url":"https:\/\/pubeurope.com\/@fr\/114800170409734329","error":""},"_links":{"self":[{"href":"https:\/\/www.europesays.com\/fr\/wp-json\/wp\/v2\/posts\/227897","targetHints":{"allow":["GET"]}}],"collection":[{"href":"https:\/\/www.europesays.com\/fr\/wp-json\/wp\/v2\/posts"}],"about":[{"href":"https:\/\/www.europesays.com\/fr\/wp-json\/wp\/v2\/types\/post"}],"author":[{"embeddable":true,"href":"https:\/\/www.europesays.com\/fr\/wp-json\/wp\/v2\/users\/2"}],"replies":[{"embeddable":true,"href":"https:\/\/www.europesays.com\/fr\/wp-json\/wp\/v2\/comments?post=227897"}],"version-history":[{"count":0,"href":"https:\/\/www.europesays.com\/fr\/wp-json\/wp\/v2\/posts\/227897\/revisions"}],"wp:featuredmedia":[{"embeddable":true,"href":"https:\/\/www.europesays.com\/fr\/wp-json\/wp\/v2\/media\/227898"}],"wp:attachment":[{"href":"https:\/\/www.europesays.com\/fr\/wp-json\/wp\/v2\/media?parent=227897"}],"wp:term":[{"taxonomy":"category","embeddable":true,"href":"https:\/\/www.europesays.com\/fr\/wp-json\/wp\/v2\/categories?post=227897"},{"taxonomy":"post_tag","embeddable":true,"href":"https:\/\/www.europesays.com\/fr\/wp-json\/wp\/v2\/tags?post=227897"}],"curies":[{"name":"wp","href":"https:\/\/api.w.org\/{rel}","templated":true}]}}