{"id":227903,"date":"2025-07-05T10:34:11","date_gmt":"2025-07-05T10:34:11","guid":{"rendered":"https:\/\/www.europesays.com\/fr\/227903\/"},"modified":"2025-07-05T10:34:11","modified_gmt":"2025-07-05T10:34:11","slug":"bouches-du-rhone-pres-de-100-hectares-ravages-dans-un-incendie-dampleur-pres-de-marseille","status":"publish","type":"post","link":"https:\/\/www.europesays.com\/fr\/227903\/","title":{"rendered":"Bouches-du-Rh\u00f4ne. Pr\u00e8s de 100 hectares ravag\u00e9s dans un incendie \u00ab d&rsquo;ampleur \u00bb pr\u00e8s de Marseille"},"content":{"rendered":"<p>Un incendie s&rsquo;est d\u00e9clar\u00e9 dans la nuit de vendredi \u00e0 samedi sur un massif de la commune du Rove, \u00e0 une quinzaine de kilom\u00e8tres au nord-ouest de Marseille, parcourant une centaine d&rsquo;hectares de massif sans faire de bless\u00e9 avant d&rsquo;\u00eatre \u00ab stabilis\u00e9 \u00bb.<\/p>\n<p>Il s&rsquo;agit, selon les pompiers du \u00ab premier incendie d&rsquo;ampleur de la saison \u00bb, dans les Bouches-du-Rh\u00f4ne, toujours en <a href=\"https:\/\/www.ledauphine.com\/environnement\/2025\/07\/05\/canicule-10-departements-toujours-en-vigilance-orange-ce-samedi\" target=\"_blank\" rel=\"nofollow noopener\">vigilance orange canicule<\/a> depuis le 27 juin.<\/p>\n<p>  L&rsquo;incendie \u00ab\u00a0ne progresse plus\u00a0\u00bb<\/p>\n<p>Le feu, qui s&rsquo;est d\u00e9clar\u00e9 vers 3h30 dans un massif vallonn\u00e9 particuli\u00e8rement difficile d&rsquo;acc\u00e8s sur la commune du Rove, est \u00ab circonscrit dans le sens o\u00f9 la plupart des moyens se sont positionn\u00e9s sur des lisi\u00e8res \u00bb, a d\u00e9clar\u00e9 sur place lors d&rsquo;un point de presse le colonel Jean-Luc Beccari, directeur d\u00e9partemental du SDIS13.<\/p>\n<p>N\u00e9anmoins, a-t-il pr\u00e9cis\u00e9, \u00ab il reste encore des lisi\u00e8res inaccessibles qui devront \u00eatre trait\u00e9es par une combinaison a\u00e9ro-terrestre \u00bb. L&rsquo;incendie est \u00ab stabilis\u00e9, contenu, et ne progresse plus \u00bb, a pr\u00e9cis\u00e9 le service de communication des pompiers.<\/p>\n<p>Pr\u00e8s de 350 pompiers et marins-pompiers, appuy\u00e9s par une colonne de l&rsquo;Est de la France pr\u00e9positionn\u00e9e dans le d\u00e9partement, ont \u00e9t\u00e9 mobilis\u00e9s, avec le soutien de deux h\u00e9licopt\u00e8res bombardiers d&rsquo;eau et deux Canadair, ainsi que des moyens nautiques des marins-pompiers de Marseille.<\/p>\n<p>150 personnes \u00e9vacu\u00e9es<\/p>\n<p>Une enqu\u00eate sera ouverte pour d\u00e9terminer les causes de l&rsquo;incendie, une fois qu&rsquo;il sera ma\u00eetris\u00e9, a indiqu\u00e9 le commandement r\u00e9gional de la gendarmerie.<\/p>\n<p>\u00ab Nous attendons dans la journ\u00e9e une augmentation des temp\u00e9ratures, une baisse de l&rsquo;humidit\u00e9, et un lever de vent de ouest-nord-ouest, ce qui fait qu&rsquo;on va devoir \u00eatre mobilis\u00e9s une grande partie de la matin\u00e9e pour le s\u00e9curiser un maximum avant l&rsquo;apr\u00e8s-midi \u00bb, a soulign\u00e9 le colonel Beccari.<\/p>\n<p>150 personnes ont \u00e9t\u00e9 \u00ab \u00e9vacu\u00e9es pr\u00e9ventivement \u00bb, dont 36 par la mer, mais elles pourront r\u00e9int\u00e9grer leurs habitations \u00ab probablement en fin de matin\u00e9e \u00bb, a-t-il pr\u00e9cis\u00e9.<\/p>\n<p>Une cellule de crise a \u00e9t\u00e9 mise en place en pr\u00e9fecture, a indiqu\u00e9 sur place un repr\u00e9sentant du pr\u00e9fet qui a rappel\u00e9 que le d\u00e9partement \u00e9tait \u00ab en vigilance maximum pour les feux de for\u00eats \u00bb.<\/p>\n","protected":false},"excerpt":{"rendered":"Un incendie s&rsquo;est d\u00e9clar\u00e9 dans la nuit de vendredi \u00e0 samedi sur un massif de la commune du&hellip;\n","protected":false},"author":2,"featured_media":227904,"comment_status":"","ping_status":"","sticky":false,"template":"","format":"standard","meta":{"footnotes":""},"categories":[2814],"tags":[1111,11,436,1777,674,274,107,1011,27,329,1310,884,8423,12,882,5140,25],"class_list":{"0":"post-227903","1":"post","2":"type-post","3":"status-publish","4":"format-standard","5":"has-post-thumbnail","7":"category-marseille","8":"tag-actu","9":"tag-actualites","10":"tag-environnement","11":"tag-eu","12":"tag-europe","13":"tag-faits-divers-justice","14":"tag-fil-info","15":"tag-fr","16":"tag-france","17":"tag-france-monde","18":"tag-incendie","19":"tag-marseille","20":"tag-meteorologie-climat","21":"tag-news","22":"tag-provence-alpes-cote-dazur","23":"tag-rechauffement-climatique","24":"tag-republique-francaise"},"share_on_mastodon":{"url":"https:\/\/pubeurope.com\/@fr\/114800182096867103","error":""},"_links":{"self":[{"href":"https:\/\/www.europesays.com\/fr\/wp-json\/wp\/v2\/posts\/227903","targetHints":{"allow":["GET"]}}],"collection":[{"href":"https:\/\/www.europesays.com\/fr\/wp-json\/wp\/v2\/posts"}],"about":[{"href":"https:\/\/www.europesays.com\/fr\/wp-json\/wp\/v2\/types\/post"}],"author":[{"embeddable":true,"href":"https:\/\/www.europesays.com\/fr\/wp-json\/wp\/v2\/users\/2"}],"replies":[{"embeddable":true,"href":"https:\/\/www.europesays.com\/fr\/wp-json\/wp\/v2\/comments?post=227903"}],"version-history":[{"count":0,"href":"https:\/\/www.europesays.com\/fr\/wp-json\/wp\/v2\/posts\/227903\/revisions"}],"wp:featuredmedia":[{"embeddable":true,"href":"https:\/\/www.europesays.com\/fr\/wp-json\/wp\/v2\/media\/227904"}],"wp:attachment":[{"href":"https:\/\/www.europesays.com\/fr\/wp-json\/wp\/v2\/media?parent=227903"}],"wp:term":[{"taxonomy":"category","embeddable":true,"href":"https:\/\/www.europesays.com\/fr\/wp-json\/wp\/v2\/categories?post=227903"},{"taxonomy":"post_tag","embeddable":true,"href":"https:\/\/www.europesays.com\/fr\/wp-json\/wp\/v2\/tags?post=227903"}],"curies":[{"name":"wp","href":"https:\/\/api.w.org\/{rel}","templated":true}]}}