{"id":227905,"date":"2025-07-05T10:35:16","date_gmt":"2025-07-05T10:35:16","guid":{"rendered":"https:\/\/www.europesays.com\/fr\/227905\/"},"modified":"2025-07-05T10:35:16","modified_gmt":"2025-07-05T10:35:16","slug":"les-people-et-evenements-de-la-semaine-a-lyon","status":"publish","type":"post","link":"https:\/\/www.europesays.com\/fr\/227905\/","title":{"rendered":"les people et \u00e9v\u00e9nements de la semaine \u00e0 Lyon"},"content":{"rendered":"<p>Karim Benzema aime revenir dans sa ville natale. Il est pass\u00e9 incognito chez son ami St\u00e9phane Pelletier au Broc Bar le temps d&rsquo;\u00e9changer des souvenirs en d\u00e9gustant quelques tapas\u00a0! Laurent Gerra ces derni\u00e8res semaines est chez lui \u00e0 Lyon et plus sp\u00e9cialement \u00e0 la Croix-Rousse o\u00f9 il tourne avec Pierre Arditi \u00ab\u00a0Un petit air de bonheur\u00a0\u00bb pour France T\u00e9l\u00e9visions. F\u00e9licitations \u00e0 Quentin Mauro vainqueur de Top Chef digne repr\u00e9sentant de Lyon, capitale de la gastronomie. L&rsquo;\u00e9lection de Miss Cosmopolite, haute en couleurs, a tenu ses promesses au Cirque Imagine, la soir\u00e9e des Femmes battantes a \u00e9t\u00e9 une r\u00e9ussite au Pasino Grand \u00e0 La-Tour-de-Salvagny et \u00e0 la ferme Melchior \u00e0 Charly les chefs ont d\u00e9couvert\u00a0les l\u00e9gumes du futur gr\u00e2ce \u00e0 la Fondation pour la cuisine durable by Olivier Ginon.<\/p>\n","protected":false},"excerpt":{"rendered":"Karim Benzema aime revenir dans sa ville natale. Il est pass\u00e9 incognito chez son ami St\u00e9phane Pelletier au&hellip;\n","protected":false},"author":2,"featured_media":227906,"comment_status":"","ping_status":"","sticky":false,"template":"","format":"standard","meta":{"footnotes":""},"categories":[1889],"tags":[1111,11,2430,36630,1777,674,107,1011,27,2797,5325,2798,9540,32667,2428,2801,10927,2800,12,2799,25,2429,104,5070],"class_list":{"0":"post-227905","1":"post","2":"type-post","3":"status-publish","4":"format-standard","5":"has-post-thumbnail","7":"category-lyon","8":"tag-actu","9":"tag-actualites","10":"tag-auvergne-rhone-alpes","11":"tag-charly","12":"tag-eu","13":"tag-europe","14":"tag-fil-info","15":"tag-fr","16":"tag-france","17":"tag-galerie-loisirs","18":"tag-galerie-media","19":"tag-galerie-photo","20":"tag-galerie-sport","21":"tag-la-tour-de-salvagny","22":"tag-lyon","23":"tag-lyon-1er-arrondissement","24":"tag-lyon-4e-arrondissement","25":"tag-metropole","26":"tag-news","27":"tag-people-lyon","28":"tag-republique-francaise","29":"tag-rhone","30":"tag-societe","31":"tag-vaulx-en-velin"},"share_on_mastodon":{"url":"https:\/\/pubeurope.com\/@fr\/114800185999666108","error":""},"_links":{"self":[{"href":"https:\/\/www.europesays.com\/fr\/wp-json\/wp\/v2\/posts\/227905","targetHints":{"allow":["GET"]}}],"collection":[{"href":"https:\/\/www.europesays.com\/fr\/wp-json\/wp\/v2\/posts"}],"about":[{"href":"https:\/\/www.europesays.com\/fr\/wp-json\/wp\/v2\/types\/post"}],"author":[{"embeddable":true,"href":"https:\/\/www.europesays.com\/fr\/wp-json\/wp\/v2\/users\/2"}],"replies":[{"embeddable":true,"href":"https:\/\/www.europesays.com\/fr\/wp-json\/wp\/v2\/comments?post=227905"}],"version-history":[{"count":0,"href":"https:\/\/www.europesays.com\/fr\/wp-json\/wp\/v2\/posts\/227905\/revisions"}],"wp:featuredmedia":[{"embeddable":true,"href":"https:\/\/www.europesays.com\/fr\/wp-json\/wp\/v2\/media\/227906"}],"wp:attachment":[{"href":"https:\/\/www.europesays.com\/fr\/wp-json\/wp\/v2\/media?parent=227905"}],"wp:term":[{"taxonomy":"category","embeddable":true,"href":"https:\/\/www.europesays.com\/fr\/wp-json\/wp\/v2\/categories?post=227905"},{"taxonomy":"post_tag","embeddable":true,"href":"https:\/\/www.europesays.com\/fr\/wp-json\/wp\/v2\/tags?post=227905"}],"curies":[{"name":"wp","href":"https:\/\/api.w.org\/{rel}","templated":true}]}}