{"id":227917,"date":"2025-07-05T10:42:09","date_gmt":"2025-07-05T10:42:09","guid":{"rendered":"https:\/\/www.europesays.com\/fr\/227917\/"},"modified":"2025-07-05T10:42:09","modified_gmt":"2025-07-05T10:42:09","slug":"meteo-france-active-la-vigilance-pour-le-dimanche-6-juillet","status":"publish","type":"post","link":"https:\/\/www.europesays.com\/fr\/227917\/","title":{"rendered":"M\u00e9t\u00e9o France active la vigilance pour le dimanche 6 juillet"},"content":{"rendered":"<p>            Par<br \/>\n        <strong><br \/>\n            <a href=\"https:\/\/actu.fr\/auteur\/thomas-martin\" title=\"Consulter tous les articles de Thomas Martin\" rel=\"nofollow noopener\" target=\"_blank\">Thomas Martin<\/a><br \/>\n        <\/strong><\/p>\n<p>        Publi\u00e9 le<\/p>\n<p>            5 juil. 2025 \u00e0 12h32        <\/p>\n<p>Ce n\u2019\u00e9tait pas forc\u00e9ment au programme mais des <a href=\"https:\/\/actu.fr\/tag\/orages\" rel=\"nofollow noopener\" target=\"_blank\">orages<\/a> pourraient \u00e9clater \u00e0 Paris et en \u00cele-de-France. Des pr\u00e9visions de <a href=\"https:\/\/actu.fr\/tag\/meteo-france\" rel=\"nofollow noopener\" target=\"_blank\">M\u00e9t\u00e9o-France<\/a> \u00e0 suivre au fur et \u00e0 mesure puisque les derniers orages annonc\u00e9s n\u2019ont pas du tout frapp\u00e9 l\u2019\u00cele-de-France. La r\u00e9gion dans son ensemble a n\u00e9anmoins \u00e9t\u00e9 plac\u00e9e en<strong> vigilance jaune<\/strong> pour le dimanche 6 juillet, entre 15h et 18h.\u00a0<\/p>\n<p>Les pr\u00e9visions de M\u00e9t\u00e9o-France pour l\u2019\u00cele-de-France<\/p>\n<p class=\" wall-content\">Apr\u00e8s de la pluie durant la nuit de samedi \u00e0 dimanche, il pourrait encore pleuvoir dimanche matin. On attend aux alentours de 10 millim\u00e8tres de pr\u00e9cipitations dans la capitale. La situation pourrait ensuite se d\u00e9grader puisque des averses localement orageuses sont annonc\u00e9s en milieu d\u2019apr\u00e8s-midi. 5 millim\u00e8tres de pluie sont attendus \u00e0 Paris. De quoi s\u00e9rieusement rafra\u00eechir les temp\u00e9ratures puisqu\u2019il ne devrait faire gu\u00e8re plus de 20\u00b0C dans la r\u00e9gion.\u00a0<\/p>\n<p class=\" wall-content\">Quelques petites pluies sont \u00e0 nouveau attendus lundi en cours de matin\u00e9e avec \u00e0 nouveau des temp\u00e9ratures tr\u00e8s agr\u00e9ables.\u00a0<\/p>\n<p class=\" wall-content\">Une situation qui devrait \u00e9voluer au fil des jours, les temp\u00e9ratures reprenant leur progression. <a href=\"https:\/\/actu.fr\/ile-de-france\/paris_75056\/une-nouvelle-canicule-arrive-en-france-la-vague-de-chaleur-va-t-elle-toucher-paris-et-l-ile-de-france_62866436.html\" rel=\"nofollow noopener\" target=\"_blank\">L\u2019air chaud annonc\u00e9<\/a> en France ne devrait pas \u00e9pargner la r\u00e9gion francilienne. Comme cela a \u00e9t\u00e9 le cas cette semaine, il est possible que l\u2019on connaisse des temp\u00e9ratures au-dessus de 35\u00b0C, fr\u00f4lant parfois la barre des 40\u00b0C.<\/p>\n<p class=\" wall-content\">Suivez toute l\u2019actualit\u00e9 de vos villes et m\u00e9dias favoris en vous inscrivant \u00e0 <a href=\"https:\/\/moncompte.actu.fr\" title=\"D\u00e9couvez Mon Actu\" rel=\"nofollow noopener\" data-trk=\"{&quot;cta&quot;:{&quot;action&quot;:&quot;https:\\\/\\\/moncompte.actu.fr&quot;,&quot;category&quot;:&quot;mon compte&quot;,&quot;from&quot;:&quot;article footer&quot;,&quot;name&quot;:&quot;Mon actu&quot;,&quot;type&quot;:&quot;cta&quot;}}\" target=\"_blank\">Mon Actu<\/a>.<\/p>\n","protected":false},"excerpt":{"rendered":"Par Thomas Martin Publi\u00e9 le 5 juil. 2025 \u00e0 12h32 Ce n\u2019\u00e9tait pas forc\u00e9ment au programme mais des&hellip;\n","protected":false},"author":2,"featured_media":139304,"comment_status":"","ping_status":"","sticky":false,"template":"","format":"standard","meta":{"footnotes":""},"categories":[1888],"tags":[11,1777,674,1011,27,2487,2357,12,4594,626,25],"class_list":{"0":"post-227917","1":"post","2":"type-post","3":"status-publish","4":"format-standard","5":"has-post-thumbnail","7":"category-paris","8":"tag-actualites","9":"tag-eu","10":"tag-europe","11":"tag-fr","12":"tag-france","13":"tag-meteo","14":"tag-meteo-france","15":"tag-news","16":"tag-orages","17":"tag-paris","18":"tag-republique-francaise"},"share_on_mastodon":{"url":"https:\/\/pubeurope.com\/@fr\/114800213677296149","error":""},"_links":{"self":[{"href":"https:\/\/www.europesays.com\/fr\/wp-json\/wp\/v2\/posts\/227917","targetHints":{"allow":["GET"]}}],"collection":[{"href":"https:\/\/www.europesays.com\/fr\/wp-json\/wp\/v2\/posts"}],"about":[{"href":"https:\/\/www.europesays.com\/fr\/wp-json\/wp\/v2\/types\/post"}],"author":[{"embeddable":true,"href":"https:\/\/www.europesays.com\/fr\/wp-json\/wp\/v2\/users\/2"}],"replies":[{"embeddable":true,"href":"https:\/\/www.europesays.com\/fr\/wp-json\/wp\/v2\/comments?post=227917"}],"version-history":[{"count":0,"href":"https:\/\/www.europesays.com\/fr\/wp-json\/wp\/v2\/posts\/227917\/revisions"}],"wp:featuredmedia":[{"embeddable":true,"href":"https:\/\/www.europesays.com\/fr\/wp-json\/wp\/v2\/media\/139304"}],"wp:attachment":[{"href":"https:\/\/www.europesays.com\/fr\/wp-json\/wp\/v2\/media?parent=227917"}],"wp:term":[{"taxonomy":"category","embeddable":true,"href":"https:\/\/www.europesays.com\/fr\/wp-json\/wp\/v2\/categories?post=227917"},{"taxonomy":"post_tag","embeddable":true,"href":"https:\/\/www.europesays.com\/fr\/wp-json\/wp\/v2\/tags?post=227917"}],"curies":[{"name":"wp","href":"https:\/\/api.w.org\/{rel}","templated":true}]}}