{"id":227920,"date":"2025-07-05T10:44:14","date_gmt":"2025-07-05T10:44:14","guid":{"rendered":"https:\/\/www.europesays.com\/fr\/227920\/"},"modified":"2025-07-05T10:44:14","modified_gmt":"2025-07-05T10:44:14","slug":"les-informations-de-la-nuit-3","status":"publish","type":"post","link":"https:\/\/www.europesays.com\/fr\/227920\/","title":{"rendered":"les informations de la nuit"},"content":{"rendered":"\n<p><strong>\u00c9tats-Unis\u00a0: au moins vingt-quatre morts dans des inondations au Texas. <\/strong>Des inondations \u201ccatastrophiques\u201d, survenues vendredi le long du fleuve Guadalupe au Texas (sud des \u00c9tats-Unis), ont fait \u201cau moins ving-quatre morts\u201d et \u201cdes dizaines\u201d de disparus, \u201cdont plus de vingt enfants qui s\u00e9journaient dans des camps d\u2019\u00e9t\u00e9 de la r\u00e9gion\u201d, <a class=\"ithalc\" data-ithal=\"lien_externe\" data-ithalc=\"[nav_article]\" target=\"_blank\" href=\"https:\/\/www.statesman.com\/story\/news\/2025\/07\/04\/floods-kill-at-least-13-in-hill-country-20-children-still-missing\/84470695007\/\" rel=\"noopener\">rapporte <strong>The Austin American Statesman<\/strong>.<\/a> Selon les autorit\u00e9s, les pluies diluviennes tomb\u00e9es dans la nuit de jeudi \u00e0 vendredi ont fait monter le niveau du fleuve Guadalupe de huit m\u00e8tres en quarante-cinq minutes, provoquant des inondations d\u00e9vastatrices qui ont tout emport\u00e9 sur leur passage. Dans l\u2019apr\u00e8s-midi, le vice-gouverneur du Texas, Dan Patrick, a pr\u00e9cis\u00e9 que \u201cvingt-trois enfants qui s\u00e9journaient \u00e0 Camp Mystic, un camp d\u2019\u00e9t\u00e9 chr\u00e9tien, \u00e9taient toujours port\u00e9s disparus\u201d. Quatorze h\u00e9licopt\u00e8res, douze drones et neuf \u00e9quipes de secours \u2014 soit 400 \u00e0 500\u00a0personnes au total \u2013 ont \u00e9t\u00e9 mobilis\u00e9s pour les recherches.<\/p>\n<p><strong>Trump et Zelensky s\u2019entendent pour \u201crenforcer\u201d la d\u00e9fense antia\u00e9rienne ukrainienne.<\/strong> Lors d\u2019une conversation t\u00e9l\u00e9phonique d\u2019une quarantaine de minutes, le pr\u00e9sident am\u00e9ricain Donald Trump et son homologue ukrainien Volodymyr Zelensky ont convenu vendredi de \u201crenforcer les d\u00e9fenses antia\u00e9riennes de l\u2019Ukraine\u201d, <a class=\"ithalc\" data-ithal=\"lien_externe\" data-ithalc=\"[nav_article]\" target=\"_blank\" href=\"https:\/\/kyivindependent.com\/zelensky-trump-hold-phone-call-after-putins-pledge-to-continue-war-in-ukraine\/\" rel=\"noopener\">\u00e9crit <strong>The Kyiv Independent<\/strong><\/a>, citant le compte rendu publi\u00e9 par le pr\u00e9sident ukrainien sur ses r\u00e9seaux sociaux. \u201cNous avons discut\u00e9 des options de d\u00e9fense antia\u00e9rienne et convenu de travailler au renforcement de la protection de l\u2019espace a\u00e9rien\u201d ukrainien, a assur\u00e9 M. Zelensky. La Maison-Blanche n\u2019a pas comment\u00e9 la conversation mais <a class=\"ithalc\" data-ithal=\"lien_externe\" data-ithalc=\"[nav_article]\" target=\"_blank\" href=\"https:\/\/www.axios.com\/2025\/07\/04\/trump-zelensky-ukraine-air-defense\" rel=\"noopener\">des sources consult\u00e9es par <strong>Axios<\/strong><\/a> confirment que M. Trump \u201cveut aider l\u2019Ukraine en mati\u00e8re de d\u00e9fense antia\u00e9rienne, en raison de l\u2019escalade des attaques russes\u201d. L\u2019appel entre les deux dirigeants intervenait \u201calors que la Russie a intensifi\u00e9 sa campagne a\u00e9rienne \u00e0 travers l\u2019Ukraine\u201d, comme en t\u00e9moignait, vendredi encore, l\u2019attaque nocturne \u201cqui a frapp\u00e9 Kiev et plusieurs autres r\u00e9gions, blessant au moins 23 civils et d\u00e9clenchant des dizaines d\u2019incendies dans la capitale\u201d, rel\u00e8ve The Kyiv Independent.<\/p>\n<p><strong>Bosnie\u00a0: Milorad Dodik se rend \u00e0 la justice.<\/strong> Le chef des Serbes de Bosnie, Milorad Dodik, \u201crecherch\u00e9\u201d depuis le 18\u00a0mars par la justice bosniaque, s\u2019est pr\u00e9sent\u00e9 \u201cvolontairement\u201d devant le parquet national vendredi pour y \u00eatre \u201cinterrog\u00e9\u201d, <a class=\"ithalc\" data-ithal=\"lien_externe\" data-ithalc=\"[nav_article]\" target=\"_blank\" href=\"https:\/\/www.rtbf.be\/article\/balkans-le-mandat-d-arret-contre-le-chef-des-serbes-de-bosnie-milorad-dodik-annule-par-la-justice-bosnienne-11572003\" rel=\"noopener\">selon la<strong> RTBF<\/strong>.<\/a> Le pr\u00e9sident de l\u2019entit\u00e9 serbe de Bosnie (Republika Srpska) est poursuivi pour \u201cavoir pr\u00e9conis\u00e9 l\u2019interdiction pour la police et la justice centrales du pays d\u2019exercer sur le territoire de l\u2019entit\u00e9 serbe\u201d, pr\u00e9cise le diffuseur belge. M.\u00a0Dodik, 66\u00a0ans, cherchait ainsi \u00e0 invalider sa condamnation par la Cour d\u2019\u00c9tat de Bosnie \u00e0 \u201cun an de prison et six ans d\u2019in\u00e9ligibilit\u00e9 pour le non-respect des d\u00e9cisions du Haut repr\u00e9sentant international, charg\u00e9 de faire respecter l\u2019accord de paix dans le pays\u201d. Un verdict que l\u2019int\u00e9ress\u00e9 qualifie de \u201cproc\u00e8s politique\u201d et dont il a fait appel. Dans la foul\u00e9e de son interrogatoire, le parquet a lev\u00e9 son mandat d\u2019arr\u00eat et accord\u00e9 au dirigeant serbe la libert\u00e9 conditionnelle.<\/p>\n","protected":false},"excerpt":{"rendered":"\u00c9tats-Unis\u00a0: au moins vingt-quatre morts dans des inondations au Texas. Des inondations \u201ccatastrophiques\u201d, survenues vendredi le long du&hellip;\n","protected":false},"author":2,"featured_media":227921,"comment_status":"","ping_status":"","sticky":false,"template":"","format":"standard","meta":{"footnotes":""},"categories":[1590],"tags":[11,3822,36632,4732,75,1777,674,1892,131,2839,303,12,316,4409,1857,3926,770,220,134],"class_list":{"0":"post-227920","1":"post","2":"type-post","3":"status-publish","4":"format-standard","5":"has-post-thumbnail","7":"category-ukraine","8":"tag-actualites","9":"tag-amu00e9riques","10":"tag-bosnie-herzu00e9govine","11":"tag-catastrophe-naturelle","12":"tag-donald-trump","13":"tag-eu","14":"tag-europe","15":"tag-gu00e9opolitique","16":"tag-guerre-en-ukraine","17":"tag-inondations","18":"tag-justice","19":"tag-news","20":"tag-politique","21":"tag-ru00e9veil","22":"tag-sociu00e9tu00e9","23":"tag-texas","24":"tag-u00e9tats-unis","25":"tag-ukraine","26":"tag-volodymyr-zelensky"},"share_on_mastodon":{"url":"https:\/\/pubeurope.com\/@fr\/114800221681576675","error":""},"_links":{"self":[{"href":"https:\/\/www.europesays.com\/fr\/wp-json\/wp\/v2\/posts\/227920","targetHints":{"allow":["GET"]}}],"collection":[{"href":"https:\/\/www.europesays.com\/fr\/wp-json\/wp\/v2\/posts"}],"about":[{"href":"https:\/\/www.europesays.com\/fr\/wp-json\/wp\/v2\/types\/post"}],"author":[{"embeddable":true,"href":"https:\/\/www.europesays.com\/fr\/wp-json\/wp\/v2\/users\/2"}],"replies":[{"embeddable":true,"href":"https:\/\/www.europesays.com\/fr\/wp-json\/wp\/v2\/comments?post=227920"}],"version-history":[{"count":0,"href":"https:\/\/www.europesays.com\/fr\/wp-json\/wp\/v2\/posts\/227920\/revisions"}],"wp:featuredmedia":[{"embeddable":true,"href":"https:\/\/www.europesays.com\/fr\/wp-json\/wp\/v2\/media\/227921"}],"wp:attachment":[{"href":"https:\/\/www.europesays.com\/fr\/wp-json\/wp\/v2\/media?parent=227920"}],"wp:term":[{"taxonomy":"category","embeddable":true,"href":"https:\/\/www.europesays.com\/fr\/wp-json\/wp\/v2\/categories?post=227920"},{"taxonomy":"post_tag","embeddable":true,"href":"https:\/\/www.europesays.com\/fr\/wp-json\/wp\/v2\/tags?post=227920"}],"curies":[{"name":"wp","href":"https:\/\/api.w.org\/{rel}","templated":true}]}}