{"id":227926,"date":"2025-07-05T10:47:15","date_gmt":"2025-07-05T10:47:15","guid":{"rendered":"https:\/\/www.europesays.com\/fr\/227926\/"},"modified":"2025-07-05T10:47:15","modified_gmt":"2025-07-05T10:47:15","slug":"allemagne-un-appel-a-la-greve-dans-les-transports-ce-vendredi","status":"publish","type":"post","link":"https:\/\/www.europesays.com\/fr\/227926\/","title":{"rendered":"Allemagne\u00a0: un appel \u00e0 la gr\u00e8ve dans les transports ce vendredi"},"content":{"rendered":"<p>Le syndicat des services Verdi appelle \u00e0 une gr\u00e8ve ce vendredi dans les transports publics en Allemagne. Six L\u00e4nder sont concern\u00e9s dont le Bade-Wurtemberg. Cette gr\u00e8ve devrait concerner les bus et les trains.<\/p>\n<p><strong>La circulation des bus et des trains<\/strong> devrait \u00eatre perturb\u00e9e ce vendredi en Allemagne. Le syndicat des services Verdi appelle \u00e0 une gr\u00e8ve dans six L\u00e4nder dont le Bade-Wurtemberg, voisin de l&rsquo;Alsace. Ce mouvement devrait durer toute la journ\u00e9e de vendredi. Le syndicat r\u00e9clame une augmentation de salaire de 8%, et trois nouveaux jours de cong\u00e9s pour tous les employ\u00e9s du service public, soit 2.5 millions de personnes.<\/p>\n<p>Plusieurs villes du Bade-Wurtemberg concern\u00e9es<\/p>\n<p>Selon nos confr\u00e8res de la SWR, les transports publics de plusieurs villes sont concern\u00e9s\u00a0: <strong>Stuttgart, Fribourg, Karlsruhe<\/strong> ou bien encore <strong>Baden-Baden<\/strong>. Il n&rsquo;y aura pas exemple pas de tramway \u00e0 Fribourg. De nouvelles n\u00e9gociations sont pr\u00e9vues entre syndicat et employeurs \u00e0 la mi-mars.<\/p>\n<p>\u00c0 lire aussi   <img decoding=\"async\" src=\"https:\/\/www.europesays.com\/fr\/wp-content\/uploads\/2025\/07\/560x315_sc_ibpremiumthree419352.jpg\" alt=\"Les salari\u00e9s de la compagnie de transports SWEG sont appel\u00e9s \u00e0 la gr\u00e8ve mercredi 6 novembre.\" style=\"--_image-preview:url('data:image\/jpeg;base64,\/9j\/2wBDACgcHiMeGSgjISMtKygwPGRBPDc3PHtYXUlkkYCZlo+AjIqgtObDoKrarYqMyP\/L2u71\/\/\/\/m8H\/\/\/\/6\/+b9\/\/j\/2wBDASstLTw1PHZBQXb4pYyl+Pj4+Pj4+Pj4+Pj4+Pj4+Pj4+Pj4+Pj4+Pj4+Pj4+Pj4+Pj4+Pj4+Pj4+Pj4+Pj4+Pj\/wAARCAAXACoDASIAAhEBAxEB\/8QAFwABAQEBAAAAAAAAAAAAAAAAAAECA\/\/EABgQAQEBAQEAAAAAAAAAAAAAAAABEQIS\/8QAFQEBAQAAAAAAAAAAAAAAAAAAAAH\/xAAUEQEAAAAAAAAAAAAAAAAAAAAA\/9oADAMBAAIRAxEAPwDvenO1L0xekGqiaaCmpqaKdVi9ACempQVF00Af\/9k=');\" loading=\"lazy\" fetchpriority=\"low\" aria-hidden=\"true\" class=\"svelte-1pnmlwx rounded\" onload=\"this.__e=event\" onerror=\"this.__e=event\"\/><\/p>\n","protected":false},"excerpt":{"rendered":"Le syndicat des services Verdi appelle \u00e0 une gr\u00e8ve ce vendredi dans les transports publics en Allemagne. Six&hellip;\n","protected":false},"author":2,"featured_media":227927,"comment_status":"","ping_status":"","sticky":false,"template":"","format":"standard","meta":{"footnotes":""},"categories":[1587],"tags":[11,672,1804,1805,1803,1777,674,1801,12,1802],"class_list":{"0":"post-227926","1":"post","2":"type-post","3":"status-publish","4":"format-standard","5":"has-post-thumbnail","7":"category-allemagne","8":"tag-actualites","9":"tag-allemagne","10":"tag-bundesrepublik-deutschland","11":"tag-de","12":"tag-deutschland","13":"tag-eu","14":"tag-europe","15":"tag-germany","16":"tag-news","17":"tag-republique-federale-dallemagne"},"share_on_mastodon":{"url":"https:\/\/pubeurope.com\/@fr\/114800233393745056","error":""},"_links":{"self":[{"href":"https:\/\/www.europesays.com\/fr\/wp-json\/wp\/v2\/posts\/227926","targetHints":{"allow":["GET"]}}],"collection":[{"href":"https:\/\/www.europesays.com\/fr\/wp-json\/wp\/v2\/posts"}],"about":[{"href":"https:\/\/www.europesays.com\/fr\/wp-json\/wp\/v2\/types\/post"}],"author":[{"embeddable":true,"href":"https:\/\/www.europesays.com\/fr\/wp-json\/wp\/v2\/users\/2"}],"replies":[{"embeddable":true,"href":"https:\/\/www.europesays.com\/fr\/wp-json\/wp\/v2\/comments?post=227926"}],"version-history":[{"count":0,"href":"https:\/\/www.europesays.com\/fr\/wp-json\/wp\/v2\/posts\/227926\/revisions"}],"wp:featuredmedia":[{"embeddable":true,"href":"https:\/\/www.europesays.com\/fr\/wp-json\/wp\/v2\/media\/227927"}],"wp:attachment":[{"href":"https:\/\/www.europesays.com\/fr\/wp-json\/wp\/v2\/media?parent=227926"}],"wp:term":[{"taxonomy":"category","embeddable":true,"href":"https:\/\/www.europesays.com\/fr\/wp-json\/wp\/v2\/categories?post=227926"},{"taxonomy":"post_tag","embeddable":true,"href":"https:\/\/www.europesays.com\/fr\/wp-json\/wp\/v2\/tags?post=227926"}],"curies":[{"name":"wp","href":"https:\/\/api.w.org\/{rel}","templated":true}]}}