{"id":227938,"date":"2025-07-05T10:53:14","date_gmt":"2025-07-05T10:53:14","guid":{"rendered":"https:\/\/www.europesays.com\/fr\/227938\/"},"modified":"2025-07-05T10:53:14","modified_gmt":"2025-07-05T10:53:14","slug":"les-francais-distances-en-autriche","status":"publish","type":"post","link":"https:\/\/www.europesays.com\/fr\/227938\/","title":{"rendered":"Les Fran\u00e7ais distanc\u00e9s en Autriche"},"content":{"rendered":"<p>\t\t\t\t\t\t<img width=\"770\" height=\"560\" src=\"https:\/\/www.europesays.com\/fr\/wp-content\/uploads\/2025\/04\/afp__20250320__2205988203__v1__highres__delhichallenge2025dayone-770x560.jpg\" class=\"img-responsive wp-post-image\" alt=\"\" decoding=\"async\" fetchpriority=\"high\"  \/>\t\t\t\t\t<\/p>\n<p>\t\t\t\t\t\t Partager cet article <\/p>\n<p class=\"screen-reader-text juiz_sps_maybe_hidden_text\">Partager la publication \u00ab\u00a0Les Fran\u00e7ais distanc\u00e9s en Autriche\u00a0\u00bb<\/p>\n<p><strong>Les Tricolores sont en retrait par rapport au leader local Maximilian Steinlechner. Ils seront tout de m\u00eame sept \u00e0 d\u00e9fendre leur chance ce week-end.<\/strong><\/p>\n<p>\u00a0<\/p>\n<p>Auteur d\u2019un excellent 61 (-8), <strong>Maximilian Steinlechner<\/strong> a pris les commandes de l\u2019<strong>Interwetten Open<\/strong>, qu\u2019il dispute \u00e0 domicile. L\u2019Autrichien, 18e de l\u2019ordre du m\u00e9rite, aurait m\u00eame pu aller chercher la mythique barre des 60, mais il a conc\u00e9d\u00e9 un bogey et un double au c\u0153ur du retour (son aller).<\/p>\n<p>L\u2019Italien <strong>Filippo Celli <\/strong>et le Sud-Africain <strong>JC Ritchie<\/strong> comptent deux longueurs de retard apr\u00e8s 36 trous. Un groupe de cinq joueurs se partage la quatri\u00e8me place un coup derri\u00e8re.<\/p>\n<p><a href=\"https:\/\/www.europeantour.com\/hotelplanner-tour\/european-event-2025\/leaderboard?round=2\" target=\"_blank\" rel=\"noopener nofollow\">Retrouvez le classement complet<\/a>.<\/p>\n<p>\t\t\t\t\t<a id=\"177181\" href=\"http:\/\/charleskent-golf.com\/andalucia-majors\/\" target=\"_blank\" rel=\"sponsorised nofollow noopener\"><img decoding=\"async\" src=\"data:image\/svg+xml,%3Csvg%20xmlns=\" http:=\"\" class=\"img-responsive\" alt=\"\" data-lazy-src=\"https:\/\/www.europesays.com\/fr\/wp-content\/uploads\/2025\/06\/charleskent-e03-andalucia-majors-1170x275-1.gif\"\/><\/a><\/p>\n<p>\u00a0<\/p>\n<p>Quatre Fran\u00e7ais dans le top 20<\/p>\n<p>Pour l\u2019instant, aucun fran\u00e7ais n\u2019est dans la bataille pour la gagne, mais certains n\u2019ont pas encore abdiqu\u00e9. Ils sont en effet quatre \u00e0 occuper la 20e place : <strong>Nathan Legendre, Maxence Giboudot, Cl\u00e9ment Charmasson <\/strong>et<strong> Oihan Guillamoundeguy<\/strong>. Ils devront remonter un d\u00e9ficit de six coups pour esp\u00e9rer s\u2019imposer.<\/p>\n<p><strong>F\u00e9lix Mory<\/strong> (27e) talonne ses compatriotes d\u2019une unit\u00e9. <strong>Bastien Amat <\/strong>et<strong> Mathieu Decottignies Lafon<\/strong> (53es) ont quant \u00e0 eux pass\u00e9 le cut sur la marque (-4).<\/p>\n<p>\u00a0<\/p>\n<p>Le leaderboard<\/p>\n<p><img loading=\"lazy\" decoding=\"async\" class=\"alignnone size-image-largeur-770 wp-image-178526\" src=\"data:image\/svg+xml,%3Csvg%20xmlns=\" http:=\"\" alt=\"\" width=\"770\" height=\"350\" data-lazy- data-lazy- data-lazy-src=\"https:\/\/www.europesays.com\/fr\/wp-content\/uploads\/2025\/07\/capture-decran-2025-07-05-a-00.24.44-770x350.png\"\/><\/p>\n<p>Les Fran\u00e7ais<\/p>\n<p><img loading=\"lazy\" decoding=\"async\" class=\"alignnone size-image-largeur-770 wp-image-178527\" src=\"data:image\/svg+xml,%3Csvg%20xmlns=\" http:=\"\" alt=\"\" width=\"770\" height=\"483\" data-lazy- data-lazy- data-lazy-src=\"https:\/\/www.europesays.com\/fr\/wp-content\/uploads\/2025\/07\/capture-decran-2025-07-05-a-00.24.34-770x483.png\"\/><\/p>\n<p>\u00a0<\/p>\n<p>\u00a9Luke Walker \/ GETTY IMAGES ASIAPAC \/ Getty Images via AFP<\/p>\n","protected":false},"excerpt":{"rendered":"Partager cet article Partager la publication \u00ab\u00a0Les Fran\u00e7ais distanc\u00e9s en Autriche\u00a0\u00bb Les Tricolores sont en retrait par rapport&hellip;\n","protected":false},"author":2,"featured_media":20227,"comment_status":"","ping_status":"","sticky":false,"template":"","format":"standard","meta":{"footnotes":""},"categories":[1418],"tags":[1011,27,1472,60],"class_list":{"0":"post-227938","1":"post","2":"type-post","3":"status-publish","4":"format-standard","5":"has-post-thumbnail","7":"category-golf","8":"tag-fr","9":"tag-france","10":"tag-golf","11":"tag-sports"},"share_on_mastodon":{"url":"https:\/\/pubeurope.com\/@fr\/114800256996958368","error":""},"_links":{"self":[{"href":"https:\/\/www.europesays.com\/fr\/wp-json\/wp\/v2\/posts\/227938","targetHints":{"allow":["GET"]}}],"collection":[{"href":"https:\/\/www.europesays.com\/fr\/wp-json\/wp\/v2\/posts"}],"about":[{"href":"https:\/\/www.europesays.com\/fr\/wp-json\/wp\/v2\/types\/post"}],"author":[{"embeddable":true,"href":"https:\/\/www.europesays.com\/fr\/wp-json\/wp\/v2\/users\/2"}],"replies":[{"embeddable":true,"href":"https:\/\/www.europesays.com\/fr\/wp-json\/wp\/v2\/comments?post=227938"}],"version-history":[{"count":0,"href":"https:\/\/www.europesays.com\/fr\/wp-json\/wp\/v2\/posts\/227938\/revisions"}],"wp:featuredmedia":[{"embeddable":true,"href":"https:\/\/www.europesays.com\/fr\/wp-json\/wp\/v2\/media\/20227"}],"wp:attachment":[{"href":"https:\/\/www.europesays.com\/fr\/wp-json\/wp\/v2\/media?parent=227938"}],"wp:term":[{"taxonomy":"category","embeddable":true,"href":"https:\/\/www.europesays.com\/fr\/wp-json\/wp\/v2\/categories?post=227938"},{"taxonomy":"post_tag","embeddable":true,"href":"https:\/\/www.europesays.com\/fr\/wp-json\/wp\/v2\/tags?post=227938"}],"curies":[{"name":"wp","href":"https:\/\/api.w.org\/{rel}","templated":true}]}}