{"id":227939,"date":"2025-07-05T10:54:16","date_gmt":"2025-07-05T10:54:16","guid":{"rendered":"https:\/\/www.europesays.com\/fr\/227939\/"},"modified":"2025-07-05T10:54:16","modified_gmt":"2025-07-05T10:54:16","slug":"yuliya-miniuk-rejoint-le-quimper-volley-29-quimper-volley","status":"publish","type":"post","link":"https:\/\/www.europesays.com\/fr\/227939\/","title":{"rendered":"Yuliya Miniuk rejoint le Quimper Volley 29 &#8211; quimper &#8211; volley"},"content":{"rendered":"<p><strong>\u00a0\u00c2g\u00e9e de 25 ans, la centrale bi\u00e9lorusse,\u00a0Yuliya Miniuk apporte avec elle un parcours solide et une belle exp\u00e9rience du haut niveau europ\u00e9en, dans ses bagages, \u00e0 sa future destination du Quimper Volley. Form\u00e9e en Bi\u00e9lorussie, elle a rapidement franchi les fronti\u00e8res avec des passages en Italie et en Finlande. Ainsi, ces exp\u00e9riences internationales lui ont permis de d\u00e9velopper un profil complet. En France, l&rsquo;internationale Bi\u00e9lorusse a port\u00e9 les couleurs du RC Cannes, des Burdis de Bordeaux et plus r\u00e9cemment du Sens Volley 89.<\/strong><\/p>\n<p>  \t\t\t<img decoding=\"async\" typeof=\"foaf:Image\" src=\"https:\/\/www.europesays.com\/fr\/wp-content\/uploads\/2025\/07\/p2257082.jpg\" alt=\"\"\/>  \t\t\t  \t\t\t<\/p>\n<p><strong>L\u00e9gende<\/strong>: Le Quimper Volley 29 compte une nouvelle recrue dans ses rangs, avec l&rsquo;internationale bi\u00e9lorusse,\u00a0Yuliya Miniuk.\u00a0<\/p>\n<p>\u00c0 chacune de ses \u00e9tapes, elle s\u2019est impos\u00e9e comme une joueuse fiable et constante, capable d\u2019impacter le jeu aussi bien au filet qu\u2019en d\u00e9fense. Son arriv\u00e9e \u00e0 Quimper marque une nouvelle \u00e9tape dans sa carri\u00e8re et s\u2019inscrit dans la volont\u00e9 du club de renforcer son effectif. Par son dynamisme, son professionnalisme et son v\u00e9cu sur la sc\u00e8ne europ\u00e9enne, Yuliya Miniuk sera un atout majeur.<\/p>\n","protected":false},"excerpt":{"rendered":"\u00a0\u00c2g\u00e9e de 25 ans, la centrale bi\u00e9lorusse,\u00a0Yuliya Miniuk apporte avec elle un parcours solide et une belle exp\u00e9rience&hellip;\n","protected":false},"author":2,"featured_media":227940,"comment_status":"","ping_status":"","sticky":false,"template":"","format":"standard","meta":{"footnotes":""},"categories":[1417],"tags":[1011,27,60,1470,1469],"class_list":{"0":"post-227939","1":"post","2":"type-post","3":"status-publish","4":"format-standard","5":"has-post-thumbnail","7":"category-volley","8":"tag-fr","9":"tag-france","10":"tag-sports","11":"tag-volley","12":"tag-volleyball"},"share_on_mastodon":{"url":"https:\/\/pubeurope.com\/@fr\/114800260839848646","error":""},"_links":{"self":[{"href":"https:\/\/www.europesays.com\/fr\/wp-json\/wp\/v2\/posts\/227939","targetHints":{"allow":["GET"]}}],"collection":[{"href":"https:\/\/www.europesays.com\/fr\/wp-json\/wp\/v2\/posts"}],"about":[{"href":"https:\/\/www.europesays.com\/fr\/wp-json\/wp\/v2\/types\/post"}],"author":[{"embeddable":true,"href":"https:\/\/www.europesays.com\/fr\/wp-json\/wp\/v2\/users\/2"}],"replies":[{"embeddable":true,"href":"https:\/\/www.europesays.com\/fr\/wp-json\/wp\/v2\/comments?post=227939"}],"version-history":[{"count":0,"href":"https:\/\/www.europesays.com\/fr\/wp-json\/wp\/v2\/posts\/227939\/revisions"}],"wp:featuredmedia":[{"embeddable":true,"href":"https:\/\/www.europesays.com\/fr\/wp-json\/wp\/v2\/media\/227940"}],"wp:attachment":[{"href":"https:\/\/www.europesays.com\/fr\/wp-json\/wp\/v2\/media?parent=227939"}],"wp:term":[{"taxonomy":"category","embeddable":true,"href":"https:\/\/www.europesays.com\/fr\/wp-json\/wp\/v2\/categories?post=227939"},{"taxonomy":"post_tag","embeddable":true,"href":"https:\/\/www.europesays.com\/fr\/wp-json\/wp\/v2\/tags?post=227939"}],"curies":[{"name":"wp","href":"https:\/\/api.w.org\/{rel}","templated":true}]}}