{"id":227949,"date":"2025-07-05T11:00:10","date_gmt":"2025-07-05T11:00:10","guid":{"rendered":"https:\/\/www.europesays.com\/fr\/227949\/"},"modified":"2025-07-05T11:00:10","modified_gmt":"2025-07-05T11:00:10","slug":"les-six-etapes-quil-ne-faudra-surtout-pas-manquer-cette-annee","status":"publish","type":"post","link":"https:\/\/www.europesays.com\/fr\/227949\/","title":{"rendered":"les six \u00e9tapes qu\u2019il ne faudra surtout pas manquer cette ann\u00e9e"},"content":{"rendered":"<p>Sur les 21 \u00e9tapes du Tour de France dont le d\u00e9part sera donn\u00e9 samedi, Le Figaro a retenu six journ\u00e9es charni\u00e8res. O\u00f9, quand et pourquoi il faudra \u00eatre devant son \u00e9cran (ou au bord des routes) ces jours-l\u00e0.<\/p>\n<p>La deuxi\u00e8me \u00e9tape<\/p>\n<p class=\"fig-paragraph\"><strong>O\u00f9\u00a0: <\/strong>\u00e9tape entre Lauwin Planque et Boulogne-sur-Mer (209 km)<br \/><strong>Quand\u00a0:<\/strong> le dimanche 6 juillet<\/p>\n<p class=\"fig-paragraph\"><strong>Pourquoi\u00a0:\u00a0<\/strong><a href=\"http:\/\/www.lefigaro.fr\/sports\/cyclisme\/tour-de-france-2025-le-triptyque-d-ouverture-dans-les-hauts-de-france-devoile-20231130\" data-fig-type=\"NewsFlash\" data-gtm-custom-categorie=\"navigation\" data-gtm-custom-action=\"crossclick\" data-gtm-custom-label=\"Contextuel\" data-gtm-event=\"customEventSPE\" data-fig-domain=\"LEFIGARO\" target=\"_blank\" rel=\"noopener\">dans le triptyque du Nord<\/a>, il ne faudra surtout pas rater la deuxi\u00e8me \u00e9tape et l\u2019arriv\u00e9e \u00e0 Boulogne-sur-Mer le lendemain d\u2019une journ\u00e9e inaugurale r\u00e9serv\u00e9e aux sprinteurs. Pas de pav\u00e9s au programme, une premi\u00e8re partie plut\u00f4t plate et calme avant une seconde moiti\u00e9 de parcours vallonn\u00e9e\u00a0<a href=\"http:\/\/www.lefigaro.fr\/sports\/cyclisme\/tour-de-france\/tour-de-france-apres-la-canicule-un-depart-sous-la-pluie-dans-le-nord-20250703\" data-fig-type=\"NewsFlash\" data-gtm-custom-categorie=\"navigation\" data-gtm-custom-action=\"crossclick\" data-gtm-custom-label=\"Contextuel\" data-gtm-event=\"customEventSPE\" data-fig-domain=\"LEFIGARO\" target=\"_blank\" rel=\"noopener\">sous un temps maussade<\/a>. Il faudra se pr\u00e9parer \u00e0 un feu d\u2019artifice des puncheurs avec trois derni\u00e8res c\u00f4tes qui vont faire des d\u00e9g\u00e2ts. Christian Prudhomme, le directeur du Tour, pr\u00e9sente\u00a0: \u00abOn ne va pas monter le Galibier ou le Tourmalet dans le Nord, le Pas-de-Calais mais l\u2019arriv\u00e9e \u00e0 Boulogne se trouvera apr\u00e8s trois c\u00f4tes tr\u00e8s rudes dans les dix derniers kilom\u00e8tres. Ce sont des c\u00f4tes qui font \u00e0 peu pr\u00e8s un kilom\u00e8tre avec des pentes \u00e0 10-12%, parfois 15%.\u00bb Un final explosif.<\/p>\n<p>                                    <a class=\"fig-a11y-skip a11y-hidden\" href=\"#fig-a11y-skip-main-inarticle\"><br \/>\n        Passer la publicit\u00e9<br \/>\n    <\/a><\/p>\n<p class=\"fig-paragraph\"><strong>Qui va gagner\u00a0: <\/strong>On mise sur Wout van Aert, le coureur tout-terrain de l\u2019\u00e9quipe Visma Lease a Bike qui r\u00e9pondra avec brio aux premi\u00e8res banderilles dans cette \u00e9dition de Tadej Pogacar.<\/p>\n<p>    Le profil de la deuxi\u00e8me \u00e9tape.<br \/>\n                ASO<\/p>\n<p>La sixi\u00e8me \u00e9tape<\/p>\n<p class=\"fig-paragraph\"><strong>O\u00f9\u00a0:<\/strong> entre Bayeux et Vire Normandie (201,5 km)<br \/><strong>Quand\u00a0: <\/strong>le jeudi 10 juillet\u00a0<br \/><strong>Pourquoi\u00a0: <\/strong>un trac\u00e9 normand \u00e0 la sauce alpine\u00a0! Sur 201,5 km, le peloton va devoir avaler 3500 m\u00e8tres de d\u00e9nivel\u00e9 positif \u00e0 travers le Bessin, la Suisse normande et le bocage. Il faudra donc \u00eatre tr\u00e8s fort, notamment dans la derni\u00e8re des six difficult\u00e9s du jour, la c\u00f4te de Vaudry (1,2 km \u00e0 7,2%). Un passage bref et brutal comme les aiment les meilleurs baroudeurs.<\/p>\n<p class=\"fig-paragraph\"><strong>Qui va gagner\u00a0:<\/strong> la veille, le champion olympique du chrono\u00a0<a href=\"http:\/\/www.lefigaro.fr\/sports\/cyclisme\/tour-de-france\/tour-de-france-remco-evenepoel-veut-survivre-aux-dix-premiers-jours-avant-de-voir-plus-loin-20250702\" data-fig-type=\"NewsFlash\" data-gtm-custom-categorie=\"navigation\" data-gtm-custom-action=\"crossclick\" data-gtm-custom-label=\"Contextuel\" data-gtm-event=\"customEventSPE\" data-fig-domain=\"LEFIGARO\" target=\"_blank\" rel=\"noopener\">Remco Evenepoel<\/a>\u00a0aura sans doute mis tout le monde d\u2019accord sur le contre-la-montre de Caen. Tadej Pogacar prendra sa revanche. Le Slov\u00e8ne est trop joueur pour ne pas tenter sa chance sur le terrain accident\u00e9.<\/p>\n<p>    Le profil de la sixi\u00e8me \u00e9tape.<br \/>\n                ASO<\/p>\n<p>La dixi\u00e8me \u00e9tape<\/p>\n<p class=\"fig-paragraph\"><strong>O\u00f9\u00a0:<\/strong> entre Ennezat et Le Mont-Dore Puy de Sancy (165,3 km)<br \/><strong>Quand\u00a0: <\/strong>le lundi 14 juillet<\/p>\n<p class=\"fig-paragraph\"><strong>Pourquoi\u00a0: <\/strong>Apr\u00e8s une grosse premi\u00e8re semaine, place \u00e0 la premi\u00e8re explication en montagne de cette \u00e9dition le 14 juillet. Un menu indigeste pour le peloton qui aura le droit \u00e0 une journ\u00e9e de r\u00e9cup\u00e9ration bien m\u00e9rit\u00e9e le lendemain. Huit ascensions dont sept de deuxi\u00e8me cat\u00e9gorie (un record sur l\u2019\u00e9preuve) et 4500 m\u00e8tres de d\u00e9nivel\u00e9. Les favoris auront \u00e0 c\u0153ur de marquer les esprits dans le d\u00e9cor enchanteur de la r\u00e9gion du Puy-de-D\u00f4me avant d\u2019attaquer les redoutables Pyr\u00e9n\u00e9es.<\/p>\n<p>                                    <a class=\"fig-a11y-skip a11y-hidden\" href=\"#fig-a11y-skip-main-inarticle_mtf\"><br \/>\n        Passer la publicit\u00e9<br \/>\n    <\/a><\/p>\n<p class=\"fig-paragraph\"><strong>Qui va gagner\u00a0:<\/strong> le jeune Lenny Martinez (21 ans) a coch\u00e9 avec un feutre rouge cette journ\u00e9e de f\u00eate nationale sur son agenda mais Tadej Pogacar aura sans doute des fourmis dans les jambes avec ce premier test montagneux, histoire de tester l\u2019\u00e9tat de forme de la concurrence avant la haute montagne. On mise donc sur le Slov\u00e8ne.<\/p>\n<p>    Le profil de la dixi\u00e8me \u00e9tape.<br \/>\n                ASO<\/p>\n<p>La seizi\u00e8me \u00e9tape<\/p>\n<p class=\"fig-paragraph\"><strong>O\u00f9\u00a0:<\/strong> entre Montpellier et le Mont Ventoux (171,5 km)<br \/><strong>Quand\u00a0: <\/strong>le mardi 22 juillet<\/p>\n<p class=\"fig-paragraph\"><strong>Pourquoi\u00a0: <\/strong>incontournable et magique Mont Ventoux. Un classique du Tour de France avec son ascension de 15,7 km \u00e0 8,8% de moyenne pour rejoindre l\u2019Observatoire, sous le soleil et \u00e0 travers un paysage lunaire sans arbre. Tout coureur r\u00eave d\u2019accrocher le G\u00e9ant de Provence culminant \u00e0 1910 m \u00e0 son palmar\u00e8s. Cette \u00e9tape intervient apr\u00e8s un jour de repos et il est parfois difficile de relancer la machine apr\u00e8s cette pause.<\/p>\n<p class=\"fig-paragraph\"><strong>Qui va gagner\u00a0:<\/strong> la sc\u00e8ne id\u00e9ale pour un duel entre Pogacar et Vingegaard, \u00e9videmment. On se souvient qu\u2019en 2021 o\u00f9 le Mont Ventoux avait \u00e9t\u00e9 escalad\u00e9 deux fois, le Slov\u00e8ne avait \u00e9t\u00e9 distanc\u00e9 par le Danois avant de refaire son retard dans la descente (Wout van Aert s\u2019\u00e9tait impos\u00e9) mais les deux hommes se neutraliseront cette fois en attendant l\u2019\u00e9tape reine deux jours plus tard vers\u00a0<a href=\"http:\/\/www.lefigaro.fr\/sports\/cyclisme\/tour-de-france\/tour-de-france-2025-les-chiffres-de-la-grande-boucle-20241029\" data-fig-type=\"NewsFlash\" data-gtm-custom-categorie=\"navigation\" data-gtm-custom-action=\"crossclick\" data-gtm-custom-label=\"Contextuel\" data-gtm-event=\"customEventSPE\" data-fig-domain=\"LEFIGARO\" target=\"_blank\" rel=\"noopener\">le col de la Loze.<\/a>\u00a0Le poids plume Lenny Martinez (1,68 m et 52 kilos) prendra sa revanche et s\u2019imposera, s\u2019offrant la plus belle ligne de son palmar\u00e8s.<\/p>\n<p>    Le profil de la 16e \u00e9tape.<br \/>\n                ASO<\/p>\n<p>La dix-huiti\u00e8me \u00e9tape<\/p>\n<p class=\"fig-paragraph\"><strong>O\u00f9\u00a0:<\/strong> entre Vif et Courchevel-Col de la Loze (171,5 km)<br \/><strong>Quand\u00a0: <\/strong>le jeudi 24 juillet<\/p>\n<p>                                    <a class=\"fig-a11y-skip a11y-hidden\" href=\"#fig-a11y-skip-main-inarticle_btf\"><br \/>\n        Passer la publicit\u00e9<br \/>\n    <\/a><\/p>\n<p class=\"fig-paragraph\"><strong>Pourquoi\u00a0: <\/strong>quelle entr\u00e9e explosive dans les Alpes avec cette \u00e9tape reine de l\u2019\u00e9dition 2025. Col du Glandon suivi du col de la Madeleine avant la mont\u00e9e vers Courchevel et le col de la Loze. Un programme indigeste de 5450 m\u00e8tres de d\u00e9nivel\u00e9 et 70 km d\u2019ascension. Le Tour de France, s\u2019il n\u2019est pas jou\u00e9 avant cette journ\u00e9e, trouvera probablement son vainqueur dans les pentes menant \u00e0 Courchevel.<\/p>\n<p class=\"fig-paragraph\"><strong>Qui va gagner\u00a0:<\/strong> Jonas Vingegaard. L\u2019\u00e9quipe Visma Lease a Bike pourrait tenter un gros coup au cours de cette journ\u00e9e \u00e9puisante. On se souvient qu\u2019il y a deux ans, Pogacar avait craqu\u00e9 dans la derni\u00e8re ascension, abandonnant six minutes au maillot jaune&#8230; Les pentes sont dures et pourraient de nouveau convenir au leader de l\u2019\u00e9quipe n\u00e9erlandaise.<\/p>\n<p>    Le profil de la 18e \u00e9tape.<br \/>\n                ASO<\/p>\n<p><strong>La vingt et uni\u00e8me \u00e9tape\u00a0<\/strong><\/p>\n<p class=\"fig-paragraph\"><strong>O\u00f9\u00a0:<\/strong> entre Mantes-la-Ville et Paris (132,3 km)\u00a0<br \/><strong>Quand\u00a0: <\/strong>le dimanche 27 juillet<\/p>\n<p class=\"fig-paragraph\"><strong>Pourquoi\u00a0: <\/strong>le Tour de France va f\u00eater cette ann\u00e9e le cinquanti\u00e8me anniversaire de l\u2019arriv\u00e9e sur les Champs-\u00c9lys\u00e9es. Une c\u00e9l\u00e9bration un peu particuli\u00e8re puisque le trac\u00e9 va reprendre une partie du parcours olympique en grimpant \u00e0 trois reprises la Butte Montmartre.\u00a0<a href=\"http:\/\/www.lefigaro.fr\/sports\/cyclisme\/tour-de-france\/tour-de-france-2025-tous-contre-pogacar-la-jeune-garde-bleue-prete-a-mordre-montmartre-fausse-bonne-idee-la-112e-edition-en-dix-questions-20250702\" data-fig-type=\"Article\" data-gtm-custom-categorie=\"navigation\" data-gtm-custom-action=\"crossclick\" data-gtm-custom-label=\"Contextuel\" data-gtm-event=\"customEventSPE\" data-fig-domain=\"LEFIGARO\" target=\"_blank\" rel=\"noopener\">Un programme qui divise le peloton<\/a>, certains comme Jonas Vingegaard ou Wout van Aert estimant que ce d\u00e9tour va ajouter du stress inutile. Les sprinteurs ont du souci \u00e0 se faire car la derni\u00e8re ascension dans le nord de la capitale n\u2019est qu\u2019\u00e0 six kilom\u00e8tres de l\u2019arriv\u00e9e. \u00c7a va attaquer dans tous les sens.<\/p>\n<p class=\"fig-paragraph\"><strong>Qui va gagner\u00a0:<\/strong> Julian Alaphilippe. S\u2019il parvient \u00e0 garder un peu de jus apr\u00e8s le passage des Alpes, le chouchou des Fran\u00e7ais pourrait faire sauter la banque et r\u00e9server au public un fabuleux bouquet final en attaquant tardivement. Compte tenu des risques de chutes sur des routes \u00e9troites, le peloton devrait rester sage un bon moment dans les rues de Paris avant que les puncheurs ne tentent de faire sauter le cadenas mis en place par les \u00e9quipes de sprinters.<\/p>\n<p>    Le profil de la 21e \u00e9tape<br \/>\n                ASO<\/p>\n<p class=\"fig-paragraph\"><strong>\u00c0 VOIR AUSSI &#8211; <\/strong>Liverpool FC\u00a0: l\u2019hommage des fans des Reds \u00e0 Diogo Jota et Andr\u00e9 Silva<\/p>\n","protected":false},"excerpt":{"rendered":"Sur les 21 \u00e9tapes du Tour de France dont le d\u00e9part sera donn\u00e9 samedi, Le Figaro a retenu&hellip;\n","protected":false},"author":2,"featured_media":227950,"comment_status":"","ping_status":"","sticky":false,"template":"","format":"standard","meta":{"footnotes":""},"categories":[1411],"tags":[1154,207,1011,27,33550,60,1138],"class_list":{"0":"post-227949","1":"post","2":"type-post","3":"status-publish","4":"format-standard","5":"has-post-thumbnail","7":"category-cyclisme","8":"tag-cycling","9":"tag-cyclisme","10":"tag-fr","11":"tag-france","12":"tag-julian-alaphilippe","13":"tag-sports","14":"tag-tadej-pogacar"},"share_on_mastodon":{"url":"https:\/\/pubeurope.com\/@fr\/114800284332746069","error":""},"_links":{"self":[{"href":"https:\/\/www.europesays.com\/fr\/wp-json\/wp\/v2\/posts\/227949","targetHints":{"allow":["GET"]}}],"collection":[{"href":"https:\/\/www.europesays.com\/fr\/wp-json\/wp\/v2\/posts"}],"about":[{"href":"https:\/\/www.europesays.com\/fr\/wp-json\/wp\/v2\/types\/post"}],"author":[{"embeddable":true,"href":"https:\/\/www.europesays.com\/fr\/wp-json\/wp\/v2\/users\/2"}],"replies":[{"embeddable":true,"href":"https:\/\/www.europesays.com\/fr\/wp-json\/wp\/v2\/comments?post=227949"}],"version-history":[{"count":0,"href":"https:\/\/www.europesays.com\/fr\/wp-json\/wp\/v2\/posts\/227949\/revisions"}],"wp:featuredmedia":[{"embeddable":true,"href":"https:\/\/www.europesays.com\/fr\/wp-json\/wp\/v2\/media\/227950"}],"wp:attachment":[{"href":"https:\/\/www.europesays.com\/fr\/wp-json\/wp\/v2\/media?parent=227949"}],"wp:term":[{"taxonomy":"category","embeddable":true,"href":"https:\/\/www.europesays.com\/fr\/wp-json\/wp\/v2\/categories?post=227949"},{"taxonomy":"post_tag","embeddable":true,"href":"https:\/\/www.europesays.com\/fr\/wp-json\/wp\/v2\/tags?post=227949"}],"curies":[{"name":"wp","href":"https:\/\/api.w.org\/{rel}","templated":true}]}}