{"id":227955,"date":"2025-07-05T11:03:13","date_gmt":"2025-07-05T11:03:13","guid":{"rendered":"https:\/\/www.europesays.com\/fr\/227955\/"},"modified":"2025-07-05T11:03:13","modified_gmt":"2025-07-05T11:03:13","slug":"dans-les-coulisses-de-linstallation-de-lexposition-photographique-des-amis-de-la-nature","status":"publish","type":"post","link":"https:\/\/www.europesays.com\/fr\/227955\/","title":{"rendered":"dans les coulisses de l&rsquo;installation de l&rsquo;exposition photographique des Amis de la Nature"},"content":{"rendered":"<p>Sous une chaleur harassante, les photographes amateurs qui participent \u00e0 l&rsquo;activit\u00e9 photo propos\u00e9e par les Amis de la Nature ont mis en place une exposition photographique \u00e0 ciel ouvert. Sur un parcours d&rsquo;environ 300 m\u00e8tres, autour du chalet de la Beuille, pas moins de 61 photographies d\u00e9veloppent le th\u00e8me \u00ab\u00a0Merveilleuse nature\u00a0\u00bb. La dizaine de photographes a troqu\u00e9 les appareils photos avec les perceuses pour mettre en place ces agrandissements.<\/p>\n","protected":false},"excerpt":{"rendered":"Sous une chaleur harassante, les photographes amateurs qui participent \u00e0 l&rsquo;activit\u00e9 photo propos\u00e9e par les Amis de la&hellip;\n","protected":false},"author":2,"featured_media":227956,"comment_status":"","ping_status":"","sticky":false,"template":"","format":"standard","meta":{"footnotes":""},"categories":[1358],"tags":[47,1348,1384,1385,1386,58,1798,59,2271,107,1011,27,5325,2798,18924,104,1631,774],"class_list":{"0":"post-227955","1":"post","2":"type-post","3":"status-publish","4":"format-standard","5":"has-post-thumbnail","7":"category-arts-et-design","8":"tag-actualite","9":"tag-arts","10":"tag-arts-and-design","11":"tag-arts-et-design","12":"tag-design","13":"tag-divertissement","14":"tag-edition-remiremont-gerardmer","15":"tag-entertainment","16":"tag-exposition-arts-plastiques","17":"tag-fil-info","18":"tag-fr","19":"tag-france","20":"tag-galerie-media","21":"tag-galerie-photo","22":"tag-remiremont","23":"tag-societe","24":"tag-vie-associative","25":"tag-vosges"},"share_on_mastodon":{"url":"https:\/\/pubeurope.com\/@fr\/114800296247176707","error":""},"_links":{"self":[{"href":"https:\/\/www.europesays.com\/fr\/wp-json\/wp\/v2\/posts\/227955","targetHints":{"allow":["GET"]}}],"collection":[{"href":"https:\/\/www.europesays.com\/fr\/wp-json\/wp\/v2\/posts"}],"about":[{"href":"https:\/\/www.europesays.com\/fr\/wp-json\/wp\/v2\/types\/post"}],"author":[{"embeddable":true,"href":"https:\/\/www.europesays.com\/fr\/wp-json\/wp\/v2\/users\/2"}],"replies":[{"embeddable":true,"href":"https:\/\/www.europesays.com\/fr\/wp-json\/wp\/v2\/comments?post=227955"}],"version-history":[{"count":0,"href":"https:\/\/www.europesays.com\/fr\/wp-json\/wp\/v2\/posts\/227955\/revisions"}],"wp:featuredmedia":[{"embeddable":true,"href":"https:\/\/www.europesays.com\/fr\/wp-json\/wp\/v2\/media\/227956"}],"wp:attachment":[{"href":"https:\/\/www.europesays.com\/fr\/wp-json\/wp\/v2\/media?parent=227955"}],"wp:term":[{"taxonomy":"category","embeddable":true,"href":"https:\/\/www.europesays.com\/fr\/wp-json\/wp\/v2\/categories?post=227955"},{"taxonomy":"post_tag","embeddable":true,"href":"https:\/\/www.europesays.com\/fr\/wp-json\/wp\/v2\/tags?post=227955"}],"curies":[{"name":"wp","href":"https:\/\/api.w.org\/{rel}","templated":true}]}}