{"id":227957,"date":"2025-07-05T11:04:13","date_gmt":"2025-07-05T11:04:13","guid":{"rendered":"https:\/\/www.europesays.com\/fr\/227957\/"},"modified":"2025-07-05T11:04:13","modified_gmt":"2025-07-05T11:04:13","slug":"chloe-dalton-le-lievre-et-la-mordue-liberation","status":"publish","type":"post","link":"https:\/\/www.europesays.com\/fr\/227957\/","title":{"rendered":"Chloe Dalton, le li\u00e8vre et la mordue \u2013 Lib\u00e9ration"},"content":{"rendered":"<p class=\"sc-ksZaOG ehjQrN text-element\">Il mange du porridge, de la poire, fait un doux bruit, \u00abune sorte de chit-chit-chit \u00e0 peine audible\u00bb, tape sur les coussins avec sa patte et il sent le biscuit \u00e9cossais. Le petit animal venu habiter chez Chlo\u00e9 Dalton \u00e0 l\u2019\u00e9poque du confinement va bient\u00f4t occuper toute l\u2019attention de celle-ci et profond\u00e9ment bouleverser son rapport \u00e0 la nature environnante. Ce \u00ablevraut des neiges\u00bb n\u00e9 dans la campagne anglaise va conqu\u00e9rir le c\u0153ur de la conseill\u00e8re politique en stand-by et faire de sa maison un havre ouvert aux quatre vents.<\/p>\n<p class=\"sc-ksZaOG ehjQrN text-element\">L\u2019histoire d\u00e9bute comme un conte. Un jour de janvier Chlo\u00e9 Dalton d\u00e9couvre pr\u00e8s de la cl\u00f4ture de son jardin une petite b\u00eate grande comme sa paume, immobile sur le sol : \u00abIl se fondait si bien dans le paysage mort de l\u2019hiver que, si ce n\u2019\u00e9tait la rapidit\u00e9 avec laquelle ses flancs se soulevaient et s\u2019abaissaient, j\u2019aurais pu le confondre avec une pierre.\u00bb La m\u00e8re est invisible, Chlo\u00e9 Dalton va finir par emporter chez elle l\u2019animal nouveau n\u00e9 en l\u2019emballant dans des herbes. Commence cette chronique sur plusieurs ann\u00e9es d\u2019un attachement empreint de curiosit\u00e9 pour le \u00abli\u00e8vre merveilleux\u00bb.<\/p>\n<p class=\"sc-ksZaOG ehjQrN text-element\">Ce livre qui appartient au genre tr\u00e8s appr\u00e9ci\u00e9 en Angleterre du nature writing questionne la notion de fronti\u00e8re entre l\u2019homme et l\u2019animal. \u00abNous sommes \u00e0 la lisi\u00e8re\u00bb peut-on rappeler, en empruntant cette phrase-titre \u00e0 la romanci\u00e8re belge <a href=\"https:\/\/www.liberation.fr\/livres\/2019\/03\/15\/caroline-lamarche-la-cane-frappait-au-carreau_1715379\/\" targe=\"\" target=\"_blank\" rel=\"noopener\"><\/p>\n","protected":false},"excerpt":{"rendered":"Il mange du porridge, de la poire, fait un doux bruit, \u00abune sorte de chit-chit-chit \u00e0 peine audible\u00bb,&hellip;\n","protected":false},"author":2,"featured_media":227958,"comment_status":"","ping_status":"","sticky":false,"template":"","format":"standard","meta":{"footnotes":""},"categories":[1357],"tags":[1379,10488,58,59,1011,27,1380,473],"class_list":{"0":"post-227957","1":"post","2":"type-post","3":"status-publish","4":"format-standard","5":"has-post-thumbnail","7":"category-livres","8":"tag-books","9":"tag-cahier-livres","10":"tag-divertissement","11":"tag-entertainment","12":"tag-fr","13":"tag-france","14":"tag-livres","15":"tag-royaume-uni"},"share_on_mastodon":{"url":"https:\/\/pubeurope.com\/@fr\/114800300121108721","error":""},"_links":{"self":[{"href":"https:\/\/www.europesays.com\/fr\/wp-json\/wp\/v2\/posts\/227957","targetHints":{"allow":["GET"]}}],"collection":[{"href":"https:\/\/www.europesays.com\/fr\/wp-json\/wp\/v2\/posts"}],"about":[{"href":"https:\/\/www.europesays.com\/fr\/wp-json\/wp\/v2\/types\/post"}],"author":[{"embeddable":true,"href":"https:\/\/www.europesays.com\/fr\/wp-json\/wp\/v2\/users\/2"}],"replies":[{"embeddable":true,"href":"https:\/\/www.europesays.com\/fr\/wp-json\/wp\/v2\/comments?post=227957"}],"version-history":[{"count":0,"href":"https:\/\/www.europesays.com\/fr\/wp-json\/wp\/v2\/posts\/227957\/revisions"}],"wp:featuredmedia":[{"embeddable":true,"href":"https:\/\/www.europesays.com\/fr\/wp-json\/wp\/v2\/media\/227958"}],"wp:attachment":[{"href":"https:\/\/www.europesays.com\/fr\/wp-json\/wp\/v2\/media?parent=227957"}],"wp:term":[{"taxonomy":"category","embeddable":true,"href":"https:\/\/www.europesays.com\/fr\/wp-json\/wp\/v2\/categories?post=227957"},{"taxonomy":"post_tag","embeddable":true,"href":"https:\/\/www.europesays.com\/fr\/wp-json\/wp\/v2\/tags?post=227957"}],"curies":[{"name":"wp","href":"https:\/\/api.w.org\/{rel}","templated":true}]}}