{"id":227973,"date":"2025-07-05T11:13:09","date_gmt":"2025-07-05T11:13:09","guid":{"rendered":"https:\/\/www.europesays.com\/fr\/227973\/"},"modified":"2025-07-05T11:13:09","modified_gmt":"2025-07-05T11:13:09","slug":"apres-son-appel-avec-poutine-trump-menace-moscou-de-nouvelles-sanctions-liberation","status":"publish","type":"post","link":"https:\/\/www.europesays.com\/fr\/227973\/","title":{"rendered":"apr\u00e8s son appel avec Poutine, Trump menace Moscou de nouvelles sanctions \u2013 Lib\u00e9ration"},"content":{"rendered":"<p class=\"sc-ksZaOG ehjQrN text-element\">Donald Trump est \u00abtr\u00e8s m\u00e9content\u00bb. Le pr\u00e9sident am\u00e9ricain a \u00e9voqu\u00e9 vendredi 4 juillet au soir la possibilit\u00e9 de d\u00e9clencher de nouvelles sanctions contre la Russie en l\u2019absence de progr\u00e8s vers une fin de la guerre en Ukraine apr\u00e8s un dernier appel t\u00e9l\u00e9phonique infructueux la veille avec Vladimir Poutine.<\/p>\n<p class=\"sc-ksZaOG ehjQrN text-element\">De son c\u00f4t\u00e9, le Kremlin a estim\u00e9 qu\u2019il n\u2019\u00e9tait \u00abpas possible\u00bb pour l\u2019instant d\u2019\u00abatteindre\u00bb ses objectifs en Ukraine par la voie diplomatique, sous-entendant ainsi une poursuite des combats et des attaques face \u00e0 un adversaire en difficult\u00e9 sur le front.<\/p>\n<p class=\"sc-ksZaOG ehjQrN text-element\">Le pr\u00e9sident ukrainien, Volodymyr Zelensky, a pour sa part affirm\u00e9 <a href=\"https:\/\/www.liberation.fr\/international\/europe\/volodymyr-zelensky-et-donald-trump-parlent-defense-antiaerienne-apres-une-enorme-attaque-de-drones-russes-20250704_UFQ6CPW65BGL3JFIOMSFD6WKBI\/\" target=\"_blank\" rel=\"noopener\" title=\"https:\/\/www.liberation.fr\/international\/europe\/volodymyr-zelensky-et-donald-trump-parlent-defense-antiaerienne-apres-une-enorme-attaque-de-drones-russes-20250704_UFQ6CPW65BGL3JFIOMSFD6WKBI\/\">s\u2019\u00eatre mis d\u2019accord avec Donald Trump<\/a> sur la n\u00e9cessit\u00e9 de \u00abrenforcer la protection\u00bb du ciel de son pays, apr\u00e8s<a href=\"https:\/\/www.liberation.fr\/international\/europe\/lukraine-assure-que-la-russie-a-mene-lattaque-la-plus-massive-sur-son-sol-depuis-le-debut-de-la-guerre-20250704_AM5VYID4EREWTH3ZY2Y3AGH4D4\/\" target=\"_blank\" rel=\"noopener\" title=\"https:\/\/www.liberation.fr\/international\/europe\/lukraine-assure-que-la-russie-a-mene-lattaque-la-plus-massive-sur-son-sol-depuis-le-debut-de-la-guerre-20250704_AM5VYID4EREWTH3ZY2Y3AGH4D4\/\"> l\u2019attaque russe de drones la plus importante depuis le d\u00e9but de l\u2019invasion en f\u00e9vrier 2022<\/a>.<\/p>\n<p class=\"sc-ksZaOG ehjQrN text-element\">\u00abC\u2019est une situation tr\u00e8s difficile. Je vous ai dit que j\u2019\u00e9tais tr\u00e8s m\u00e9content de ma conversation avec le pr\u00e9sident Poutine. Il veut aller jusqu\u2019au bout, juste continuer de tuer des gens, ce n\u2019est pas bien\u00bb, a affirm\u00e9 Donald Trump \u00e0 la presse \u00e0 bord d\u2019Air Force One vendredi.<\/p>\n<p class=\"sc-ksZaOG ehjQrN text-element\">Le pr\u00e9sident am\u00e9ricain a laiss\u00e9 entendre qu\u2019il pourrait \u00eatre pr\u00eat \u00e0 durcir les sanctions contre Moscou, apr\u00e8s avoir \u00e9vit\u00e9 d\u2019y recourir depuis son retour \u00e0 la Maison Blanche en janvier, esp\u00e9rant persuader son homologue russe de mettre fin \u00e0 la guerre. \u00abNous parlons beaucoup des sanctions, a d\u00e9clar\u00e9 Trump \u00e0 propos de ses conversations avec Poutine. Il comprend que cela pourrait arriver.\u00bb<\/p>\n<p class=\"sc-ksZaOG ehjQrN text-element\">Donald Trump a ajout\u00e9 qu\u2019il avait eu par ailleurs un \u00abappel tr\u00e8s strat\u00e9gique\u00bb avec Zelensky vendredi, alors que les inqui\u00e9tudes grandissent \u00e0 Kyiv concernant <a href=\"https:\/\/www.liberation.fr\/international\/amerique\/gel-de-livraisons-darmes-a-lukraine-les-etats-unis-preservent-leur-stock-exposant-leur-allie-au-feu-russe-20250702_Z3LJ3RTGCZF3FL4DZN3UO3XVMU\/\" target=\"_blank\" rel=\"noopener\" title=\"https:\/\/www.liberation.fr\/international\/amerique\/gel-de-livraisons-darmes-a-lukraine-les-etats-unis-preservent-leur-stock-exposant-leur-allie-au-feu-russe-20250702_Z3LJ3RTGCZF3FL4DZN3UO3XVMU\/\">les livraisons d\u2019aide militaire am\u00e9ricaine<\/a>. Le pr\u00e9sident ukrainien a \u00e9voqu\u00e9 une discussion \u00abapprofondie\u00bb au cours de laquelle les deux dirigeants se sont mis d\u2019accord pour travailler \u00e0 \u00abrenforcer\u00bb les d\u00e9fenses a\u00e9riennes de l\u2019Ukraine, apr\u00e8s la plus grande attaque de drones et de missiles subie par l\u2019Ukraine depuis le d\u00e9but de l\u2019invasion russe vendredi. <\/p>\n<p class=\"sc-ksZaOG ehjQrN text-element\">Donald Trump a dit avoir \u00e9galement discut\u00e9 de l\u2019envoi de syst\u00e8mes de d\u00e9fense a\u00e9rienne Patriot en Ukraine lors d\u2019un appel distinct avec <a href=\"https:\/\/www.liberation.fr\/international\/europe\/le-chancelier-allemand-friedrich-merz-espoir-tres-fragile-des-europeens-20250505_C6XNNK5IFZED5JQ4FRGMENY52M\/\" target=\"_blank\" rel=\"noopener\" title=\"https:\/\/www.liberation.fr\/international\/europe\/le-chancelier-allemand-friedrich-merz-espoir-tres-fragile-des-europeens-20250505_C6XNNK5IFZED5JQ4FRGMENY52M\/\">le chancelier allemand, Friedrich Merz<\/a>, vendredi, m\u00eame s\u2019il n\u2019avait pas d\u00e9cid\u00e9 encore de fournir cet \u00e9quipement cl\u00e9.<\/p>\n<p class=\"sc-ksZaOG ehjQrN text-element\">Cette s\u00e9rie d\u2019\u00e9changes du pr\u00e9sident am\u00e9ricain intervient \u00e0 un moment o\u00f9 <a href=\"https:\/\/www.liberation.fr\/international\/europe\/il-avait-un-coeur-tres-doux-a-kyiv-le-douloureux-deuil-des-adolescents-20250702_OG4TFZSPOJCGRIRGYSQZE25ACA\/\" target=\"_blank\" rel=\"noopener\" title=\"https:\/\/www.liberation.fr\/international\/europe\/il-avait-un-coeur-tres-doux-a-kyiv-le-douloureux-deuil-des-adolescents-20250702_OG4TFZSPOJCGRIRGYSQZE25ACA\/\">les villes d\u2019Ukraine continuent de subir les frappes russes<\/a> face au manque de syst\u00e8mes de d\u00e9fense antia\u00e9rienne pour couvrir efficacement l\u2019ensemble du territoire.<\/p>\n<p class=\"sc-ksZaOG ehjQrN text-element\">Preuve de l\u2019impasse dans laquelle se trouvent les pourparlers de paix malgr\u00e9 leur reprise en mai, Donald Trump avait d\u00e9j\u00e0 avou\u00e9 jeudi n\u2019avoir fait \u00abaucun progr\u00e8s\u00bb pendant son entretien avec Poutine.<\/p>\n<p class=\"sc-ksZaOG ehjQrN text-element\">Le troisi\u00e8me cycle de pourparlers directs entre Russes et Ukrainiens n\u2019a d\u2019ailleurs toujours pas \u00e9t\u00e9 annonc\u00e9, <a href=\"https:\/\/www.liberation.fr\/international\/la-russie-et-lukraine-entament-un-deuxieme-round-de-pourparlers-a-istanbul-20250602_CNC7KM22INAH7CSGS7QLLLUKGY\/\" target=\"_blank\" rel=\"noopener\" title=\"https:\/\/www.liberation.fr\/international\/la-russie-et-lukraine-entament-un-deuxieme-round-de-pourparlers-a-istanbul-20250602_CNC7KM22INAH7CSGS7QLLLUKGY\/\">un mois apr\u00e8s une derni\u00e8re r\u00e9union peu fructueuse en Turquie<\/a>. Vladimir Poutine exige toujours que l\u2019Ukraine c\u00e8de quatre r\u00e9gions, en plus de la Crim\u00e9e annex\u00e9e en 2014, et qu\u2019elle renonce \u00e0 rejoindre l\u2019Otan. Des conditions inacceptables pour l\u2019Ukraine, qui demande le retrait des troupes russes.<\/p>\n","protected":false},"excerpt":{"rendered":"Donald Trump est \u00abtr\u00e8s m\u00e9content\u00bb. Le pr\u00e9sident am\u00e9ricain a \u00e9voqu\u00e9 vendredi 4 juillet au soir la possibilit\u00e9 de&hellip;\n","protected":false},"author":2,"featured_media":227974,"comment_status":"","ping_status":"","sticky":false,"template":"","format":"standard","meta":{"footnotes":""},"categories":[5],"tags":[11,75,1011,27,4710,14,12,132,220,297,135,134,28],"class_list":{"0":"post-227973","1":"post","2":"type-post","3":"status-publish","4":"format-standard","5":"has-post-thumbnail","7":"category-international","8":"tag-actualites","9":"tag-donald-trump","10":"tag-fr","11":"tag-france","12":"tag-friedrich-merz","13":"tag-international","14":"tag-news","15":"tag-russie","16":"tag-ukraine","17":"tag-ukraine-la-crise","18":"tag-vladimir-poutine","19":"tag-volodymyr-zelensky","20":"tag-world"},"share_on_mastodon":{"url":"https:\/\/pubeurope.com\/@fr\/114800335538940149","error":""},"_links":{"self":[{"href":"https:\/\/www.europesays.com\/fr\/wp-json\/wp\/v2\/posts\/227973","targetHints":{"allow":["GET"]}}],"collection":[{"href":"https:\/\/www.europesays.com\/fr\/wp-json\/wp\/v2\/posts"}],"about":[{"href":"https:\/\/www.europesays.com\/fr\/wp-json\/wp\/v2\/types\/post"}],"author":[{"embeddable":true,"href":"https:\/\/www.europesays.com\/fr\/wp-json\/wp\/v2\/users\/2"}],"replies":[{"embeddable":true,"href":"https:\/\/www.europesays.com\/fr\/wp-json\/wp\/v2\/comments?post=227973"}],"version-history":[{"count":0,"href":"https:\/\/www.europesays.com\/fr\/wp-json\/wp\/v2\/posts\/227973\/revisions"}],"wp:featuredmedia":[{"embeddable":true,"href":"https:\/\/www.europesays.com\/fr\/wp-json\/wp\/v2\/media\/227974"}],"wp:attachment":[{"href":"https:\/\/www.europesays.com\/fr\/wp-json\/wp\/v2\/media?parent=227973"}],"wp:term":[{"taxonomy":"category","embeddable":true,"href":"https:\/\/www.europesays.com\/fr\/wp-json\/wp\/v2\/categories?post=227973"},{"taxonomy":"post_tag","embeddable":true,"href":"https:\/\/www.europesays.com\/fr\/wp-json\/wp\/v2\/tags?post=227973"}],"curies":[{"name":"wp","href":"https:\/\/api.w.org\/{rel}","templated":true}]}}