{"id":227981,"date":"2025-07-05T11:18:12","date_gmt":"2025-07-05T11:18:12","guid":{"rendered":"https:\/\/www.europesays.com\/fr\/227981\/"},"modified":"2025-07-05T11:18:12","modified_gmt":"2025-07-05T11:18:12","slug":"la-mention-couronne-le-parcours-du-combattant-dadrien-autiste-asperger","status":"publish","type":"post","link":"https:\/\/www.europesays.com\/fr\/227981\/","title":{"rendered":"la mention couronne le parcours du combattant d\u2019Adrien, autiste Asperger"},"content":{"rendered":"<p>L\u2019heure \u00e9tait attendue avec une impatience non feinte. \u00c0 12\u00a0h\u00a030, ce vendredi, Adrien, 18 ans, a pu laisser \u00e9clater sa joie. Sa famille aussi, du reste. Comme d\u2019autres lyc\u00e9ens, il fait partie de la promo 2025 du baccalaur\u00e9at g\u00e9n\u00e9ral.<\/p>\n<p>Pour le jeune homme habitant H\u00e9rim\u00e9nil, dans le Lun\u00e9villois, le dipl\u00f4me \u00e0 une saveur particuli\u00e8re. Le bac prend m\u00eame des allures de victoire.<\/p>\n<p>Diagnostiqu\u00e9 autiste Asperger tr\u00e8s t\u00f4t, sa scolarit\u00e9 n\u2019a&#8230;<\/p>\n","protected":false},"excerpt":{"rendered":"L\u2019heure \u00e9tait attendue avec une impatience non feinte. \u00c0 12\u00a0h\u00a030, ce vendredi, Adrien, 18 ans, a pu laisser&hellip;\n","protected":false},"author":2,"featured_media":227982,"comment_status":"","ping_status":"","sticky":false,"template":"","format":"standard","meta":{"footnotes":""},"categories":[9635],"tags":[1111,11,3599,1707,1704,1057,1777,674,10961,1011,27,775,1702,1703,12,25,71],"class_list":{"0":"post-227981","1":"post","2":"type-post","3":"status-publish","4":"format-standard","5":"has-post-thumbnail","7":"category-nancy","8":"tag-actu","9":"tag-actualites","10":"tag-college-lycee","11":"tag-edition-luneville","12":"tag-edition-nancy-et-agglomeration","13":"tag-education","14":"tag-eu","15":"tag-europe","16":"tag-examen-diplome","17":"tag-fr","18":"tag-france","19":"tag-grand-est","20":"tag-nancy","21":"tag-nancy-ville-54b","22":"tag-news","23":"tag-republique-francaise","24":"tag-sante"},"share_on_mastodon":{"url":"https:\/\/pubeurope.com\/@fr\/114800355148530974","error":""},"_links":{"self":[{"href":"https:\/\/www.europesays.com\/fr\/wp-json\/wp\/v2\/posts\/227981","targetHints":{"allow":["GET"]}}],"collection":[{"href":"https:\/\/www.europesays.com\/fr\/wp-json\/wp\/v2\/posts"}],"about":[{"href":"https:\/\/www.europesays.com\/fr\/wp-json\/wp\/v2\/types\/post"}],"author":[{"embeddable":true,"href":"https:\/\/www.europesays.com\/fr\/wp-json\/wp\/v2\/users\/2"}],"replies":[{"embeddable":true,"href":"https:\/\/www.europesays.com\/fr\/wp-json\/wp\/v2\/comments?post=227981"}],"version-history":[{"count":0,"href":"https:\/\/www.europesays.com\/fr\/wp-json\/wp\/v2\/posts\/227981\/revisions"}],"wp:featuredmedia":[{"embeddable":true,"href":"https:\/\/www.europesays.com\/fr\/wp-json\/wp\/v2\/media\/227982"}],"wp:attachment":[{"href":"https:\/\/www.europesays.com\/fr\/wp-json\/wp\/v2\/media?parent=227981"}],"wp:term":[{"taxonomy":"category","embeddable":true,"href":"https:\/\/www.europesays.com\/fr\/wp-json\/wp\/v2\/categories?post=227981"},{"taxonomy":"post_tag","embeddable":true,"href":"https:\/\/www.europesays.com\/fr\/wp-json\/wp\/v2\/tags?post=227981"}],"curies":[{"name":"wp","href":"https:\/\/api.w.org\/{rel}","templated":true}]}}