{"id":22799,"date":"2025-04-13T18:24:08","date_gmt":"2025-04-13T18:24:08","guid":{"rendered":"https:\/\/www.europesays.com\/fr\/22799\/"},"modified":"2025-04-13T18:24:08","modified_gmt":"2025-04-13T18:24:08","slug":"les-vols-avec-violence-dans-les-transports-en-commun-en-baisse-de-32","status":"publish","type":"post","link":"https:\/\/www.europesays.com\/fr\/22799\/","title":{"rendered":"les vols avec violence dans les transports en commun en baisse de 32%"},"content":{"rendered":"<p>                             Par Le Figaro avec AFP<\/p>\n<p>\n            Publi\u00e9<br \/>\n                le 13 avril 2025 \u00e0 14h59,<br \/>\n                 mis \u00e0 jour le 13 avril 2025 \u00e0 15h26<\/p>\n<p>\u00a0\u00bb<br \/>\n        data-script=\u00a0\u00bbhttps:\/\/static.lefigaro.fr\/widget-video\/short-ttl\/video\/index.js\u00a0\u00bb<br \/>\n    &gt;<\/p>\n<p>Le pr\u00e9fet de police Laurent Nu\u00f1ez a pr\u00e9sent\u00e9 ce dimanche un bilan de l\u2019\u00e9volution des vols et violences ces six derniers mois dans l\u2019agglom\u00e9ration parisienne.<\/p>\n<p class=\"fig-paragraph\">Le pr\u00e9fet de police\u00a0<a href=\"http:\/\/www.lefigaro.fr\/flash-actu\/la-delinquance-a-paris-reste-structurellement-elevee-malgre-des-chiffres-a-la-baisse-concede-laurent-nunez-20250207\" data-fig-type=\"NewsFlash\" data-gtm-custom-categorie=\"navigation\" data-gtm-custom-action=\"crossclick\" data-gtm-custom-label=\"Contextuel\" data-gtm-event=\"customEventSPE\" data-fig-domain=\"LEFIGARO\" rel=\"nofollow noopener\" target=\"_blank\">Laurent Nu\u00f1ez<\/a>\u00a0a fait \u00e9tat ce dimanche de \u00abr\u00e9sultats tangibles\u00bb sur les six derniers mois concernant la\u00a0<a href=\"http:\/\/www.lefigaro.fr\/actualite-france\/cambriolages-violences-vols-avec-armes-la-delinquance-2024-en-france-ville-par-ville-20250327\" data-fig-type=\"Article\" data-gtm-custom-categorie=\"navigation\" data-gtm-custom-action=\"crossclick\" data-gtm-custom-label=\"Contextuel\" data-gtm-event=\"customEventSPE\" data-fig-domain=\"LEFIGARO\" rel=\"nofollow noopener\" target=\"_blank\">lutte contre la d\u00e9linquance<\/a>\u00a0\u00e0 Paris et son agglom\u00e9ration, citant notamment une baisse de 32% des vols avec violence dans les transports en commun. \u00abSur le bilan des six derniers mois, ce sont des tendances que nous connaissions avant, mais qui ont augment\u00e9 de mani\u00e8re assez significative\u00bb, a comment\u00e9 Laurent Nu\u00f1ez lors du Grand rendez-vous Europe 1 \/ CNews \/ Les \u00c9chos.<\/p>\n<p class=\"fig-paragraph\">Les chiffres pr\u00e9sent\u00e9s par le pr\u00e9fet montrent 21,6% de\u00a0<a href=\"http:\/\/www.lefigaro.fr\/faits-divers\/cambriolage-dans-une-maison-du-youtubeur-inoxtag-la-garde-a-vue-du-rappeur-landy-levee-sans-poursuites-20250320\" data-fig-type=\"NewsFlash\" data-gtm-custom-categorie=\"navigation\" data-gtm-custom-action=\"crossclick\" data-gtm-custom-label=\"Contextuel\" data-gtm-event=\"customEventSPE\" data-fig-domain=\"LEFIGARO\" rel=\"nofollow noopener\" target=\"_blank\">cambriolages\u00a0<\/a>de domicile en moins sur l&rsquo;agglom\u00e9ration (Paris et les trois d\u00e9partements de petite couronne, Hauts-de-Seine, Seine-Saint-Denis et Val-de-Marne) et 24,6% en moins sur Paris intra-muros. Les vols violents sont en baisse de 18% sur l&rsquo;agglom\u00e9ration et de 23% sur Paris.<\/p>\n<p>120.000 vols en 2023 dans les transports<\/p>\n<p class=\"fig-paragraph\">Dans les\u00a0<a href=\"http:\/\/www.lefigaro.fr\/conjoncture\/un-manque-a-gagner-colossal-la-difficile-bataille-pour-enrayer-la-fraude-dans-les-transports-en-commun-20241202\" data-fig-type=\"NewsFlash\" data-gtm-custom-categorie=\"navigation\" data-gtm-custom-action=\"crossclick\" data-gtm-custom-label=\"Contextuel\" data-gtm-event=\"customEventSPE\" data-fig-domain=\"LEFIGARO\" rel=\"nofollow noopener\" target=\"_blank\">transports en commun<\/a>, le bilan marque une baisse de 17,6% pour les violences aux personnes, de 32% pour les vols avec violence, de 14,6% pour les vols \u00e0 la tire et de 18,2% pour les vols \u00e0 la tire \u00e0 Paris. \u00abOn a des r\u00e9sultats qui sont tangibles\u00bb, s&rsquo;est f\u00e9licit\u00e9 le pr\u00e9fet, pr\u00e9cisant que la d\u00e9linquance dans les transports \u00e0 Paris et petite couronne repr\u00e9sente \u00abun tiers du bilan national\u00bb, qui a \u00e9t\u00e9 pr\u00e9sent\u00e9 jeudi par le ministre de l&rsquo;Int\u00e9rieur Bruno Retailleau.<\/p>\n<p class=\"fig-paragraph\">Selon le minist\u00e8re, 120.000 vols ont eu lieu en 2023 dans les transports. Concernant la d\u00e9linquance, les faits relev\u00e9s \u00e0 Paris et son agglom\u00e9ration constituent 20% du bilan national. \u00abOn fait baisser la d\u00e9linquance de mani\u00e8re significative mais, au moins pour l&rsquo;agglom\u00e9ration parisienne, elle reste structurellement \u00e0 un niveau assez \u00e9lev\u00e9 donc il faut poursuivre cette baisse\u00bb, a-t-il assur\u00e9.<\/p>\n<p class=\"fig-paragraph\">Le pr\u00e9fet de police a \u00e9galement soulign\u00e9 que, sur les six derniers mois, les interpellations d&rsquo;\u00e9trangers en situation irr\u00e9guli\u00e8re (ESI) avaient augment\u00e9 de 9%, et les retraits de titres aux \u00e9trangers mena\u00e7ant l&rsquo;ordre public avaient bondi de 169%.<\/p>\n","protected":false},"excerpt":{"rendered":"Par Le Figaro avec AFP Publi\u00e9 le 13 avril 2025 \u00e0 14h59, mis \u00e0 jour le 13 avril&hellip;\n","protected":false},"author":2,"featured_media":22800,"comment_status":"","ping_status":"","sticky":false,"template":"","format":"standard","meta":{"footnotes":""},"categories":[1888],"tags":[1111,1928,47,1058,1054,1059,1060,1055,11,1927,1057,1777,674,118,1011,27,1061,303,5454,12,1926,626,1925,1062,25,656,104,1056,809],"class_list":{"0":"post-22799","1":"post","2":"type-post","3":"status-publish","4":"format-standard","5":"has-post-thumbnail","7":"category-paris","8":"tag-actu","9":"tag-actu-paris","10":"tag-actualite","11":"tag-actualite-education","12":"tag-actualite-france","13":"tag-actualite-justice","14":"tag-actualite-securite","15":"tag-actualite-societe","16":"tag-actualites","17":"tag-actualites-paris","18":"tag-education","19":"tag-eu","20":"tag-europe","21":"tag-faits-divers","22":"tag-fr","23":"tag-france","24":"tag-immigration","25":"tag-justice","26":"tag-laurent-nunez","27":"tag-news","28":"tag-news-paris","29":"tag-paris","30":"tag-paris-news","31":"tag-polemique","32":"tag-republique-francaise","33":"tag-securite","34":"tag-societe","35":"tag-societe-francaise","36":"tag-violence"},"share_on_mastodon":{"url":"https:\/\/pubeurope.com\/@fr\/114332058785252953","error":""},"_links":{"self":[{"href":"https:\/\/www.europesays.com\/fr\/wp-json\/wp\/v2\/posts\/22799","targetHints":{"allow":["GET"]}}],"collection":[{"href":"https:\/\/www.europesays.com\/fr\/wp-json\/wp\/v2\/posts"}],"about":[{"href":"https:\/\/www.europesays.com\/fr\/wp-json\/wp\/v2\/types\/post"}],"author":[{"embeddable":true,"href":"https:\/\/www.europesays.com\/fr\/wp-json\/wp\/v2\/users\/2"}],"replies":[{"embeddable":true,"href":"https:\/\/www.europesays.com\/fr\/wp-json\/wp\/v2\/comments?post=22799"}],"version-history":[{"count":0,"href":"https:\/\/www.europesays.com\/fr\/wp-json\/wp\/v2\/posts\/22799\/revisions"}],"wp:featuredmedia":[{"embeddable":true,"href":"https:\/\/www.europesays.com\/fr\/wp-json\/wp\/v2\/media\/22800"}],"wp:attachment":[{"href":"https:\/\/www.europesays.com\/fr\/wp-json\/wp\/v2\/media?parent=22799"}],"wp:term":[{"taxonomy":"category","embeddable":true,"href":"https:\/\/www.europesays.com\/fr\/wp-json\/wp\/v2\/categories?post=22799"},{"taxonomy":"post_tag","embeddable":true,"href":"https:\/\/www.europesays.com\/fr\/wp-json\/wp\/v2\/tags?post=22799"}],"curies":[{"name":"wp","href":"https:\/\/api.w.org\/{rel}","templated":true}]}}