{"id":227995,"date":"2025-07-05T11:27:27","date_gmt":"2025-07-05T11:27:27","guid":{"rendered":"https:\/\/www.europesays.com\/fr\/227995\/"},"modified":"2025-07-05T11:27:27","modified_gmt":"2025-07-05T11:27:27","slug":"deux-policiers-municipaux-lourdement-sanctionnes-pour-avoir-fait-leur-travail","status":"publish","type":"post","link":"https:\/\/www.europesays.com\/fr\/227995\/","title":{"rendered":"DEUX POLICIERS MUNICIPAUX LOURDEMENT SANCTIONN\u00c9S POUR AVOIR FAIT LEUR TRAVAIL"},"content":{"rendered":"<p>Posted On 5 juillet 2025 <\/p>\n<p>La majorit\u00e9 municipale grenobloise sait faire preuve d&rsquo;autorit\u00e9 et sanctionner. Elle ne craint personne. Ainsi cette semaine le Conseil de discipline s&rsquo;est r\u00e9uni sans tarder et a jug\u00e9 coupable deux policiers que le terrible <a href=\"https:\/\/grenoble-le-changement.fr\/2021\/12\/31\/pierre-meriaux-larrogance-dans-la-mediocrite\/\" target=\"_blank\" rel=\"noopener\">Pierre M\u00e9riaux, Adjoint<\/a> ( Verts\/LFI) au Personnel\u00a0 a fait comparaitre. Cet \u00e9lu, ancien Inspecteur du Travail anti-patron, <a href=\"https:\/\/grenoble-le-changement.fr\/2025\/05\/14\/les-agents-communaux-aussi-se-revoltent-contre-la-municipalite\/\" target=\"_blank\" rel=\"noopener\">m\u00e8ne le personnel \u00e0 la baguette<\/a>. La ville d\u00e9pense 250 000 \u20ac chaque ann\u00e9e en proc\u00e9dures, nombre d&rsquo;entre elles concernant le personnel avec lequel tout dialogue est rompu.\u00a0<\/p>\n<p>Un climat d<a href=\"https:\/\/grenoble-le-changement.fr\/2025\/06\/28\/le-retour-des-methodes-immondes-pour-disqualifier-les-critiques-des-verts-lfi\/\" target=\"_blank\" rel=\"noopener\">e peur et de d\u00e9lation a \u00e9t\u00e9 instaur\u00e9 \u00e0 Grenoble<\/a> correspondant pleinement \u00e0 la culture de l&rsquo;extr\u00eame gauche qui entend <a href=\"https:\/\/grenoble-le-changement.fr\/2025\/05\/20\/la-majorite-municipale-menace-les-collectifs-qui-manifestent\/\" target=\"_blank\" rel=\"noopener\">r\u00e9gner par une sorte de terreur.<\/a> Sa terreur ne s&rsquo;exerce<a href=\"https:\/\/grenoble-le-changement.fr\/2025\/04\/20\/la-municipalite-veut-eliminer-les-citoyens-genants\/\" target=\"_blank\" rel=\"noopener\"> jamais contre les d\u00e9linquants.<\/a><\/p>\n<p><img decoding=\"async\" data-id=\"77461\" src=\"https:\/\/i2.wp.com\/grenoble-le-changement.fr\/wp-content\/uploads\/2024\/10\/Police-Victor-Hugo-.-a-scaled.jpeg?w=678&amp;ssl=1\" alt=\"\" class=\"wp-image-77461 jetpack-lazy-image\" data-recalc-dims=\"1\" data-lazy-src=\"https:\/\/www.europesays.com\/fr\/wp-content\/uploads\/2025\/07\/Police-Victor-Hugo-.-a-scaled.jpeg\" \/><br \/>\nla Police Municipale a \u00e9t\u00e9 r\u00e9duite \u00e0 presque rien en effectifs et en moyens d&rsquo;agir <\/p>\n<p><strong>5 <b>\u00c9<\/b>LUS DE LA MAJORIT<b>\u00c9<\/b> MUNICIPALE DANS LE CONSEIL DE DISCIPLINE<\/strong><\/p>\n<p>Le Conseil de discipline qui comprend 5 \u00e9lus de la majorit\u00e9 municipale, a eu la main extr\u00eamement lourde contre deux policiers chevronn\u00e9s, dont un chef de service. En effet apr\u00e8s avoir constat\u00e9 plusieurs infractions d&rsquo;un automobiliste et un refus d&rsquo;obtemp\u00e9rer, ces deux policiers ont d\u00e9cid\u00e9 de \u00a0\u00bb poursuivre sa progression\u00a0\u00bb comme on dit en langage policier , c&rsquo;est \u00e0 dire ne pas se lancer \u00e0 sa poursuite, mais de le suivre \u00e0 distance.\u00a0<\/p>\n<p><strong>ILS ATTENDAIENT UN CONTACT POUR SUSPENDRE LA SURVEILLANCE<\/strong><\/p>\n<p>En attendant des consignes d&rsquo;un OPJ, un Officier de Police Judiciaire habilit\u00e9 \u00e0 leur donner l&rsquo;ordre de continuer ou de suspendre la surveillance. En attendant de pouvoir joindre cet OPJ , car ils n&rsquo;obtenaient pas de r\u00e9ponse, ils ont maintenu la surveillance. Quels reproches auraient ils encourus, en effet ,s&rsquo;ils avaient interrompu et que l&rsquo;OPJ leur avait demand\u00e9 de poursuivre, la voiture \u00e9tant fich\u00e9e?<\/p>\n<p>L&rsquo;incident s&rsquo;\u00e9tant produit \u00e0 la sortie de Grenoble, route de Lyon, ils ont suivi la voiture \u00e0 distance jusqu&rsquo;\u00e0 Voreppe estimant qu&rsquo;\u00e0 un moment donn\u00e9 l&rsquo;OPJ donnerait le relais \u00e0 la gendarmerie. Ils ont du renoncer. Pour cet acte qui m\u00e9riterait la m\u00e9daille du d\u00e9vouement \u00e0 la cause publique , ils ont \u00e9t\u00e9 tr\u00e8s durement sanctionn\u00e9s car sortis du territoire de Grenoble!\u00a0<\/p>\n<p><img decoding=\"async\" data-id=\"51031\" src=\"https:\/\/i1.wp.com\/grenoble-le-changement.fr\/wp-content\/uploads\/2021\/12\/meriaux.png?w=678&amp;ssl=1\" alt=\"\" class=\"wp-image-51031 jetpack-lazy-image\" data-recalc-dims=\"1\" data-lazy-src=\"https:\/\/www.europesays.com\/fr\/wp-content\/uploads\/2025\/07\/meriaux.png\" \/><\/p>\n<p><img decoding=\"async\" data-id=\"61019\" src=\"https:\/\/i1.wp.com\/grenoble-le-changement.fr\/wp-content\/uploads\/2023\/04\/M.Tavel-.png?w=678&amp;ssl=1\" alt=\"\" class=\"wp-image-61019 jetpack-lazy-image\" data-recalc-dims=\"1\" data-lazy-src=\"https:\/\/www.europesays.com\/fr\/wp-content\/uploads\/2025\/07\/M.Tavel-.png\" \/><br \/>\nPierre M\u00e9riaux Adjoint au Personnel et Maud Tavel , adjointe \u00e0 la \u00a0\u00bb tranquillit\u00e9 : ces deux \u00e9lus Verts\/LFI pr\u00e9f\u00e8rent s&rsquo;attaquer \u00e0 leurs policiers municipaux, c&rsquo;est moins dangereux que les d\u00e9linquants <\/p>\n<p><strong>24 et 6 MOIS DE MISES \u00e0 PIEDS SANS SALAIRE<\/strong><\/p>\n<p>Le Conseil de Discipline a prononc\u00e9 24 mois de mise \u00e0 pieds sans salaire au chef de service et 6 mois sans salaire \u00e9galement \u00e0 son coll\u00e8gue. Des p\u00e8res de famille dont c&rsquo;est \u00e9videmment le seul revenu. Dans une police municipale grenobloise d\u00e9capit\u00e9e par les d\u00e9parts , si bien qu&rsquo;il reste moins de 10 policiers sur la voie publique dans la journ\u00e9e et personne le soir, sauf exception par heures suppl\u00e9mentaires.\u00a0<\/p>\n<p><strong>LES DEALERS NE SONT PAS SANCTIONN<b>\u00c9<\/b>S\u00a0<\/strong><\/p>\n<p>A Grenoble les mafias Roms qui exploitent la mis\u00e8re, les dealers <a href=\"https:\/\/grenoble-le-changement.fr\/2023\/11\/22\/mistral-la-salle-municipale-devient-un-centre-daction-des-delinquants\/\" target=\"_blank\" rel=\"noopener\">qui saccagent la salle de r\u00e9union de Mistral,<\/a> ceux qui occupent les halls d&rsquo;immeubles &#8211; passible d&rsquo;amendes- ne sont pas poursuivis.\u00a0 Les dealers condamn\u00e9s ne sont pas expuls\u00e9s des HLM,<a href=\"https:\/\/grenoble-le-changement.fr\/2025\/06\/15\/linquietante-penetration-des-mafias-dans-les-organismes-publics\/\" target=\"_blank\" rel=\"noopener\"> les liens jusque dans les organismes publics.<\/a> La municipalit\u00e9 refuse de se faire communiquer la liste des condamn\u00e9s dont le Parquet informe la Caisse d&rsquo;Allocations Familiales ( CAF) pour faire suspendre les allocations.\u00a0<\/p>\n<p><strong>LA VILLA KAMINSKI EST OCCUP<b>\u00c9<\/b>E PAR L&rsquo;ULTRA GAUCHE<\/strong><\/p>\n<p>L&rsquo;Ultra gauche peut occuper <a href=\"https:\/\/grenoble-le-changement.fr\/2024\/06\/18\/larbre-de-la-tour-perret-pour-cacher-labandon-de-la-ville\/\" target=\"_blank\" rel=\"noopener\">sans droit ni titre depuis 10 ans la villa Kaminski,<\/a> propri\u00e9t\u00e9 de la ville,\u00a0 102 rue d&rsquo;Alembert, la d\u00e9truire consciencieusement , aucun \u00a0\u00bb Conseil de discipline \u00a0\u00bb ne viendra troubler la qui\u00e9tude de leurs actions illicites dans Grenoble.\u00a0<\/p>\n<p><strong>UNE POLICE MUNICIPALE NON ARM<b>\u00c9<\/b>E, SANCTIONN<b>\u00c9<\/b>E PAR LES <b>\u00c9<\/b>LUS ROUGE\/VERTS<\/strong><\/p>\n<p>Mais deux policiers qui cherchent \u00e0 faire leur devoir pour tenter d&rsquo;am\u00e9liorer la s\u00e9curit\u00e9 de leurs concitoyens sont tr\u00e8s s\u00e9v\u00e8rement sanctionn\u00e9s. Certes ils ont fait appel, mais le mal est fait. Cette position extr\u00eame de la municipalit\u00e9 explique pourquoi la police municipale est absente et refuse d&rsquo;intervenir. Non seulement elle n&rsquo;est pas arm\u00e9e, \u00e0 la merci de ceux qui le sont, mais sa hi\u00e9rarchie politique est l\u00e0 pour la faire souffrir.\u00a0<\/p>\n<p><img decoding=\"async\" data-id=\"82110\" src=\"https:\/\/i2.wp.com\/grenoble-le-changement.fr\/wp-content\/uploads\/2025\/05\/piolle-test-drogue.png?w=678&amp;ssl=1\" alt=\"\" class=\"wp-image-82110 jetpack-lazy-image\" data-recalc-dims=\"1\" data-lazy-src=\"https:\/\/www.europesays.com\/fr\/wp-content\/uploads\/2025\/07\/piolle-test-drogue.png\" \/><\/p>\n<p><img decoding=\"async\" data-id=\"77855\" src=\"https:\/\/i2.wp.com\/grenoble-le-changement.fr\/wp-content\/uploads\/2024\/11\/laurence-ruffin.png?w=678&amp;ssl=1\" alt=\"\" class=\"wp-image-77855 jetpack-lazy-image\" data-recalc-dims=\"1\" data-lazy-src=\"https:\/\/www.europesays.com\/fr\/wp-content\/uploads\/2025\/07\/laurence-ruffin.png\" \/><br \/>\nEric Piolle et la candidate qu&rsquo;il a d\u00e9sign\u00e9,<a href=\"https:\/\/grenoble-le-changement.fr\/2025\/05\/26\/scop-alma-que-fait-laurence-ruffin-verts-lfi-des-2-5-millions-d-e-de-resultats\/\" target=\"_blank\" rel=\"noopener\"> Laurence Ruffin ( Verts\/LFI)<\/a> : les grenoblois n&rsquo;en peuvent plus de cette impunit\u00e9 pour le plus grand nombre et la vindicte contre les policiers<\/p>\n<p><strong>PAS DE CAMERAS NI DE PC OP<b>\u00c9<\/b>RATIONNEL <\/strong><\/p>\n<p>Cette nouvelle affaire a choqu\u00e9 tous les agents de la ville et en particulier ceux qui ont \u00e0 voir, de pr\u00e8s ou de loin avec la s\u00e9curit\u00e9. L&rsquo;absence de toute sanction \u00e0 l&rsquo;\u00e9gard de tous les actes d\u00e9lictueux <a href=\"https:\/\/grenoble-le-changement.fr\/2025\/04\/09\/insecurite-toutes-les-stats-qui-confirment-que-grenoble-est-n1\/\" target=\"_blank\" rel=\"noopener\">qui rendent si difficile\u00a0 la vie des Grenoblois ,<\/a> l&rsquo;absence de cam\u00e9ras et d&rsquo;un PC op\u00e9rationnel pour s&rsquo;attaquer aux d\u00e9lits et cet acharnement contre deux policiers municipaux ne renforce pas la majorit\u00e9 municipale qui s&rsquo;enfonce dans la caricature d&rsquo;elle-m\u00eame.\u00a0<\/p>\n<p><strong>A. GERMAIN :\u00a0\u00bb LE PS NE PORTERA PAS LE BILAN DES DEUX MANDATS DE PIOLLE\u00a0\u00bb<\/strong><\/p>\n<p>Hier dans le \u00ab\u00a0Dauphin\u00e9 \u00a0\u00bb , m\u00eame Amandine Germain ( PS) <a href=\"https:\/\/grenoble-le-changement.fr\/2025\/05\/01\/amandine-germain-ps-deja-au-service-laurence-ruffin-verts\/\" target=\"_blank\" rel=\"noopener\">pourtant inf\u00e9od\u00e9e aux Rouge\/Verts<\/a> reconnaissait\u00a0 \u00a0\u00bb nous, le PS, nous ne porterons pas le bilan des deux mandats Piolle \u00a0\u00bb m\u00eame si elle veut s&rsquo;allier pour continuer la m\u00eame politique !<\/p>\n<p>Au m\u00eame moment <a target=\"_blank\" href=\"https:\/\/www.grenoblemag.com\/article\/1899\/europole-a-grenoble-le-world-trade-center-fermera-ses-portes-en-fin-d-annee\" rel=\"noopener\">GrenobleMag r\u00e9v\u00e9lait<\/a> que , <a href=\"https:\/\/grenoble-le-changement.fr\/2025\/05\/29\/12-de-commerces-fermes-a-grenoble-stop-ou-encore\/\" target=\"_blank\" rel=\"noopener\">faute d&rsquo;attractivit\u00e9 du centre ville,<\/a> le World Trade Center d&rsquo;Europole fermerait le 31 d\u00e9cembre prochain, licenciant tout son personnel :\u00a0\u00bb un nouveau coup dur pour l&rsquo;image de Grenoble\u00a0\u00bb.<\/p>\n<p>Ces deux informations qui n&rsquo;ont rien \u00e0 voir avec le sort de ces deux policiers permettent de relier des faits gr\u00e2ce auxquels on peut\u00a0 comprendre l&rsquo;intelligence de la situation.\u00a0<\/p>\n<p><strong>LE REFUS DE TOUTE ACTION POUR LA S<b>\u00c9<\/b>CURIT<b>\u00c9<\/b>: UN DOGME APPLIQU<b>\u00c9<\/b> AVEC RIGUEUR<\/strong><\/p>\n<p>D&rsquo;abord le fait que le refus de toute action pour la s\u00e9curit\u00e9 des grenoblois est un dogme impitoyablement appliqu\u00e9 , quelles qu&rsquo;en soient les cons\u00e9quences humaines , comme on le voit pour ces deux agents. Qui d\u00e9montre combien le discours sur la bienveillance est d&rsquo;un cynisme absolu.\u00a0<\/p>\n<p><strong>LA GAUCHE NE PEUT PLUS CAUTIONNER LE BILAN PIOLLE<\/strong><\/p>\n<p>Ensuite<a href=\"https:\/\/grenoble-le-changement.fr\/2025\/04\/18\/fusillades-incendies-la-ville-apaisee-se-porte-bien\/\" target=\"_blank\" rel=\"noopener\"> l&rsquo;ins\u00e9curit\u00e9 est un des facteurs essentiels<\/a> de la d\u00e9sertification du centre ville, avec l&rsquo;accessibilit\u00e9 et l&rsquo;absence d&rsquo;entretien de l&rsquo;espace public. Enfin, m\u00eame une Amandine Germain, cheffe de file du PS, \u00e9lue Conseill\u00e8re D\u00e9partementale gr\u00e2ce aux Rouge\/Verts dont elle est d\u00e9pendante, qui fera alliance avec eux pour tenter de conserver de mis\u00e9rables postes, ne peut pas aller <a href=\"https:\/\/grenoble-le-changement.fr\/2025\/07\/04\/piolle-fait-la-propagande-des-verts-avec-largent-des-grenoblois\/\" target=\"_blank\" rel=\"noopener\">jusqu&rsquo;\u00e0 cautionner le bilan Piolle.<\/a> Comme une grande partie <a href=\"https:\/\/grenoble-le-changement.fr\/2025\/04\/16\/la-municipalite-enterre-piolle-pour-tenter-de-garder-le-pouvoir\/\" target=\"_blank\" rel=\"noopener\">de la gauche qui sait combien ce bilan est une catastrophe<\/a> pour les classes populaires. \u00e7a en dit long sur la l\u00e9gitimit\u00e9 de cette gauche-l\u00e0 \u00e0 continuer.\u00a0<\/p>\n<p>Comme une poup\u00e9e russe, tous les ingr\u00e9dients sont assembl\u00e9s pour que la p\u00e9dagogie de ce que vit Grenoble soit facilit\u00e9e pour le plus grand nombre. Les deux policiers victimes de l&rsquo;intol\u00e9rance et de l&rsquo;id\u00e9ologie municipale\u00a0 jouent, malgr\u00e9 eux, un r\u00f4le cl\u00e9 dans ce processus. Personne ne peut plus dire \u00a0\u00bb je ne savais pas\u00a0\u00bb.\u00a0\u00a0<\/p>\n","protected":false},"excerpt":{"rendered":"Posted On 5 juillet 2025 La majorit\u00e9 municipale grenobloise sait faire preuve d&rsquo;autorit\u00e9 et sanctionner. Elle ne craint&hellip;\n","protected":false},"author":2,"featured_media":227996,"comment_status":"","ping_status":"","sticky":false,"template":"","format":"standard","meta":{"footnotes":""},"categories":[9566],"tags":[1111,11,14001,2430,9607,1777,674,1011,27,2731,14004,10136,34169,12,16650,25,36637],"class_list":{"0":"post-227995","1":"post","2":"type-post","3":"status-publish","4":"format-standard","5":"has-post-thumbnail","7":"category-grenoble","8":"tag-actu","9":"tag-actualites","10":"tag-amandine-germain","11":"tag-auvergne-rhone-alpes","12":"tag-eric-piolle","13":"tag-eu","14":"tag-europe","15":"tag-fr","16":"tag-france","17":"tag-grenoble","18":"tag-grenoblemag","19":"tag-laurence-ruffin","20":"tag-maud-tavel","21":"tag-news","22":"tag-pierre-meriaux","23":"tag-republique-francaise","24":"tag-villa-kaminski"},"share_on_mastodon":{"url":"https:\/\/pubeurope.com\/@fr\/114800390779748534","error":""},"_links":{"self":[{"href":"https:\/\/www.europesays.com\/fr\/wp-json\/wp\/v2\/posts\/227995","targetHints":{"allow":["GET"]}}],"collection":[{"href":"https:\/\/www.europesays.com\/fr\/wp-json\/wp\/v2\/posts"}],"about":[{"href":"https:\/\/www.europesays.com\/fr\/wp-json\/wp\/v2\/types\/post"}],"author":[{"embeddable":true,"href":"https:\/\/www.europesays.com\/fr\/wp-json\/wp\/v2\/users\/2"}],"replies":[{"embeddable":true,"href":"https:\/\/www.europesays.com\/fr\/wp-json\/wp\/v2\/comments?post=227995"}],"version-history":[{"count":0,"href":"https:\/\/www.europesays.com\/fr\/wp-json\/wp\/v2\/posts\/227995\/revisions"}],"wp:featuredmedia":[{"embeddable":true,"href":"https:\/\/www.europesays.com\/fr\/wp-json\/wp\/v2\/media\/227996"}],"wp:attachment":[{"href":"https:\/\/www.europesays.com\/fr\/wp-json\/wp\/v2\/media?parent=227995"}],"wp:term":[{"taxonomy":"category","embeddable":true,"href":"https:\/\/www.europesays.com\/fr\/wp-json\/wp\/v2\/categories?post=227995"},{"taxonomy":"post_tag","embeddable":true,"href":"https:\/\/www.europesays.com\/fr\/wp-json\/wp\/v2\/tags?post=227995"}],"curies":[{"name":"wp","href":"https:\/\/api.w.org\/{rel}","templated":true}]}}