{"id":227997,"date":"2025-07-05T11:28:27","date_gmt":"2025-07-05T11:28:27","guid":{"rendered":"https:\/\/www.europesays.com\/fr\/227997\/"},"modified":"2025-07-05T11:28:27","modified_gmt":"2025-07-05T11:28:27","slug":"baccalaureat-2025-les-resultats-tombent-ce-vendredi","status":"publish","type":"post","link":"https:\/\/www.europesays.com\/fr\/227997\/","title":{"rendered":"Baccalaur\u00e9at 2025 : les r\u00e9sultats tombent ce vendredi"},"content":{"rendered":"<p>Les r\u00e9sultats du baccalaur\u00e9at 2025 tombent ce vendredi 4 juillet \u00e0 13h dans les acad\u00e9mies de Lyon, Grenoble et Clermont-Ferrand.<\/p>\n<p>Fin du suspense pour\u00a0les candidats au baccalaur\u00e9at.<\/p>\n<p>Les r\u00e9sultats seront d\u00e9voil\u00e9s \u00e0 <b>13h <\/b>pour les \u00e9l\u00e8ves des acad\u00e9mies de <b>Lyon<\/b>, <b>Grenoble <\/b>et <b>Clermont-Ferrand<\/b>.\u00a0<\/p>\n<p>Les r\u00e9sultats<\/p>\n<p>Que ce soit en ligne sur le site du minist\u00e8re de l&rsquo;\u00c9ducation nationale ou sur les panneaux d&rsquo;affichage de leur lyc\u00e9e, les candidats pourront voir : admis, rattrapage ou refus\u00e9.<\/p>\n<p>Pour d\u00e9couvrir les r\u00e9sultats, c&rsquo;est <a class=\"url\" href=\"https:\/\/resultats.examens-concours.gouv.fr\/accueil\" target=\"_blank\" rel=\"noopener\">ici<\/a>.\u00a0<\/p>\n<p>Toutes fili\u00e8res confondues, <b>36.290<\/b> candidats ont pass\u00e9 le baccalaur\u00e9at cette ann\u00e9e dans l&rsquo;acad\u00e9mie de Lyon, <b>36.204<\/b> dans l&rsquo;acad\u00e9mie de Grenoble,<b> 12.346 <\/b>dans l&rsquo;acad\u00e9mie de Clermont-Ferrand.\u00a0<\/p>\n<p>Epreuves de rattrapage<\/p>\n<p>Les \u00e9l\u00e8ves qui n&rsquo;auront pas d\u00e9croch\u00e9 leur dipl\u00f4me du premier coup, mais qui auront eu au moins 8\/20 de moyenne passeront les \u00e9preuves de rattrapage <b>du 7 au 9 juillet<\/b>.<\/p>\n<p>Ils pourront choisir de repasser deux \u00e9preuves maximum.<\/p>\n<p><\/p>\n","protected":false},"excerpt":{"rendered":"Les r\u00e9sultats du baccalaur\u00e9at 2025 tombent ce vendredi 4 juillet \u00e0 13h dans les acad\u00e9mies de Lyon, Grenoble&hellip;\n","protected":false},"author":2,"featured_media":227998,"comment_status":"","ping_status":"","sticky":false,"template":"","format":"standard","meta":{"footnotes":""},"categories":[9566],"tags":[1111,11,2430,3050,36638,30751,9050,19603,1777,674,1011,27,2731,36639,2428,12,14269,25],"class_list":{"0":"post-227997","1":"post","2":"type-post","3":"status-publish","4":"format-standard","5":"has-post-thumbnail","7":"category-grenoble","8":"tag-actu","9":"tag-actualites","10":"tag-auvergne-rhone-alpes","11":"tag-bac","12":"tag-baccalaurat","13":"tag-bacheliers","14":"tag-clermont-ferrand","15":"tag-diplome","16":"tag-eu","17":"tag-europe","18":"tag-fr","19":"tag-france","20":"tag-grenoble","21":"tag-lyo","22":"tag-lyon","23":"tag-news","24":"tag-rsultats","25":"tag-republique-francaise"},"share_on_mastodon":{"url":"https:\/\/pubeurope.com\/@fr\/114800394592609949","error":""},"_links":{"self":[{"href":"https:\/\/www.europesays.com\/fr\/wp-json\/wp\/v2\/posts\/227997","targetHints":{"allow":["GET"]}}],"collection":[{"href":"https:\/\/www.europesays.com\/fr\/wp-json\/wp\/v2\/posts"}],"about":[{"href":"https:\/\/www.europesays.com\/fr\/wp-json\/wp\/v2\/types\/post"}],"author":[{"embeddable":true,"href":"https:\/\/www.europesays.com\/fr\/wp-json\/wp\/v2\/users\/2"}],"replies":[{"embeddable":true,"href":"https:\/\/www.europesays.com\/fr\/wp-json\/wp\/v2\/comments?post=227997"}],"version-history":[{"count":0,"href":"https:\/\/www.europesays.com\/fr\/wp-json\/wp\/v2\/posts\/227997\/revisions"}],"wp:featuredmedia":[{"embeddable":true,"href":"https:\/\/www.europesays.com\/fr\/wp-json\/wp\/v2\/media\/227998"}],"wp:attachment":[{"href":"https:\/\/www.europesays.com\/fr\/wp-json\/wp\/v2\/media?parent=227997"}],"wp:term":[{"taxonomy":"category","embeddable":true,"href":"https:\/\/www.europesays.com\/fr\/wp-json\/wp\/v2\/categories?post=227997"},{"taxonomy":"post_tag","embeddable":true,"href":"https:\/\/www.europesays.com\/fr\/wp-json\/wp\/v2\/tags?post=227997"}],"curies":[{"name":"wp","href":"https:\/\/api.w.org\/{rel}","templated":true}]}}