{"id":228001,"date":"2025-07-05T11:31:23","date_gmt":"2025-07-05T11:31:23","guid":{"rendered":"https:\/\/www.europesays.com\/fr\/228001\/"},"modified":"2025-07-05T11:31:23","modified_gmt":"2025-07-05T11:31:23","slug":"bac-2025-les-resultats-de-lacademie-de-rennes-sont-en-ligne","status":"publish","type":"post","link":"https:\/\/www.europesays.com\/fr\/228001\/","title":{"rendered":"Bac 2025\u00a0: les r\u00e9sultats de l\u2019acad\u00e9mie de Rennes sont en ligne"},"content":{"rendered":"<p>Cette ann\u00e9e, pr\u00e8s de 725 000 candidats ont pass\u00e9 le bac. Des lyc\u00e9ens de terminale principalement, mais aussi des candidats dits \u00ab libres \u00bb. L\u2019ont-ils obtenu ? La r\u00e9ponse <a href=\"https:\/\/examens.letelegramme.fr\/\" target=\"_blank\" rel=\"nofollow noopener\">ici<\/a>.<\/p>\n<p>L\u2019an dernier, le taux de r\u00e9ussite \u00e9tait de <a href=\"https:\/\/www.letelegramme.fr\/bretagne\/bac-2024-953-de-reussite-en-bretagne-au-dessus-de-la-moyenne-nationale-6625484.php\" target=\"_blank\" rel=\"nofollow noopener\">91,4 %<\/a>, toutes fili\u00e8res confondues, <a href=\"https:\/\/www.letelegramme.fr\/education\/examens\/bac\/bac-2023-taux-de-reussite-a-909-en-legere-baisse-par-rapport-a-2022-6390090.php\" target=\"_blank\" rel=\"nofollow noopener\">contre 90,9 % en 2023<\/a>.<\/p>\n<p>Pourquoi mon nom n\u2019appara\u00eet-il pas sur letelegramme.fr ?<\/p>\n<p class=\"note\">\u00c0 noter que seuls les noms des \u00e9l\u00e8ves ayant accept\u00e9 le transfert de leurs r\u00e9sultats \u00e0 la presse sont publi\u00e9s sur notre plateforme.<\/p>\n","protected":false},"excerpt":{"rendered":"Cette ann\u00e9e, pr\u00e8s de 725 000 candidats ont pass\u00e9 le bac. Des lyc\u00e9ens de terminale principalement, mais aussi&hellip;\n","protected":false},"author":2,"featured_media":228002,"comment_status":"","ping_status":"","sticky":false,"template":"","format":"standard","meta":{"footnotes":""},"categories":[2821],"tags":[1111,11,7507,3050,3450,829,5934,6206,3322,3472,3320,1057,765,1777,674,1011,27,4044,2170,9815,5862,1781,2885,2131,12,7762,3323,6099,3319,11878,584,25,4937,3728,3165],"class_list":{"0":"post-228001","1":"post","2":"type-post","3":"status-publish","4":"format-standard","5":"has-post-thumbnail","7":"category-rennes","8":"tag-actu","9":"tag-actualites","10":"tag-auray","11":"tag-bac","12":"tag-brest","13":"tag-bretagne","14":"tag-carhaix-plouguer","15":"tag-chateaulin","16":"tag-concarneau","17":"tag-dinan","18":"tag-douarnenez","19":"tag-education","20":"tag-en-continu","21":"tag-eu","22":"tag-europe","23":"tag-fr","24":"tag-france","25":"tag-guingamp","26":"tag-lamballe-armor","27":"tag-landerneau","28":"tag-lannion","29":"tag-lorient","30":"tag-loudeac","31":"tag-morlaix","32":"tag-news","33":"tag-paimpol","34":"tag-pont-labbe","35":"tag-pontivy","36":"tag-quimper","37":"tag-quimperle","38":"tag-rennes","39":"tag-republique-francaise","40":"tag-saint-brieuc","41":"tag-saint-malo","42":"tag-vannes"},"share_on_mastodon":{"url":"https:\/\/pubeurope.com\/@fr\/114800406208733776","error":""},"_links":{"self":[{"href":"https:\/\/www.europesays.com\/fr\/wp-json\/wp\/v2\/posts\/228001","targetHints":{"allow":["GET"]}}],"collection":[{"href":"https:\/\/www.europesays.com\/fr\/wp-json\/wp\/v2\/posts"}],"about":[{"href":"https:\/\/www.europesays.com\/fr\/wp-json\/wp\/v2\/types\/post"}],"author":[{"embeddable":true,"href":"https:\/\/www.europesays.com\/fr\/wp-json\/wp\/v2\/users\/2"}],"replies":[{"embeddable":true,"href":"https:\/\/www.europesays.com\/fr\/wp-json\/wp\/v2\/comments?post=228001"}],"version-history":[{"count":0,"href":"https:\/\/www.europesays.com\/fr\/wp-json\/wp\/v2\/posts\/228001\/revisions"}],"wp:featuredmedia":[{"embeddable":true,"href":"https:\/\/www.europesays.com\/fr\/wp-json\/wp\/v2\/media\/228002"}],"wp:attachment":[{"href":"https:\/\/www.europesays.com\/fr\/wp-json\/wp\/v2\/media?parent=228001"}],"wp:term":[{"taxonomy":"category","embeddable":true,"href":"https:\/\/www.europesays.com\/fr\/wp-json\/wp\/v2\/categories?post=228001"},{"taxonomy":"post_tag","embeddable":true,"href":"https:\/\/www.europesays.com\/fr\/wp-json\/wp\/v2\/tags?post=228001"}],"curies":[{"name":"wp","href":"https:\/\/api.w.org\/{rel}","templated":true}]}}