{"id":228005,"date":"2025-07-05T11:34:32","date_gmt":"2025-07-05T11:34:32","guid":{"rendered":"https:\/\/www.europesays.com\/fr\/228005\/"},"modified":"2025-07-05T11:34:32","modified_gmt":"2025-07-05T11:34:32","slug":"un-detenu-meurt-dans-lincendie-de-sa-cellule-a-strasbourg-sa-fille-denonce-la-lenteur-des","status":"publish","type":"post","link":"https:\/\/www.europesays.com\/fr\/228005\/","title":{"rendered":"Un d\u00e9tenu meurt dans l\u2019incendie de sa cellule \u00e0 Strasbourg, sa fille d\u00e9nonce la lenteur des"},"content":{"rendered":"<p>Un\u00a0d\u00e9tenu \u00e0 la maison d\u2019arr\u00eat de Strasbourg (Bas-Rhin)\u00a0est <a href=\"https:\/\/maubeuge.maville.com\/actu\/actudet_-strasbourg-un-detenu-meurt-dans-l-incendie-de-sa-cellule-_54135-6877257_actu.Htm\" target=\"_blank\" rel=\"nofollow noopener\">d\u00e9c\u00e9d\u00e9 dimanche 29\u00a0juin 2025 dans l\u2019incendie de sa cellule<\/a>. La victime est un homme de 56\u00a0ans malvoyant, qui \u00e9tait incarc\u00e9r\u00e9 depuis le 16\u00a0octobre 2024. <a href=\"https:\/\/france3-regions.franceinfo.fr\/grand-est\/bas-rhin\/strasbourg-0\/un-detenu-malvoyant-meurt-dans-l-incendie-de-sa-cellule-de-prison-sa-fille-envisage-de-porter-plainte-3181551.html\" target=\"_blank\" rel=\"nofollow noopener\">Comme le r\u00e9v\u00e8le\u00a0<\/a>  <a href=\"https:\/\/france3-regions.franceinfo.fr\/grand-est\/bas-rhin\/strasbourg-0\/un-detenu-malvoyant-meurt-dans-l-incendie-de-sa-cellule-de-prison-sa-fille-envisage-de-porter-plainte-3181551.html\" target=\"_blank\" rel=\"nofollow noopener\">France 3\u00a0Grand Est<\/a>, sa\u00a0fille envisage de porter plainte\u00a0pour non-assistance \u00e0 personne en danger.<\/p>\n<p>Elle affirme\u00a0que l\u2019intervention des\u00a0agents p\u00e9nitentiaires a \u00e9t\u00e9 trop lente. <strong>\u00ab\u00a0Plusieurs d\u00e9tenus disent que les agents ne sont pas venus tout de suite\u00a0\u00bb<\/strong>, confie-t-elle \u00e0 nos confr\u00e8res. Autre preuve selon elle\u00a0: une\u00a0vid\u00e9o post\u00e9e sur les r\u00e9seaux sociaux, et authentifi\u00e9e par France T\u00e9l\u00e9visions, dans laquelle on entendrait\u00a0deux longs cris de son p\u00e8re agonisant.<\/p>\n<p>Des circonstances \u00e0 \u00e9claircir<\/p>\n<p>Pour l\u2019heure, les circonstances pr\u00e9cises des faits sont encore inconnues. Une enqu\u00eate a \u00e9t\u00e9 ouverte par le parquet pour d\u00e9terminer les causes de l\u2019incendie. <a href=\"https:\/\/www.dna.fr\/faits-divers-justice\/2025\/06\/29\/un-detenu-decede-dans-l-incendie-de-sa-cellule-a-l-elsau\" target=\"_blank\" rel=\"nofollow noopener\">D\u2019apr\u00e8s les Derni\u00e8res Nouvelles d\u2019Alsace <\/a>, le feu a d\u00e9marr\u00e9 dans la cellule du d\u00e9tenu vers 14\u00a0h\u00a030. Lorsque les agents sont arriv\u00e9s, il \u00e9tait inconscient. Il n\u2019a pas pu \u00eatre r\u00e9anim\u00e9.<\/p>\n<p>Interrog\u00e9 par France 3, un responsable syndical estime que les agents sont intervenus en une quinzaine de minutes.\u00a0<strong>\u00ab\u00a0Il a fallu \u00e9vacuer tout l\u2019\u00e9tage pour pouvoir \u00e9teindre le feu et mettre les autres d\u00e9tenus en s\u00e9curit\u00e9.\u00a0Le temps d\u2019intervenir, le d\u00e9tenu \u00e9tait d\u00e9j\u00e0 d\u00e9c\u00e9d\u00e9 du fait de ses br\u00fblures\u00a0\u00bb<\/strong>, assure-t-il. Selon lui, le quinquag\u00e9naire\u00a0aurait mis volontairement le feu \u00e0 sa cellule.\u00a0<\/p>\n<p>\u00a0<\/p>\n","protected":false},"excerpt":{"rendered":"Un\u00a0d\u00e9tenu \u00e0 la maison d\u2019arr\u00eat de Strasbourg (Bas-Rhin)\u00a0est d\u00e9c\u00e9d\u00e9 dimanche 29\u00a0juin 2025 dans l\u2019incendie de sa cellule. La&hellip;\n","protected":false},"author":2,"featured_media":228006,"comment_status":"","ping_status":"","sticky":false,"template":"","format":"standard","meta":{"footnotes":""},"categories":[2820],"tags":[1111,11,6891,10979,7891,9625,1777,674,195,1011,27,775,1310,2693,36640,5479,12,25,640],"class_list":{"0":"post-228005","1":"post","2":"type-post","3":"status-publish","4":"format-standard","5":"has-post-thumbnail","7":"category-strasbourg","8":"tag-actu","9":"tag-actualites","10":"tag-agents","11":"tag-cellule","12":"tag-denonce","13":"tag-detenu","14":"tag-eu","15":"tag-europe","16":"tag-fille","17":"tag-fr","18":"tag-france","19":"tag-grand-est","20":"tag-incendie","21":"tag-laval","22":"tag-lenteur","23":"tag-meurt","24":"tag-news","25":"tag-republique-francaise","26":"tag-strasbourg"},"share_on_mastodon":{"url":"https:\/\/pubeurope.com\/@fr\/114800418013650779","error":""},"_links":{"self":[{"href":"https:\/\/www.europesays.com\/fr\/wp-json\/wp\/v2\/posts\/228005","targetHints":{"allow":["GET"]}}],"collection":[{"href":"https:\/\/www.europesays.com\/fr\/wp-json\/wp\/v2\/posts"}],"about":[{"href":"https:\/\/www.europesays.com\/fr\/wp-json\/wp\/v2\/types\/post"}],"author":[{"embeddable":true,"href":"https:\/\/www.europesays.com\/fr\/wp-json\/wp\/v2\/users\/2"}],"replies":[{"embeddable":true,"href":"https:\/\/www.europesays.com\/fr\/wp-json\/wp\/v2\/comments?post=228005"}],"version-history":[{"count":0,"href":"https:\/\/www.europesays.com\/fr\/wp-json\/wp\/v2\/posts\/228005\/revisions"}],"wp:featuredmedia":[{"embeddable":true,"href":"https:\/\/www.europesays.com\/fr\/wp-json\/wp\/v2\/media\/228006"}],"wp:attachment":[{"href":"https:\/\/www.europesays.com\/fr\/wp-json\/wp\/v2\/media?parent=228005"}],"wp:term":[{"taxonomy":"category","embeddable":true,"href":"https:\/\/www.europesays.com\/fr\/wp-json\/wp\/v2\/categories?post=228005"},{"taxonomy":"post_tag","embeddable":true,"href":"https:\/\/www.europesays.com\/fr\/wp-json\/wp\/v2\/tags?post=228005"}],"curies":[{"name":"wp","href":"https:\/\/api.w.org\/{rel}","templated":true}]}}