{"id":228021,"date":"2025-07-05T11:44:11","date_gmt":"2025-07-05T11:44:11","guid":{"rendered":"https:\/\/www.europesays.com\/fr\/228021\/"},"modified":"2025-07-05T11:44:11","modified_gmt":"2025-07-05T11:44:11","slug":"vacances-dete-2025-activites-petite-enfance-pour-les-0-6-ans","status":"publish","type":"post","link":"https:\/\/www.europesays.com\/fr\/228021\/","title":{"rendered":"Vacances d&rsquo;\u00e9t\u00e9 2025 : activit\u00e9s Petite Enfance pour les 0-6 ans"},"content":{"rendered":"<p><strong>la vari\u00e9t\u00e9 des ateliers cr\u00e9\u00e9s pour l\u2019\u00e9t\u00e9 devrait faire tourner la t\u00eate des tout-petits.<\/strong>\u00a0Ludiques, \u00e9nergiques, relaxantes, sportives, amusantes, les activit\u00e9s seront toutes plus r\u00e9cr\u00e9atives les unes que les autres pour permettre aux parents de partager de tr\u00e8s bons moments avec leurs enfants !<\/p>\n<p><strong>Les occasions \u00e0 ne pas rater :<\/strong><\/p>\n<ul>\n<li><strong>Profiter du Parc des Sports :<\/strong> enfourcher sa draisienne, jouer \u00e0 Koh-Lanta en famille (2\/4 ans), marcher en \u00e9quilibre sur une slackline \u2026<\/li>\n<li><strong>S\u2019amuser de tous les ateliers :<\/strong> explorer la nature, faire des empreintes en argile, coller des feuilles dans un herbier, faire le mime au mus\u00e9e, cuisiner des tartes aux fruits du jardin, se d\u00e9tendre autour d\u2019un jeu, cuire son pain, nourrir les animaux\u2026<\/li>\n<li><strong>D\u00e9couvrir <a href=\"https:\/\/www.roubaixxl.fr\/une-sardine-debarque-a-roubaix\/\" target=\"_blank\" rel=\"noopener\">le mobilivre \u00ab la Sardine \u00bb<\/a><\/strong>\u00a0au Parc de la Potennerie, ou participer aux\u00a0<strong>lectures en herbe<\/strong>, aux nombreux\u00a0<strong>pique-niques<\/strong>\u00a0et\u00a0<strong>concerts<\/strong>\u00a0\u00e0 partager en famille !<\/li>\n<\/ul>\n<p>C\u2019est aussi les pieds dans l\u2019herbe que vous pourrez aussi poser toutes vos questions aux professionnelles de la Petite Enfance (cr\u00e8che, classe passerelle..) et participer aux animations des EJE (Educatrices de Jeunes Enfants) au Parc des Sports :\u00a0<strong>les jeudis 10 et mardi 22 juillet (de 14h \u00e0 17h)<\/strong><\/p>\n","protected":false},"excerpt":{"rendered":"la vari\u00e9t\u00e9 des ateliers cr\u00e9\u00e9s pour l\u2019\u00e9t\u00e9 devrait faire tourner la t\u00eate des tout-petits.\u00a0Ludiques, \u00e9nergiques, relaxantes, sportives, amusantes,&hellip;\n","protected":false},"author":2,"featured_media":228022,"comment_status":"","ping_status":"","sticky":false,"template":"","format":"standard","meta":{"footnotes":""},"categories":[2815],"tags":[9835,1111,11,17545,1777,674,1011,27,811,1307,12,10585,25,2528],"class_list":{"0":"post-228021","1":"post","2":"type-post","3":"status-publish","4":"format-standard","5":"has-post-thumbnail","7":"category-lille","8":"tag-activites","9":"tag-actu","10":"tag-actualites","11":"tag-ete-2025","12":"tag-eu","13":"tag-europe","14":"tag-fr","15":"tag-france","16":"tag-hauts-de-france","17":"tag-lille","18":"tag-news","19":"tag-petite-enfance","20":"tag-republique-francaise","21":"tag-vacances"},"share_on_mastodon":{"url":"https:\/\/pubeurope.com\/@fr\/114800457428249856","error":""},"_links":{"self":[{"href":"https:\/\/www.europesays.com\/fr\/wp-json\/wp\/v2\/posts\/228021","targetHints":{"allow":["GET"]}}],"collection":[{"href":"https:\/\/www.europesays.com\/fr\/wp-json\/wp\/v2\/posts"}],"about":[{"href":"https:\/\/www.europesays.com\/fr\/wp-json\/wp\/v2\/types\/post"}],"author":[{"embeddable":true,"href":"https:\/\/www.europesays.com\/fr\/wp-json\/wp\/v2\/users\/2"}],"replies":[{"embeddable":true,"href":"https:\/\/www.europesays.com\/fr\/wp-json\/wp\/v2\/comments?post=228021"}],"version-history":[{"count":0,"href":"https:\/\/www.europesays.com\/fr\/wp-json\/wp\/v2\/posts\/228021\/revisions"}],"wp:featuredmedia":[{"embeddable":true,"href":"https:\/\/www.europesays.com\/fr\/wp-json\/wp\/v2\/media\/228022"}],"wp:attachment":[{"href":"https:\/\/www.europesays.com\/fr\/wp-json\/wp\/v2\/media?parent=228021"}],"wp:term":[{"taxonomy":"category","embeddable":true,"href":"https:\/\/www.europesays.com\/fr\/wp-json\/wp\/v2\/categories?post=228021"},{"taxonomy":"post_tag","embeddable":true,"href":"https:\/\/www.europesays.com\/fr\/wp-json\/wp\/v2\/tags?post=228021"}],"curies":[{"name":"wp","href":"https:\/\/api.w.org\/{rel}","templated":true}]}}