{"id":228023,"date":"2025-07-05T11:46:21","date_gmt":"2025-07-05T11:46:21","guid":{"rendered":"https:\/\/www.europesays.com\/fr\/228023\/"},"modified":"2025-07-05T11:46:21","modified_gmt":"2025-07-05T11:46:21","slug":"les-coureurs-se-sont-elances-dans-le-centre-ville-en-debut-dapres-midi","status":"publish","type":"post","link":"https:\/\/www.europesays.com\/fr\/228023\/","title":{"rendered":"les coureurs se sont \u00e9lanc\u00e9s dans le centre-ville en d\u00e9but d&rsquo;apr\u00e8s-midi"},"content":{"rendered":"<p>            Par<br \/>\n        <strong><br \/>\n            <a href=\"https:\/\/actu.fr\/auteur\/amandine-vachez\" title=\"Consulter tous les articles de Amandine Vachez\" rel=\"nofollow noopener\" target=\"_blank\">Amandine Vachez<\/a><br \/>\n        <\/strong><\/p>\n<p>        Publi\u00e9 le<\/p>\n<p>            5 juil. 2025 \u00e0 13h41        <\/p>\n<p>Enfin, le jour J est arriv\u00e9 ! Enfilez votre plus beau maillot jaune, le <a href=\"https:\/\/actu.fr\/tag\/tour-de-france\" rel=\"nofollow noopener\" target=\"_blank\">Tour de France<\/a> d\u00e9marre de <a href=\"https:\/\/actu.fr\/lille\/\" rel=\"nofollow noopener\" target=\"_blank\">Lille<\/a> (Nord), ce<b> samedi 5 juillet 2025.<\/b> La premi\u00e8re \u00e9tape s\u2019ouvre \u00e0 la mi-journ\u00e9e, avec un d\u00e9part de la <b>caravane \u00e0 11h<\/b> et des coureurs \u00e0 13h05. Vivez cet \u00e9v\u00e9nement historique avec nous !\u00a0<\/p>\n<p class=\" wall-content\">Nos journalistes sont mobilis\u00e9s sur le terrain.<\/p>\n<p>Suivez l\u2019\u00e9v\u00e9nement en direct avec nous<\/p>\n<p class=\" wall-content\">\u00c0 quelle heure regarder la course, favoris, petite difficult\u00e9 \u00e0 Cassel\u2026 <a href=\"https:\/\/actu.fr\/hauts-de-france\/lille_59350\/tour-de-france-2025-le-jour-du-grand-depart-depuis-lille-est-arrive_62872381.html\" rel=\"nofollow noopener\" target=\"_blank\">On refait le point sur la Grande boucle, qui fait Lille-Lille ce samedi 5 juillet<\/a>.<\/p>\n<p class=\" wall-content\"><b>13h35 : les coureurs parcourent le centre-ville de Lille. On a vu Julian Alaphilippe !<\/b><\/p>\n<p>    <img   decoding=\"async\" loading=\"lazy\" class=\"size-large\" src=\"https:\/\/www.europesays.com\/fr\/wp-content\/uploads\/2025\/07\/ff58c1af09686e368c1af0968f768cv-960x640.jpg\" alt=\"Julian Alaphilippe, chouchou des Fran\u00e7ais !\" width=\"960\" height=\"640\"\/><br \/>\n    Julian Alaphilippe, chouchou des Fran\u00e7ais ! \u00a9HM\/Lille actu<br \/>\n    <img   decoding=\"async\" loading=\"lazy\" class=\"size-large\" src=\"https:\/\/www.europesays.com\/fr\/wp-content\/uploads\/2025\/07\/ecb7d47d0968651c7d47d0968b5c7dv-960x640.jpg\" alt=\"Ici au pied du si\u00e8ge de la R\u00e9gion.\" width=\"960\" height=\"640\"\/><br \/>\n    Ici au pied du si\u00e8ge de la R\u00e9gion. \u00a9ND\/Lille actu<\/p>\n<p class=\" wall-content\"><b>13h24 : \u00e7a y est ! Le d\u00e9part fictif s\u2019est op\u00e9r\u00e9, porte de Paris.<\/b><\/p>\n<p>    <img   decoding=\"async\" loading=\"lazy\" class=\"size-large\" src=\"https:\/\/www.europesays.com\/fr\/wp-content\/uploads\/2025\/07\/5ab0d7db096867eb0d7db096862c0dv-960x640.jpg\" alt=\"Ca y est ! Le d\u00e9part fictif des coureurs du Tour de France a eu lieu porte de Paris.\" width=\"960\" height=\"640\"\/><br \/>\n    Ca y est ! Le d\u00e9part fictif des coureurs du Tour de France a eu lieu porte de Paris. \u00a9RM\/Lille actuVid\u00e9os : en ce moment sur Actu<br \/>\n    <img   decoding=\"async\" loading=\"lazy\" class=\"size-large\" src=\"https:\/\/www.europesays.com\/fr\/wp-content\/uploads\/2025\/07\/3cc2f7db0968650d2f7db096834d2fv-960x640.jpg\" alt=\"\u00c0 13h35, les coureurs se sont \u00e9lanc\u00e9s.\" width=\"960\" height=\"640\"\/><br \/>\n    \u00c0 13h35, les coureurs se sont \u00e9lanc\u00e9s. \u00a9RM\/Lille actu<br \/>\n    <img   decoding=\"async\" loading=\"lazy\" class=\"size-large\" src=\"https:\/\/www.europesays.com\/fr\/wp-content\/uploads\/2025\/07\/9f6620bc09686b37620bc0968d7762v-960x640.jpg\" alt=\"Le d\u00e9part fictif s'est op\u00e9r\u00e9, porte de Paris \u00e0 Lille, peu avant 13h30.\" width=\"960\" height=\"640\"\/><br \/>\n    Le d\u00e9part fictif s\u2019est op\u00e9r\u00e9, porte de Paris \u00e0 Lille, peu avant 13h30. \u00a9RM\/Lille actu<br \/>\n    <img   decoding=\"async\" loading=\"lazy\" class=\"size-large\" src=\"https:\/\/www.europesays.com\/fr\/wp-content\/uploads\/2025\/07\/4e406d0b0968652506d0b096836506v-960x640.jpg\" alt=\"Le public est sur le qui-vive, porte de Paris.\" width=\"960\" height=\"640\"\/><br \/>\n    Le public est sur le qui-vive, porte de Paris. \u00a9RM\/Lille actu<\/p>\n<p class=\" wall-content\"><b>13h : <\/b>les coureurs \u00e9taient dans le paddock, \u00e0 la Citadelle.<b> On a aper\u00e7u la star belge Remco Evenepoel, et le grand favori slov\u00e8ne,Tadej Poga\u010dar.<\/b><\/p>\n<p>    <img   decoding=\"async\" loading=\"lazy\" class=\"size-large\" src=\"https:\/\/www.europesays.com\/fr\/wp-content\/uploads\/2025\/07\/77633156096867b63315609686f633v-960x640.jpg\" alt=\"Tadej Poga\u010dar, vu \u00e0 la Citadelle vers 13h.\" width=\"960\" height=\"640\"\/><br \/>\n    Tadej Poga\u010dar, vu \u00e0 la Citadelle vers 13h. \u00a9Actu.fr<br \/>\n    <img   decoding=\"async\" loading=\"lazy\" class=\"size-large\" src=\"https:\/\/www.europesays.com\/fr\/wp-content\/uploads\/2025\/07\/83a1f5350968657a1f53509681ba1fv-960x640.jpg\" alt=\"Remco Evenepoel, pointure belge, aper\u00e7u \u00e0 la Citadelle.\" width=\"960\" height=\"640\"\/><br \/>\n    Remco Evenepoel, pointure belge, aper\u00e7u \u00e0 la Citadelle. \u00a9ND\/Lille actu<br \/>\n    <img   decoding=\"async\" loading=\"lazy\" class=\"size-large\" src=\"https:\/\/www.europesays.com\/fr\/wp-content\/uploads\/2025\/07\/861f30b3096868a1f30b309684e1f3v-960x640.jpg\" alt=\"\u00c0 12h30, les coureurs du Tour de France sont dans le paddock, \u00e0 la Citadelle de Lille.\" width=\"960\" height=\"640\"\/><br \/>\n    \u00c0 12h30, les coureurs du Tour de France sont dans le paddock, \u00e0 la Citadelle de Lille. \u00a9ND\/Lille actu<\/p>\n<p class=\" wall-content\"><b>12h45 : pause m\u00e9ridienne bien m\u00e9rit\u00e9e \u00e0 Seclin<\/b>, \u00e0 base de frites, \u00e7a va sans dire !<\/p>\n<p>    <img   decoding=\"async\" loading=\"lazy\" class=\"size-large\" src=\"https:\/\/www.europesays.com\/fr\/wp-content\/uploads\/2025\/07\/396584c2096863d6584c20968f0758v-960x640.jpg\" alt=\"Avant le passage des coureurs, on se restaure \u00e0 la baraque \u00e0 frites, \u00e0 Seclin.\" width=\"960\" height=\"640\"\/><br \/>\n    Avant le passage des coureurs, on se restaure \u00e0 la baraque \u00e0 frites, \u00e0 Seclin. \u00a9AV\/Lille actu<\/p>\n<p class=\" wall-content\"><b>12h33 : la Colombie est repr\u00e9sent\u00e9e \u00e0 Seclin !<\/b><\/p>\n<p class=\" wall-content\">Guillaume et Tatiana, \u00e0 gauche sur la photo, accueillent une famille venue tout droit de Colombie. Rafael, au milieu, est cycliste et passionn\u00e9 par le Tour. Il est venu avec sa femme et sa grand-m\u00e8re, Gloria et Lucila. \u00c9videmment, leur soutien va \u00e0 un cycliste colombien !<\/p>\n<p>    <img   decoding=\"async\" loading=\"lazy\" class=\"size-large\" src=\"https:\/\/www.europesays.com\/fr\/wp-content\/uploads\/2025\/07\/43b8155df868647b8155df8682bb81v-960x640.jpg\" alt=\"\u00c0 gauche, Guillaume et Tatiana, d'origine colombienne, vivent \u00e0 Seclin. Ils accueillent une famille venue de Colombie pendant trois semaines, sp\u00e9cialement pour le Tour de France.\" width=\"960\" height=\"640\"\/><br \/>\n    \u00c0 gauche, Guillaume et Tatiana, d\u2019origine colombienne, vivent \u00e0 Seclin. Ils accueillent une famille venue de Colombie pendant trois semaines, sp\u00e9cialement pour le Tour de France. \u00a9AV\/Lille act<\/p>\n<p class=\" wall-content\"><b>12h15 : pendant ce temps, <a href=\"https:\/\/actu.fr\/hauts-de-france\/lille_59350\/en-images-le-fan-park-du-tour-de-france-pris-dassaut-des-son-ouverture-a-lille_62863508.html\" rel=\"nofollow noopener\" target=\"_blank\">le Fan park de Lille<\/a> fait le plein.<\/b> Le public s\u2019y prom\u00e8ne en attendant le passage des coureurs\u2026 et \u00e7a joue \u00e0 la p\u00e9tanque, en musique !<\/p>\n<p class=\" wall-content\">\n<p>    <img   decoding=\"async\" loading=\"lazy\" class=\"size-large\" src=\"https:\/\/www.europesays.com\/fr\/wp-content\/uploads\/2025\/07\/47607fdaf86863b607fdaf8681f607v-960x640.jpg\" alt=\"En attendant les coureurs, le public opte pour le Fan park \u00e0 Lille.\" width=\"960\" height=\"640\"\/><br \/>\n    En attendant les coureurs, le public opte pour le Fan park \u00e0 Lille. \u00a9ND\/Lille actu<br \/>\n    <img   decoding=\"async\" loading=\"lazy\" class=\"size-large\" src=\"https:\/\/www.europesays.com\/fr\/wp-content\/uploads\/2025\/07\/11a0c35bf868625a0c35bf868f8a0cv-960x640.jpg\" alt=\"Vague de jaune au Fan park.\" width=\"960\" height=\"640\"\/><br \/>\n    Vague de jaune au Fan park. \u00a9ND\/Lille actu<br \/>\n    <img   decoding=\"async\" loading=\"lazy\" class=\"size-large\" src=\"https:\/\/www.europesays.com\/fr\/wp-content\/uploads\/2025\/07\/f2cf75cbf8686e6cf75cbf868dacf7v-960x640.jpg\" alt=\"P\u00e9tanque au menu du jour !\" width=\"960\" height=\"640\"\/><br \/>\n    P\u00e9tanque au menu du jour ! \u00a9ND\/Lille actu<br \/>\n    <img   decoding=\"async\" loading=\"lazy\" class=\"size-large\" src=\"https:\/\/www.europesays.com\/fr\/wp-content\/uploads\/2025\/07\/27828fdaf86861b828fdaf868fe828v-960x640.jpg\" alt=\"Il faut s'armer de patience : la file d'attente s'allonge, sur l'heure du midi.\" width=\"960\" height=\"640\"\/><br \/>\n    Il faut s\u2019armer de patience : la file d\u2019attente s\u2019allonge, sur l\u2019heure du midi. \u00a9ND\/Lille actu<\/p>\n<p class=\" wall-content\"><b>11h55 : on d\u00e9colle pour Seclin<\/b>, <b>o\u00f9 la foule a aussi r\u00e9pondu pr\u00e9sente<\/b><\/p>\n<p class=\" wall-content\">\n<p>    <img   decoding=\"async\" loading=\"lazy\" class=\"size-large\" src=\"https:\/\/www.europesays.com\/fr\/wp-content\/uploads\/2025\/07\/88c2a527f8686bcc2a527f868a0d2av-960x640.jpg\" alt=\"\u00c0 Seclin, peu avant 12h, on attendait impatiemment le passage de la caravane du Tour de France.\" width=\"960\" height=\"640\"\/><br \/>\n    \u00c0 Seclin, peu avant 12h, on attendait impatiemment le passage de la caravane du Tour de France. \u00a9AV\/Lille actu<br \/>\n    <img   decoding=\"async\" loading=\"lazy\" class=\"size-large\" src=\"https:\/\/www.europesays.com\/fr\/wp-content\/uploads\/2025\/07\/42bc542af8686c6bc542af8689abc5v-960x640.jpg\" alt=\"On prend le pouls \u00e0 Seclin !\" width=\"960\" height=\"640\"\/><br \/>\n    On prend le pouls \u00e0 Seclin ! \u00a9AV\/Lille actu<\/p>\n<p class=\" wall-content\"><b>11h51 : le podium, pour la fin de cette 1ere \u00e9tape autour de Lille est d\u00e9j\u00e0 en place<\/b>, sur l\u2019esplanade du Champ de Mars, au c\u0153ur du parc de la Citadelle<\/p>\n<p>    <img   decoding=\"async\" loading=\"lazy\" class=\"size-large\" src=\"https:\/\/www.europesays.com\/fr\/wp-content\/uploads\/2025\/07\/711b4b76f8686751b4b76f868591b4v-960x640.jpg\" alt=\"Le podium pour accueillir les leaders de la premi\u00e8re \u00e9tape du Tour de France \u00e0 Lille est d\u00e9j\u00e0 en place.\" width=\"960\" height=\"640\"\/><br \/>\n    Le podium pour accueillir les leaders de la premi\u00e8re \u00e9tape du Tour de France \u00e0 Lille est d\u00e9j\u00e0 en place. \u00a9ND\/Lille actu<\/p>\n<p class=\" wall-content\"><b>11h43 : Senseo, zoo de Beauval, Ast\u00e9rix et Ob\u00e9lix\u2026 Floril\u00e8ge des voitures les plus remarquables\u00a0<\/b><\/p>\n<p>    <img   decoding=\"async\" loading=\"lazy\" class=\"size-large\" src=\"https:\/\/www.europesays.com\/fr\/wp-content\/uploads\/2025\/07\/05c928130968609c928130968fcc92v-960x640.jpg\" alt=\"Joli ballet de voitures !\" width=\"960\" height=\"640\"\/><br \/>\n    Joli ballet de voitures pour le Tour de France \u00e0 Lille ! \u00a9RM\/Lille actu<br \/>\n    <img   decoding=\"async\" loading=\"lazy\" class=\"size-large\" src=\"https:\/\/www.europesays.com\/fr\/wp-content\/uploads\/2025\/07\/42fb2273f868666fb2273f8683afb2v-960x640.jpg\" alt=\"Panoramix...\" width=\"960\" height=\"640\"\/><br \/>\n    Panoramix\u2026 \u00a9ND\/Lille actu<br \/>\n    <img   decoding=\"async\" loading=\"lazy\" class=\"size-large\" src=\"https:\/\/www.europesays.com\/fr\/wp-content\/uploads\/2025\/07\/dd7e2273f8686c18e2273f868a58e2v-960x640.jpg\" alt=\"Floril\u00e8ge des plus belles voitures aper\u00e7ues au Tout de France de Lille.\" width=\"960\" height=\"640\"\/><br \/>\n    Floril\u00e8ge des plus belles voitures aper\u00e7ues au Tout de France de Lille. \u00a9ND\/Lille actu<br \/>\n    <img   decoding=\"async\" loading=\"lazy\" class=\"size-large\" src=\"https:\/\/www.europesays.com\/fr\/wp-content\/uploads\/2025\/07\/2f0cdc14f8686731cdc14f868671cdv-960x640.jpg\" alt=\"Cornet de poulet g\u00e9ant...\" width=\"960\" height=\"640\"\/><br \/>\n    Cornet de poulet g\u00e9ant\u2026 \u00a9ND\/Lille actu<br \/>\n    <img   decoding=\"async\" loading=\"lazy\" class=\"size-large\" src=\"https:\/\/www.europesays.com\/fr\/wp-content\/uploads\/2025\/07\/92b01d14f868686b01d14f8689ab01v-960x640.jpg\" alt=\"... et une machine \u00e0 caf\u00e9 roulante.\" width=\"960\" height=\"640\"\/><br \/>\n    \u2026 et une machine \u00e0 caf\u00e9 roulante. \u00a9ND\/Lille actu<br \/>\n    <img   decoding=\"async\" loading=\"lazy\" class=\"size-large\" src=\"https:\/\/www.europesays.com\/fr\/wp-content\/uploads\/2025\/07\/2131dc14f86861531dc14f868e831dv-960x640.jpg\" alt=\"Le zoo de Beauval est repr\u00e9sent\u00e9 !\" width=\"960\" height=\"640\"\/><br \/>\n    Le zoo de Beauval est repr\u00e9sent\u00e9 ! \u00a9ND\/Lille actu<br \/>\n    <img   decoding=\"async\" loading=\"lazy\" class=\"size-large\" src=\"https:\/\/www.europesays.com\/fr\/wp-content\/uploads\/2025\/07\/51780d14f868655780d14f86859780v-960x640.jpg\" alt=\"Les voitures, originales, ravissent la foule.\" width=\"960\" height=\"640\"\/><br \/>\n    Les voitures, originales, ravissent la foule. \u00a9ND\/Lille actu<br \/>\n    <img   decoding=\"async\" loading=\"lazy\" class=\"size-large\" src=\"https:\/\/www.europesays.com\/fr\/wp-content\/uploads\/2025\/07\/5e8dc765f8686729dc765f868469dcv-960x640.jpg\" alt=\"Et l'in\u00e9vitable voiture Cochonou !\" width=\"960\" height=\"640\"\/><br \/>\n    Et l\u2019embl\u00e9matique voiture Cochonou ! \u00a9ND\/Lille actu<\/p>\n<p class=\" wall-content\"><b>11h29 : des bras tendus pour attraper les goodies \u00e0 Lille<\/b><\/p>\n<p>    <img   decoding=\"async\" loading=\"lazy\" class=\"size-large\" src=\"https:\/\/www.europesays.com\/fr\/wp-content\/uploads\/2025\/07\/ca5992c0f8686de5992c0f868d1699v-960x640.jpeg\" alt=\"Le v\u00e9hicule de Tokapi fait des envieux ! On essaie d'attraper des paquets de biscuits ap\u00e9ro \u00e0 Lille (Nord).\" width=\"960\" height=\"640\"\/><br \/>\n    Le v\u00e9hicule de Tokapi fait des envieux ! On essaie d\u2019attraper des paquets de biscuits ap\u00e9ro \u00e0 Lille (Nord). \u00a9RM\/Lille actu<\/p>\n<p class=\" wall-content\"><b>11h26 : des \u00ab\u00a0food runners\u00a0\u00bb \u00e0 la course aux goodies<\/b><\/p>\n<p>    <img   decoding=\"async\" loading=\"lazy\" class=\"size-large\" src=\"https:\/\/www.europesays.com\/fr\/wp-content\/uploads\/2025\/07\/952e0820f8686892e0820f8686d2e0v-960x640.jpeg\" alt=\"Marine, Florian, In\u00e8s, Colin, Adam, Thomas, Adrien, L\u00e9a, \" food=\"\" runners=\"\" lille=\"\" courent=\"\" ce=\"\" jour=\"\" apr=\"\" les=\"\" goodies.=\"\" width=\"960\" height=\"640\"\/><br \/>\n    Marine, Florian, In\u00e8s, Colin, Adam, Thomas, Adrien, L\u00e9a, \u00ab\u00a0food runners\u00a0\u00bb \u00e0 Lille, courent ce jour apr\u00e8s les goodies. \u00a9HM\/Lille actu<\/p>\n<p class=\" wall-content\">Les membres de l\u2019organisation de \u00ab\u00a0food runners de Lille\u00a0\u00bb, qui ont entre 23 et 28 ans, courent habituellement tous les samedis environ 7 kilom\u00e8tres, avant de se faire un resto dans une bonne adresse. Comme les rues sont bloqu\u00e9es ce samedi, ils ont d\u00e9cid\u00e9 de \u00ab\u00a0courir apr\u00e8s les goodies. On est quelques uns \u00e0 aimer le cyclisme et on a convaincu les autres de nous suivre.\u00a0\u00bb<\/p>\n<p class=\" wall-content\"><b>11h18 : la caravane est officiellement lanc\u00e9e\u00a0<\/b><\/p>\n<p class=\" wall-content\">Les premiers v\u00e9hicules de la caravane passent \u00e0 Lille.<\/p>\n<p>    <img   decoding=\"async\" loading=\"lazy\" class=\"size-large\" src=\"https:\/\/www.europesays.com\/fr\/wp-content\/uploads\/2025\/07\/5460471ee86865860471ee8683c604v-960x640.jpeg\" alt=\"La caravane du Tour de France 2025 est officiellement lanc\u00e9e.\" width=\"960\" height=\"640\"\/><br \/>\n    La caravane du Tour de France 2025 est officiellement lanc\u00e9e. \u00a9ND\/Lille actu<\/p>\n<p class=\" wall-content\"><b>11h16 : des \u00ab\u00a0paniers \u00e0 goodies\u00a0\u00bb<\/b><\/p>\n<p class=\" wall-content\">Ces jeunes sont venus avec des cr\u00e9ations originales, des \u00ab\u00a0paniers \u00e0 goodies\u00a0\u00bb. \u00c0 voir ce qu\u2019ils vont pouvoir attraper dans leurs filets !<\/p>\n<p>    <img   decoding=\"async\" loading=\"lazy\" class=\"size-large\" src=\"https:\/\/www.europesays.com\/fr\/wp-content\/uploads\/2025\/07\/9acda98de86868ecda98de86882ddav-960x640.jpeg\" alt=\"Ces jaunes sont venus \u00e9quip\u00e9s de leurs \" paniers=\"\" goodies=\"\" pour=\"\" le=\"\" grand=\"\" d=\"\" du=\"\" tour=\"\" de=\"\" france=\"\" lille=\"\" width=\"960\" height=\"640\"\/><br \/>\n    Ces jaunes sont venus \u00e9quip\u00e9s de leurs \u00ab\u00a0paniers \u00e0 goodies\u00a0\u00bb, pour le grand d\u00e9part du Tour de France \u00e0 Lille (Nord). \u00a9HM\/Lille actu<\/p>\n<p class=\" wall-content\"><b>11h07 : des passionn\u00e9s de v\u00e9lo venus de Londres pour vivre le grand d\u00e9part<\/b><\/p>\n<p class=\" wall-content\">Harry et Madeleine, install\u00e9s au niveau de la porte de Paris, viennent de Londres. C\u2019est leur 2e Tour de France. Ils sont fans de cyclisme et vont rester une nuit pour vivre l\u2019\u00e9v\u00e9nement \u00e0 Lille. Pour leur premi\u00e8re fois en 2024, ils \u00e9taient dans le Jura.<\/p>\n<blockquote class=\"ac-article-quote wall-content\">\n<p>\u00ab\u00a0L\u2019ambiance est vraiment super ici. On attend les goodies et les coureur maintenant !\u00a0\u00bb<\/p>\n<\/blockquote>\n<p>    <img   decoding=\"async\" loading=\"lazy\" class=\"size-large\" src=\"https:\/\/www.europesays.com\/fr\/wp-content\/uploads\/2025\/07\/604cd2cbe8686544cd2cbe868284cdv-960x640.jpeg\" alt=\"Harry et Madeleine sont venus de Londres pour vivre l'\u00e9v\u00e9nement \u00e0 Lille. C'est leur 2e fois sur le Tour de France. En 2024, ils \u00e9taient dans le Jura.\" width=\"960\" height=\"640\"\/><br \/>\n    Harry et Madeleine sont venus de Londres pour vivre l\u2019\u00e9v\u00e9nement \u00e0 Lille. C\u2019est leur 2e fois sur le Tour de France. En 2024, ils \u00e9taient dans le Jura. \u00a9RM\/Lille actu<\/p>\n<p class=\" wall-content\"><b>11h04 : la caravane est pr\u00eate \u00e0 partir<\/b><\/p>\n<p class=\" wall-content\"><a href=\"https:\/\/www.instagram.com\/p\/DLuDUUDshci\/embed\" title=\"Ouvrir le lien sur Instagram\" rel=\"nofollow noopener\" target=\"_blank\">Visualiser le contenu sur Instagram<\/a><\/p>\n<p class=\" wall-content\"><b>11h : la foule se densifie \u00e0 Lille<\/b><\/p>\n<p class=\" wall-content\">Les spectateurs du premier jour sont pr\u00e9sents en nombre ! Dans le centre-ville, cela devient difficile de circuler par endroits. Esplanade, porte de Paris\u2026 Chacun a s\u00e9lectionn\u00e9 son point de vue, pour esp\u00e9rer attraper des goodies de la caravane et bien voir les coureurs.\u00a0<\/p>\n<p class=\" wall-content\">\n<p class=\" wall-content\"><b>10h30 : des \u00ab\u00a0acharn\u00e9s du Tour\u00a0\u00bb \u00e0 Lille-Sud<\/b><\/p>\n<p class=\" wall-content\">\u00c0 Lille-Sud, on a crois\u00e9 des \u00ab\u00a0acharn\u00e9s du Tour de France\u00a0\u00bb.\u00a0 Originaires de Ca\u00ebstre (Nord), ils suivent plein de courses, notamment dans les Flandres. Estelle, \u00e0 gauche, est de Toulouse. Elle est devenue amie avec Vianney (\u00e0 c\u00f4t\u00e9 d\u2019elle) pendant le Paris Roubaix 2022. Arriv\u00e9s tr\u00e8s t\u00f4t ce matin, ils ont choisi ce spot-l\u00e0 \u00ab\u00a0pour \u00eatre proches du m\u00e9tro et partir vite pour ensuite aller \u00e0 5km de l\u2019arriv\u00e9e\u00a0\u00bb, un rond point \u00e0 Lomme. Ils vont suivre les \u00e9tapes locales. D\u00e9cid\u00e9ment, ils ont le v\u00e9lo dans la peau !<\/p>\n<p>    <img   decoding=\"async\" loading=\"lazy\" class=\"size-large\" src=\"https:\/\/www.europesays.com\/fr\/wp-content\/uploads\/2025\/07\/8a4820f1e86869e4820f1e86862582v-960x640.jpeg\" alt=\"Une belle bande est pr\u00e9sente depuis ce samedi matin 8h20 \u00e0 Lille-Sud. Notez que Doriane, 19 ans, tout \u00e0 droite de la photo, est habill\u00e9e gr\u00e2ce aux goodies de la caravane de l'ann\u00e9e derni\u00e8re. \" j=\"\" f=\"\" mes=\"\" ans=\"\" et=\"\" couverte=\"\" de=\"\" cadeaux=\"\" au=\"\" village=\"\" du=\"\" tour.=\"\" width=\"960\" height=\"640\"\/><br \/>\n    Une belle bande est pr\u00e9sente depuis ce samedi matin 8h20 \u00e0 Lille-Sud. Notez que Doriane, 19 ans, tout \u00e0 droite de la photo, est habill\u00e9e gr\u00e2ce aux goodies de la caravane de l\u2019ann\u00e9e derni\u00e8re. \u00ab\u00a0J\u2019ai f\u00eat\u00e9 mes 18 ans et j\u2019ai \u00e9t\u00e9 couverte de cadeaux au village du Tour.\u00a0\u00bb \u00a9HM\/Lille actu<\/p>\n<p class=\" wall-content\"><b>10h22 : Le village d\u00e9part se remplit<\/b><\/p>\n<p class=\" wall-content\">Les foules s\u2019agglutinent dans le village d\u00e9part \u00e0 Lille. Un lieu r\u00e9serv\u00e9 \u00e0 quelques privil\u00e9gi\u00e9s.<\/p>\n<p>    <img   decoding=\"async\" loading=\"lazy\" class=\"size-large\" src=\"https:\/\/www.europesays.com\/fr\/wp-content\/uploads\/2025\/07\/2ab92f80e86861eb92f80e868d1c92v-960x640.jpeg\" alt=\"Le village d\u00e9part est en place \u00e0 Lille (Nord), et accueille ses premiers visiteurs samedi matin. Un lieu r\u00e9serv\u00e9 \u00e0 quelques privil\u00e9gi\u00e9s.\" width=\"960\" height=\"640\"\/><br \/>\n    Le village d\u00e9part est en place \u00e0 Lille (Nord), et accueille ses premiers visiteurs samedi matin. Un lieu r\u00e9serv\u00e9 \u00e0 quelques privil\u00e9gi\u00e9s. \u00a9ND\/Lille actu<\/p>\n<p class=\" wall-content\"><b>10h17 : la voiture actu.fr pr\u00eate pour la caravane<\/b><\/p>\n<p class=\" wall-content\">Comme les autres \u00ab\u00a0caravaneux\u00a0\u00bb, la voiture d\u2019actu.fr est pr\u00eate pour cette premi\u00e8re \u00e9tape. Vous pourrez nous voir dans le cort\u00e8ge, et peut-\u00eatre attraper des goodies !<\/p>\n<p>    <a href=\"https:\/\/www.facebook.com\/plugins\/post.php?href=https%3A%2F%2Fwww.facebook.com%2Factufr.lille%2Fposts%2Fpfbid02Azx44Da8YaNse6GQRzqLshKSbm8yok3gdbaapuFc8vYVqaUq94aPKLYYMSBBXvMjl&amp;show_text=true&amp;width=350\" title=\"Ouvrie le lien\" rel=\"nofollow noopener\" target=\"_blank\">Cliquez ici pour visualiser le contenu<\/a><\/p>\n<p class=\" wall-content\"><b>10h : foule et danseurs pr\u00eats pour la caravane et le passage des coureurs<\/b><\/p>\n<p class=\" wall-content\"><b> <\/b>il y a d\u00e9j\u00e0 du monde sur l\u2019Esplanade. L\u2019ambiance monte \u00e0 l\u2019approche du grand d\u00e9part !\u00a0<\/p>\n<p class=\" wall-content\">\n<p>    <img   decoding=\"async\" loading=\"lazy\" class=\"size-large\" src=\"https:\/\/www.europesays.com\/fr\/wp-content\/uploads\/2025\/07\/ed479ed9d8686d1579ed9d868b5579v-960x640.jpeg\" alt=\"Peu avant 10h ce samedi matin, il y a du monde sur l'Esplanade \u00e0 Lille.\" width=\"960\" height=\"640\"\/><br \/>\n    Peu avant 10h ce samedi matin, il y a du monde sur l\u2019Esplanade \u00e0 Lille. \u00a9ND\/Lille actu<br \/>\n    <img   decoding=\"async\" loading=\"lazy\" class=\"size-large\" src=\"https:\/\/www.europesays.com\/fr\/wp-content\/uploads\/2025\/07\/700e7b76c8686640e7b76c868680e7v-960x640.jpeg\" alt=\"La ville de Lille est pr\u00eate, on imagine l'ambiance ici en fin de journ\u00e9e.\" width=\"960\" height=\"640\"\/><br \/>\n    La ville de Lille est pr\u00eate, on imagine l\u2019ambiance ici en fin de journ\u00e9e. \u00a9ND\/Lille actu<\/p>\n<p class=\" wall-content\"><a href=\"https:\/\/www.instagram.com\/p\/DLp3XDnsVv9\/embed\" title=\"Ouvrir le lien sur Instagram\" rel=\"nofollow noopener\" target=\"_blank\">Visualiser le contenu sur Instagram<\/a><\/p>\n<p>Quel parcours pour la premi\u00e8re \u00e9tape ?\u00a0<\/p>\n<p class=\" wall-content\">La premi\u00e8re \u00e9tape part de Lille pour\u2026 revenir \u00e0 Lille ! Les coureurs feront un parcours de 185 km dans le Nord et le Pas-de-Calais. Ils traverseront notamment Seclin, Lens, B\u00e9thune ou encore Lomme, avant le retour dans la Capitale des Flandres. On vous dit o\u00f9 les voir, rue par rue \u00e0 Lille, <a href=\"https:\/\/actu.fr\/hauts-de-france\/lille_59350\/depart-du-tour-de-france-a-lille-voici-les-rues-quemprunteront-les-coureurs-passeront-samedi-5-juillet_62809501.html\" rel=\"nofollow noopener\" target=\"_blank\">dans un article cibl\u00e9<\/a>.<\/p>\n<p class=\" wall-content\">Notez que le Tour de France reste plusieurs jours dans la r\u00e9gion : deux autres \u00e9tapes traversent le Nord et le Pas-de-Calais, dimanche et lundi <a href=\"https:\/\/actu.fr\/hauts-de-france\/lille_59350\/tour-de-france-2025-a-lille-voici-les-parcours-des-etapes-organisees-dans-le-nord-et-le-pas-de-calais_61799749.html\" rel=\"nofollow noopener\" target=\"_blank\">comme on vous le d\u00e9taille par ici<\/a>.<\/p>\n<ul class=\" wall-content\">\n<li><b>VID\u00c9O. On vous pr\u00e9sente la premi\u00e8re \u00e9tape du Tour :<\/b><\/li>\n<\/ul>\n<p>    <a href=\"https:\/\/www.facebook.com\/plugins\/video.php?height=476&amp;href=https%3A%2F%2Fwww.facebook.com%2Factufr.lille%2Fvideos%2F752184770670426%2F&amp;show_text=false&amp;width=350&amp;t=0\" title=\"Ouvrie le lien\" rel=\"nofollow noopener\" target=\"_blank\">Cliquez ici pour visualiser le contenu<\/a><\/p>\n<p>Un \u00ab\u00a0fan park\u00a0\u00bb avec des ateliers v\u00e9lo \u00e0 R\u00e9publique<\/p>\n<p class=\" wall-content\">Ce jeudi, en plus de la parade des coureurs \u00e0 Lille, un \u00ab\u00a0fan park\u00a0\u00bb th\u00e9matique a ouvert ses portes place de la R\u00e9publique. Des ateliers autour du v\u00e9lo y sont propos\u00e9s. On vous en dit plus sur les lieux <a href=\"https:\/\/actu.fr\/hauts-de-france\/lille_59350\/en-images-le-fan-park-du-tour-de-france-pris-dassaut-des-son-ouverture-a-lille_62863508.html\" rel=\"nofollow noopener\" target=\"_blank\">dans un article consacr\u00e9 au sujet<\/a>.<\/p>\n<blockquote class=\"tiktok-embed\" cite=\"https:\/\/www.tiktok.com\/@lilleactu\/video\/7522887366663539990\" data-video-id=\"7522887366663539990\" data-embed-from=\"oembed\" style=\"max-width:605px; min-width:325px;\"><p>\n<a target=\"_blank\" title=\"@lilleactu\" href=\"https:\/\/www.tiktok.com\/@lilleactu?refer=embed\" rel=\"nofollow noopener\">@lilleactu<\/a> <\/p>\n<p>C\u2019est le top d\u00e9part pour le Fan Park du <a title=\"tourdefrance\" target=\"_blank\" href=\"https:\/\/www.tiktok.com\/tag\/tourdefrance?refer=embed\" rel=\"nofollow noopener\">#tourdefrance<\/a> 2025 \u00e0 <a title=\"lille\" target=\"_blank\" href=\"https:\/\/www.tiktok.com\/tag\/lille?refer=embed\" rel=\"nofollow noopener\">#lille<\/a> . Au programme : activit\u00e9s ludiques et sportives, avec de nombreux cadeaux \u00e0 gagner ! <\/p>\n<p> <a target=\"_blank\" title=\"\u266c CLOSE MY EYES - Ki\" href=\"https:\/\/www.tiktok.com\/music\/CLOSE-MY-EYES-6768778887435405314?refer=embed\" rel=\"nofollow noopener\">\u266c CLOSE MY EYES \u2013 Ki<\/a> <\/p>\n<\/blockquote>\n<p>    <img   decoding=\"async\" loading=\"lazy\" class=\"size-large\" src=\"https:\/\/www.europesays.com\/fr\/wp-content\/uploads\/2025\/07\/fe27deb5b6686c237deb5b668a637dv-1-960x640.jpg\" alt=\"Revivez en images la grande parade des coureurs du Tour de France 2025 dans le centre-ville de Lille (Nord), ce jeudi 3 juillet 2025.\" width=\"960\" height=\"640\"\/><br \/>\n    Deux jours avant le grand d\u00e9part, les coureurs de l\u2019\u00e9dition 2025 du Tour de France ont d\u00e9fil\u00e9 \u00e0 Lille (Nord), devant la foule. \u00a9Lille actu<\/p>\n<p class=\" wall-content\">Pour vous mettre aux couleurs du Tour, des boutiques officielles sont install\u00e9es un peu partout en ville, dont une grande fixe place des Buisses, pr\u00e8s de la gare Lille-Flandres. Des goodies gadget aux v\u00eatements techniques, on fait un tour d\u2019horizon sur ce qu\u2019on y trouve et \u00e0 quel prix <a href=\"https:\/\/actu.fr\/hauts-de-france\/lille_59350\/tour-de-france-a-lille-que-trouve-t-on-dans-la-boutique-officielle-et-a-quels-prix_62861127.html\" rel=\"nofollow noopener\" target=\"_blank\">par ici<\/a>.<\/p>\n<p>Les restrictions de circulation et transports<\/p>\n<p class=\" wall-content\">Ce samedi, le service du m\u00e9tro sera renforc\u00e9, a annonc\u00e9 le gestionnaire du r\u00e9seau Il\u00e9via. Il tournera plus fr\u00e9quemment et le dernier d\u00e9part sera donn\u00e9 \u00e0 1h30 du matin depuis Lille-Flandres. Le tramway sera aussi \u00ab\u00a0adapt\u00e9 \u00e0 l\u2019affluence\u00a0\u00bb est-il indiqu\u00e9, en direction de Roubaix et de Tourcoing. Le dernier d\u00e9part est annonc\u00e9 depuis Lille-Flandres \u00e0 1h25 (vers Roubaix) et 1h35 (vers Tourcoing). C\u00f4t\u00e9 bus, le r\u00e9seau sera logiquement perturb\u00e9, des stations V\u2019Lille seront aussi ferm\u00e9es.\u00a0<\/p>\n<p class=\" wall-content\">C\u00f4t\u00e9 circulation et stationnement, de nombreuses rues sont bloqu\u00e9es pour le passage du Tour. Plusieurs parkings sont ferm\u00e9s, dont celui de R\u00e9publique. Le stationnement est interdit sur les parkings du Champ de Mars, depuis le 1er juillet et jusqu\u2019\u00e0 ce samedi \u00e0 23h. Pour en savoir plus sur les conditions de circulation et l\u2019adaptation des transports pour l\u2019\u00e9v\u00e9nement, <a href=\"https:\/\/actu.fr\/hauts-de-france\/lille_59350\/transports-circulation-stationnement-les-mesures-pour-le-tour-de-france-qui-vont-impacter-lille_62840088.html\" rel=\"nofollow noopener\" target=\"_blank\">consultez notre article<\/a>.<\/p>\n<p class=\" wall-content\">Suivez-nous aussi <a href=\"https:\/\/x.com\/Lille_actu\" rel=\"nofollow\">sur X<\/a>, <a href=\"https:\/\/www.facebook.com\/actufr.lille\/\" rel=\"nofollow noopener\" target=\"_blank\">Facebook<\/a>, <a href=\"https:\/\/www.instagram.com\/lilleactu\/?hl=fr\" rel=\"nofollow noopener\" target=\"_blank\">Instagram<\/a> et <a href=\"https:\/\/www.tiktok.com\/@lilleactu?lang=fr\" rel=\"nofollow noopener\" target=\"_blank\">TikTok.<\/a><\/p>\n<p class=\" wall-content\">Suivez toute l\u2019actualit\u00e9 de vos villes et m\u00e9dias favoris en vous inscrivant \u00e0 <a href=\"https:\/\/moncompte.actu.fr\" title=\"D\u00e9couvez Mon Actu\" rel=\"nofollow noopener\" data-trk=\"{&quot;cta&quot;:{&quot;action&quot;:&quot;https:\\\/\\\/moncompte.actu.fr&quot;,&quot;category&quot;:&quot;mon compte&quot;,&quot;from&quot;:&quot;article footer&quot;,&quot;name&quot;:&quot;Mon actu&quot;,&quot;type&quot;:&quot;cta&quot;}}\" target=\"_blank\">Mon Actu<\/a>.<\/p>\n<p>                    <script async src=\"\/\/www.instagram.com\/embed.js\"><\/script><script async src=\"\/\/www.tiktok.com\/embed.js\"><\/script><\/p>\n","protected":false},"excerpt":{"rendered":"Par Amandine Vachez Publi\u00e9 le 5 juil. 2025 \u00e0 13h41 Enfin, le jour J est arriv\u00e9 ! Enfilez&hellip;\n","protected":false},"author":2,"featured_media":228024,"comment_status":"","ping_status":"","sticky":false,"template":"","format":"standard","meta":{"footnotes":""},"categories":[2815],"tags":[1111,11,1777,674,1011,27,811,1307,12,25,104,210,2116],"class_list":{"0":"post-228023","1":"post","2":"type-post","3":"status-publish","4":"format-standard","5":"has-post-thumbnail","7":"category-lille","8":"tag-actu","9":"tag-actualites","10":"tag-eu","11":"tag-europe","12":"tag-fr","13":"tag-france","14":"tag-hauts-de-france","15":"tag-lille","16":"tag-news","17":"tag-republique-francaise","18":"tag-societe","19":"tag-tour-de-france","20":"tag-tour-de-france-2025"},"share_on_mastodon":{"url":"https:\/\/pubeurope.com\/@fr\/114800466425482758","error":""},"_links":{"self":[{"href":"https:\/\/www.europesays.com\/fr\/wp-json\/wp\/v2\/posts\/228023","targetHints":{"allow":["GET"]}}],"collection":[{"href":"https:\/\/www.europesays.com\/fr\/wp-json\/wp\/v2\/posts"}],"about":[{"href":"https:\/\/www.europesays.com\/fr\/wp-json\/wp\/v2\/types\/post"}],"author":[{"embeddable":true,"href":"https:\/\/www.europesays.com\/fr\/wp-json\/wp\/v2\/users\/2"}],"replies":[{"embeddable":true,"href":"https:\/\/www.europesays.com\/fr\/wp-json\/wp\/v2\/comments?post=228023"}],"version-history":[{"count":0,"href":"https:\/\/www.europesays.com\/fr\/wp-json\/wp\/v2\/posts\/228023\/revisions"}],"wp:featuredmedia":[{"embeddable":true,"href":"https:\/\/www.europesays.com\/fr\/wp-json\/wp\/v2\/media\/228024"}],"wp:attachment":[{"href":"https:\/\/www.europesays.com\/fr\/wp-json\/wp\/v2\/media?parent=228023"}],"wp:term":[{"taxonomy":"category","embeddable":true,"href":"https:\/\/www.europesays.com\/fr\/wp-json\/wp\/v2\/categories?post=228023"},{"taxonomy":"post_tag","embeddable":true,"href":"https:\/\/www.europesays.com\/fr\/wp-json\/wp\/v2\/tags?post=228023"}],"curies":[{"name":"wp","href":"https:\/\/api.w.org\/{rel}","templated":true}]}}