{"id":228025,"date":"2025-07-05T11:48:10","date_gmt":"2025-07-05T11:48:10","guid":{"rendered":"https:\/\/www.europesays.com\/fr\/228025\/"},"modified":"2025-07-05T11:48:10","modified_gmt":"2025-07-05T11:48:10","slug":"sur-le-vieux-port-lelectro-a-fait-decoller-lete-marseillais","status":"publish","type":"post","link":"https:\/\/www.europesays.com\/fr\/228025\/","title":{"rendered":"sur le Vieux-Port, l&rsquo;\u00e9lectro a fait d\u00e9coller l&rsquo;\u00c9t\u00e9 Marseillais"},"content":{"rendered":"<p>Cette fois on peut le dire, la saison estivale est bien lanc\u00e9e dans la cit\u00e9 phoc\u00e9enne. Si <a href=\"https:\/\/www.laprovence.com\/article\/region\/31570002417842\/cine-plein-air-marches-fetes-des-plages-du-prado-a-lestaque-le-programme-bien-rempli-de-lete-marseillais\" target=\"_blank\" rel=\"noopener\">l&rsquo;\u00c9t\u00e9 marseillais<\/a> a lanc\u00e9 sa programmation d\u00e8s le 21 juin, <a href=\"https:\/\/www.laprovence.com\/article\/region\/34718174632041\/ete-marseillais-la-scene-flottante-sinstalle-sur-le-vieux-port\" target=\"_blank\" rel=\"noopener\">la sc\u00e8ne flottante a retrouv\u00e9 ses quartiers<\/a> ce vendredi 4 juillet au Vieux-Port. <br \/>Install\u00e9e face \u00e0 la mairie, avec la basilique Notre-Dame de la Garde en arri\u00e8re-plan, le c\u0153ur battant des animations a rassembl\u00e9 des milliers de personnes pour une grande f\u00eate populaire. Qui co\u00efncidait cette ann\u00e9e avec le d\u00e9but des vacances scolaires.<\/p>\n<p>Ainsi, de nombreuses familles venaient profiter de l&rsquo;\u00e9v\u00e9nement. Tout comme les nouveaux bacheliers lib\u00e9r\u00e9s depuis quelques heures \u00e0 peine de leurs pr\u00e9occupations. En ce sens, le premier set du jour sign\u00e9 Since Charles tombait \u00e0 point nomm\u00e9 : l&rsquo;\u00e9lectro-pop du musicien, teint\u00e9e de nostalgie adolescente, donnait le ton sous une chaleur encore importante peu apr\u00e8s 20\u00a0h. Les quelques d\u00e9soiffeurs, charg\u00e9s de distribuer de l&rsquo;eau dans le public \u00e9taient sollicit\u00e9s de tous les c\u00f4t\u00e9s, aussi bien dans la tribune install\u00e9e sur le quai que par les spectateurs rest\u00e9s debouts.<\/p>\n<p>La nuit tombant, le public se faisait de plus en plus nombreux pr\u00e8s de la sc\u00e8ne, sur laquelle prenait place le trio de Vendredi Sur Mer. Dont la chanteuse, Charline Mignot, \u00e9tait entour\u00e9e d&rsquo;une batteuse et d&rsquo;un musicien alternant entre claviers et guitare \u00e9lectrique. Pendant une bonne heure, le groupe envoyait des sonorit\u00e9s joyeuses appelant \u00e0 la c\u00e9l\u00e9bration collective pour ce rendez-vous gratuit. Avant de boucler avec le titre Les Filles D\u00e9sir, en clin d&rsquo;\u0153il \u00e0 la communaut\u00e9 LGBTQIA+ et \u00e0 la Pride organis\u00e9e ce samedi 5 juillet \u00e0 Marseille.<\/p>\n<p>Le show de Worakls\u00a0<\/p>\n<p>Le moment le plus attendu de la soir\u00e9e arrivait \u00e0 22h30, avec le show de <a href=\"https:\/\/www.laprovence.com\/article\/sorties-loisirs\/5389456\/worakls-loracle-de-la-musique-electronique.html\" target=\"_blank\" rel=\"noopener\">Worakls<\/a>, accompagn\u00e9 d&rsquo;une vingtaine de chanteurs et musiciens classiques. Lanc\u00e9 sur une sc\u00e8ne plong\u00e9e dans le noir, simplement \u00e9clair\u00e9e par des petits n\u00e9ons bleus, le concert d\u00e9marrait au son des violons, instruments \u00e0 vent et \u00e0 cordes, tr\u00e8s vite rejoints par les notes du DJ. Une ambiance rappelant les shows de la violoniste am\u00e9ricaine Lindsey Stirling, qui a fait de cette combinaison entre sonorit\u00e9s \u00e9lectroniques et instruments classiques un incontournable.\u00a0<\/p>\n<p>Tout au long du set, musiciens et chanteurs \u00e9taient r\u00e9guli\u00e8rement mis sur le devant de la sc\u00e8ne. Tandis qu&rsquo;un premier clapping au bout d&rsquo;une dizaine de minutes faisait monter un peu plus la temp\u00e9rature. Le rythme s&rsquo;intensifiait et transformait le parvis de la mairie en piste de danse g\u00e9ante, sur laquelle les spectateurs se laissaient aller volontiers \u00e0 la f\u00eate. Avant de laisser la tonalit\u00e9 varier, l&rsquo;ambiance visuelle rouge accompagnant des sons plus durs tandis que quelques solos de l&rsquo;orchestre offraient des respirations appr\u00e9ci\u00e9es, pour ensuite repartir de plus belle avec des airs tziganes qui, port\u00e9s par les platines de Worakls, donnaient une autre dimension aux festivit\u00e9s. Les ultimes \u00e9lans d&rsquo;\u00e9lectro ponctuaient un set appr\u00e9ci\u00e9 par les 15 000 personnes recens\u00e9es par la Ville, qui ont rendez-vous d\u00e8s ce samedi 5 juillet pour l&rsquo;acte II de la sc\u00e8ne flottante 2025, avec Lucky Love et Jennifer Cardini.<\/p>\n","protected":false},"excerpt":{"rendered":"Cette fois on peut le dire, la saison estivale est bien lanc\u00e9e dans la cit\u00e9 phoc\u00e9enne. Si l&rsquo;\u00c9t\u00e9&hellip;\n","protected":false},"author":2,"featured_media":228026,"comment_status":"","ping_status":"","sticky":false,"template":"","format":"standard","meta":{"footnotes":""},"categories":[2814],"tags":[17,1111,11,1697,251,36645,1777,674,21,1011,27,36644,20839,884,12,882,25,3356,1179],"class_list":{"0":"post-228025","1":"post","2":"type-post","3":"status-publish","4":"format-standard","5":"has-post-thumbnail","7":"category-marseille","8":"tag-17","9":"tag-actu","10":"tag-actualites","11":"tag-concert","12":"tag-culture","13":"tag-decoller","14":"tag-eu","15":"tag-europe","16":"tag-fait","17":"tag-fr","18":"tag-france","19":"tag-lelectro","20":"tag-lete","21":"tag-marseille","22":"tag-news","23":"tag-provence-alpes-cote-dazur","24":"tag-republique-francaise","25":"tag-sur","26":"tag-vieux-port"},"share_on_mastodon":{"url":"","error":""},"_links":{"self":[{"href":"https:\/\/www.europesays.com\/fr\/wp-json\/wp\/v2\/posts\/228025","targetHints":{"allow":["GET"]}}],"collection":[{"href":"https:\/\/www.europesays.com\/fr\/wp-json\/wp\/v2\/posts"}],"about":[{"href":"https:\/\/www.europesays.com\/fr\/wp-json\/wp\/v2\/types\/post"}],"author":[{"embeddable":true,"href":"https:\/\/www.europesays.com\/fr\/wp-json\/wp\/v2\/users\/2"}],"replies":[{"embeddable":true,"href":"https:\/\/www.europesays.com\/fr\/wp-json\/wp\/v2\/comments?post=228025"}],"version-history":[{"count":0,"href":"https:\/\/www.europesays.com\/fr\/wp-json\/wp\/v2\/posts\/228025\/revisions"}],"wp:featuredmedia":[{"embeddable":true,"href":"https:\/\/www.europesays.com\/fr\/wp-json\/wp\/v2\/media\/228026"}],"wp:attachment":[{"href":"https:\/\/www.europesays.com\/fr\/wp-json\/wp\/v2\/media?parent=228025"}],"wp:term":[{"taxonomy":"category","embeddable":true,"href":"https:\/\/www.europesays.com\/fr\/wp-json\/wp\/v2\/categories?post=228025"},{"taxonomy":"post_tag","embeddable":true,"href":"https:\/\/www.europesays.com\/fr\/wp-json\/wp\/v2\/tags?post=228025"}],"curies":[{"name":"wp","href":"https:\/\/api.w.org\/{rel}","templated":true}]}}