{"id":228031,"date":"2025-07-05T11:51:14","date_gmt":"2025-07-05T11:51:14","guid":{"rendered":"https:\/\/www.europesays.com\/fr\/228031\/"},"modified":"2025-07-05T11:51:14","modified_gmt":"2025-07-05T11:51:14","slug":"au-sud-de-lyon-la-torchere-de-feyzin-activee-apres-un-incident-a-la-raffinerie","status":"publish","type":"post","link":"https:\/\/www.europesays.com\/fr\/228031\/","title":{"rendered":"Au sud de Lyon, la torch\u00e8re de Feyzin activ\u00e9e apr\u00e8s un incident \u00e0 la raffinerie"},"content":{"rendered":"<p itemprop=\"description\"><strong>Rouge sur les routes, rouge \u00e0 la raffinerie de Feyzin.<\/strong><\/p>\n<p>Ce samedi matin, alors que l&rsquo;A7 est prise d&rsquo;assaut pour le coup d&rsquo;envoi des vacances scolaires estivales, de nombreux automobilistes ont pu remarquer que la torch\u00e8re \u00e9tait activ\u00e9e.<\/p>\n<p>Un important panache de fum\u00e9e noire et une flamme de plusieurs m\u00e8tres sont visibles depuis Lyon.<\/p>\n<p>TotalEnergies, dans un communiqu\u00e9, annonce qu&rsquo;un incident \u00e9lectrique sur la plateforme de Feyzin \u00e0 7h42 a \u00ab\u00a0conduit \u00e0 la mise \u00e0 l&rsquo;arr\u00eat d&rsquo;une partie de nos unit\u00e9s\u00a0\u00bb.<\/p>\n<p>\u00ab\u00a0Ces unit\u00e9s ont \u00e9t\u00e9 mises en s\u00e9curit\u00e9. Durant cette phase et, conform\u00e9ment aux proc\u00e9dures de s\u00e9curit\u00e9 en vigueur, la torche sud du Raffinage du site est sollicit\u00e9e, occasionnant ponctuellement des \u00e9pisodes de bruit et de fumosit\u00e9\u00a0\u00bb, poursuit l&rsquo;exploitant du site au sud de Lyon.<\/p>\n<p>TotalEnergies conclut en annon\u00e7ant que bien qu&rsquo;impressionnant, le recours au torchage \u00ab\u00a0ne g\u00e9n\u00e8re pas de produits toxiques\u00a0\u00bb et que \u00ab\u00a0toutes les dispositions d\u2019exploitation sont prises afin de minimiser la dur\u00e9e de ces op\u00e9rations et de r\u00e9duire les nuisances sonores et visuelles\u00a0\u00bb.<\/p>\n<p>Il est recommand\u00e9 aux automobilistes de rester prudent et d&rsquo;\u00e9viter de tenter de filmer ou photographier la torch\u00e8re pendant la conduite.<\/p>\n","protected":false},"excerpt":{"rendered":"Rouge sur les routes, rouge \u00e0 la raffinerie de Feyzin. Ce samedi matin, alors que l&rsquo;A7 est prise&hellip;\n","protected":false},"author":2,"featured_media":228032,"comment_status":"","ping_status":"","sticky":false,"template":"","format":"standard","meta":{"footnotes":""},"categories":[1889],"tags":[1111,11,2813,2190,2430,1109,251,1112,2811,1777,674,118,1011,27,1922,1110,1114,2428,2810,12,241,316,25,2812,517,800],"class_list":{"0":"post-228031","1":"post","2":"type-post","3":"status-publish","4":"format-standard","5":"has-post-thumbnail","7":"category-lyon","8":"tag-actu","9":"tag-actualites","10":"tag-article","11":"tag-asvel","12":"tag-auvergne-rhone-alpes","13":"tag-breves","14":"tag-culture","15":"tag-depeches","16":"tag-economique","17":"tag-eu","18":"tag-europe","19":"tag-faits-divers","20":"tag-fr","21":"tag-france","22":"tag-info","23":"tag-informations","24":"tag-infos","25":"tag-lyon","26":"tag-lyonmag","27":"tag-news","28":"tag-ol","29":"tag-politique","30":"tag-republique-francaise","31":"tag-sociale","32":"tag-sport","33":"tag-transports"},"share_on_mastodon":{"url":"https:\/\/pubeurope.com\/@fr\/114800484866177341","error":""},"_links":{"self":[{"href":"https:\/\/www.europesays.com\/fr\/wp-json\/wp\/v2\/posts\/228031","targetHints":{"allow":["GET"]}}],"collection":[{"href":"https:\/\/www.europesays.com\/fr\/wp-json\/wp\/v2\/posts"}],"about":[{"href":"https:\/\/www.europesays.com\/fr\/wp-json\/wp\/v2\/types\/post"}],"author":[{"embeddable":true,"href":"https:\/\/www.europesays.com\/fr\/wp-json\/wp\/v2\/users\/2"}],"replies":[{"embeddable":true,"href":"https:\/\/www.europesays.com\/fr\/wp-json\/wp\/v2\/comments?post=228031"}],"version-history":[{"count":0,"href":"https:\/\/www.europesays.com\/fr\/wp-json\/wp\/v2\/posts\/228031\/revisions"}],"wp:featuredmedia":[{"embeddable":true,"href":"https:\/\/www.europesays.com\/fr\/wp-json\/wp\/v2\/media\/228032"}],"wp:attachment":[{"href":"https:\/\/www.europesays.com\/fr\/wp-json\/wp\/v2\/media?parent=228031"}],"wp:term":[{"taxonomy":"category","embeddable":true,"href":"https:\/\/www.europesays.com\/fr\/wp-json\/wp\/v2\/categories?post=228031"},{"taxonomy":"post_tag","embeddable":true,"href":"https:\/\/www.europesays.com\/fr\/wp-json\/wp\/v2\/tags?post=228031"}],"curies":[{"name":"wp","href":"https:\/\/api.w.org\/{rel}","templated":true}]}}