{"id":228042,"date":"2025-07-05T11:58:09","date_gmt":"2025-07-05T11:58:09","guid":{"rendered":"https:\/\/www.europesays.com\/fr\/228042\/"},"modified":"2025-07-05T11:58:09","modified_gmt":"2025-07-05T11:58:09","slug":"la-russie-et-lukraine-ont-procede-a-un-nouvel-echange-de-prisonniers-2","status":"publish","type":"post","link":"https:\/\/www.europesays.com\/fr\/228042\/","title":{"rendered":"La Russie et l\u2019Ukraine ont proc\u00e9d\u00e9 \u00e0 un nouvel \u00e9change de prisonniers"},"content":{"rendered":"<p>Plusieurs prisonniers de guerre ont pu rejoindre leurs patries respectives, ce vendredi 4\u00a0juillet. La Russie et l\u2019Ukraine ont proc\u00e9d\u00e9 \u00e0 un nouvel \u00e9change, comme l\u2019a annonc\u00e9 dans un communiqu\u00e9 le minist\u00e8re de la D\u00e9fense russe. <a href=\"https:\/\/rennes.maville.com\/actu\/actudet_-guerre-en-ukraine-pourquoi-l-echange-de-prisonniers-prevu-ce-mercredi-n-a-rien-d-exceptionnel-_54135-6724655_actu.Htm\" target=\"_self\" rel=\"noopener\">Des prisonniers avaient derni\u00e8rement \u00e9t\u00e9 \u00e9chang\u00e9s<\/a> le 26\u00a0juin dernier.<\/p>\n<p>Aucune pr\u00e9cision n\u2019a pourtant \u00e9t\u00e9 donn\u00e9e par Moscou concernant le nombre de soldats mobilis\u00e9s pour l\u2019op\u00e9ration ni sur les prisonniers rel\u00e2ch\u00e9s des deux c\u00f4t\u00e9s.<\/p>\n<p>Plusieurs \u00e9changes diplomatiques entre la Russie, les \u00c9tats-Unis et l\u2019Ukraine<\/p>\n<p>Cet \u00e9change intervient quelques heures apr\u00e8s un bombardement massif russe en territoire ukrainien, tandis que le pr\u00e9sident <a href=\"https:\/\/rennes.maville.com\/actu\/actudet_-guerre-en-ukraine-un-appel-entre-volodymyr-zelensky-et-donald-trump-prevu-cet-apres-midi-_54135-6885430_actu.Htm\" target=\"_self\" rel=\"noopener\">Volodymyr Zelensky s\u2019appr\u00eate \u00e0 s\u2019entretenir avec son homologue am\u00e9ricain<\/a>.<\/p>\n<p>Donald Trump regrettait, le 3\u00a0juillet aupr\u00e8s des m\u00e9dias nord-am\u00e9ricain, <a href=\"https:\/\/rennes.maville.com\/actu\/actudet_-guerre-en-ukraine.-pas-de-progres-vers-la-paix-un-mort-en-russie...-le-point-sur-la-nuit-_54135-6885010_actu.Htm\" target=\"_self\" rel=\"noopener\">un manque de progr\u00e8s dans les avanc\u00e9es diplomatiques<\/a> avec Vladimir Poutine.<\/p>\n<p>\u00a0<\/p>\n","protected":false},"excerpt":{"rendered":"Plusieurs prisonniers de guerre ont pu rejoindre leurs patries respectives, ce vendredi 4\u00a0juillet. La Russie et l\u2019Ukraine ont&hellip;\n","protected":false},"author":2,"featured_media":228043,"comment_status":"","ping_status":"","sticky":false,"template":"","format":"standard","meta":{"footnotes":""},"categories":[1591],"tags":[11,11096,1887,2047,12,10542,807,36646,1885,1886,132,220],"class_list":{"0":"post-228042","1":"post","2":"type-post","3":"status-publish","4":"format-standard","5":"has-post-thumbnail","7":"category-russie","8":"tag-actualites","9":"tag-echange","10":"tag-federation-de-russie","11":"tag-mans","12":"tag-news","13":"tag-nouvel","14":"tag-prisonniers","15":"tag-procede","16":"tag-russia","17":"tag-russian-federation","18":"tag-russie","19":"tag-ukraine"},"share_on_mastodon":{"url":"https:\/\/pubeurope.com\/@fr\/114800512474382911","error":""},"_links":{"self":[{"href":"https:\/\/www.europesays.com\/fr\/wp-json\/wp\/v2\/posts\/228042","targetHints":{"allow":["GET"]}}],"collection":[{"href":"https:\/\/www.europesays.com\/fr\/wp-json\/wp\/v2\/posts"}],"about":[{"href":"https:\/\/www.europesays.com\/fr\/wp-json\/wp\/v2\/types\/post"}],"author":[{"embeddable":true,"href":"https:\/\/www.europesays.com\/fr\/wp-json\/wp\/v2\/users\/2"}],"replies":[{"embeddable":true,"href":"https:\/\/www.europesays.com\/fr\/wp-json\/wp\/v2\/comments?post=228042"}],"version-history":[{"count":0,"href":"https:\/\/www.europesays.com\/fr\/wp-json\/wp\/v2\/posts\/228042\/revisions"}],"wp:featuredmedia":[{"embeddable":true,"href":"https:\/\/www.europesays.com\/fr\/wp-json\/wp\/v2\/media\/228043"}],"wp:attachment":[{"href":"https:\/\/www.europesays.com\/fr\/wp-json\/wp\/v2\/media?parent=228042"}],"wp:term":[{"taxonomy":"category","embeddable":true,"href":"https:\/\/www.europesays.com\/fr\/wp-json\/wp\/v2\/categories?post=228042"},{"taxonomy":"post_tag","embeddable":true,"href":"https:\/\/www.europesays.com\/fr\/wp-json\/wp\/v2\/tags?post=228042"}],"curies":[{"name":"wp","href":"https:\/\/api.w.org\/{rel}","templated":true}]}}